{"id":996,"date":"2025-12-13T00:21:18","date_gmt":"2025-12-12T22:21:18","guid":{"rendered":"https:\/\/idays.ro\/blog\/?p=996"},"modified":"2025-11-23T00:36:38","modified_gmt":"2025-11-22T22:36:38","slug":"ce-poti-face-in-bucuresti-in-decembrie-2025-targuri-concerte-si-evenimente","status":"publish","type":"post","link":"https:\/\/idays.ro\/blog\/ce-poti-face-in-bucuresti-in-decembrie-2025-targuri-concerte-si-evenimente\/","title":{"rendered":"Ce po\u021bi face \u00een Bucure\u0219ti \u00een decembrie 2025 \u2013 t\u00e2rguri, concerte \u0219i evenimente"},"content":{"rendered":"<p>Decembrie 2025 promite s\u0103 fie o lun\u0103 vibrant\u0103 \u0219i plin\u0103 de activit\u0103\u021bi \u00een Bucure\u0219ti, capitala Rom\u00e2niei, care \u00ee\u0219i \u00eembrac\u0103 mantia festiv\u0103 \u00een perioada s\u0103rb\u0103torilor de iarn\u0103. De la t\u00e2rguri de Cr\u0103ciun la concerte \u0219i evenimente culturale, ora\u0219ul ofer\u0103 o gam\u0103 variat\u0103 de op\u021biuni pentru to\u021bi cei care doresc s\u0103 se bucure de atmosfera magic\u0103 a acestei perioade.<\/p>\n<p>Unul dintre cele mai a\u0219teptate evenimente ale anului este T\u00e2rgul de Cr\u0103ciun din Pia\u021ba Constitu\u021biei. Acesta se desf\u0103\u0219oar\u0103 pe parcursul \u00eentregii luni decembrie \u0219i ofer\u0103 vizitatorilor o experien\u021b\u0103 autentic\u0103 de s\u0103rb\u0103toare. De la delicatese tradi\u021bionale rom\u00e2ne\u0219ti, cum ar fi cozonaci \u0219i sarmale, p\u00e2n\u0103 la produse de artizanat \u0219i cadouri handmade, t\u00e2rgul atrage sute de mii de oameni \u00een fiecare an. Atmosfera este completat\u0103 de muzic\u0103 live, lumini str\u0103lucitoare \u0219i activit\u0103\u021bi pentru copii, inclusiv ateliere de crea\u021bie.<\/p>\n<p>\u00cen plus fa\u021b\u0103 de t\u00e2rg, ora\u0219ul g\u0103zduie\u0219te o serie de concerte \u0219i spectacole de Cr\u0103ciun. Una dintre cele mai populare atrac\u021bii este concertul de Cr\u0103ciun organizat la Ateneul Rom\u00e2n, unde arti\u0219ti renumi\u021bi interpreteaz\u0103 colinde \u0219i muzic\u0103 clasic\u0103, aduc\u00e2nd un omagiu spiritului s\u0103rb\u0103torilor. De asemenea, diverse teatre din Bucure\u0219ti pun \u00een scen\u0103 spectacole dedicate sezonului, inclusiv piese de teatru \u0219i balete inspirate de pove\u0219ti de Cr\u0103ciun.<\/p>\n<p>Pe l\u00e2ng\u0103 evenimentele culturale, Bucure\u0219tiul ofer\u0103 \u0219i o varietate de activit\u0103\u021bi recreative. Multe dintre parcurile ora\u0219ului sunt decorate cu lumini festive, iar patinoarele temporare sunt instalate \u00een diverse loca\u021bii, cum ar fi Pia\u021ba Universit\u0103\u021bii \u0219i Parcul Cismigiu. Patinajul pe ghea\u021b\u0103 devine astfel o activitate popular\u0103 pentru familii \u0219i prieteni, care se bucur\u0103 de vremea rece \u0219i de atmosfera de s\u0103rb\u0103toare.<\/p>\n<p>Un alt eveniment important \u00een decembrie 2025 este Festivalul Luminii, care aduce un spectacol de lumini \u0219i instala\u021bii artistice \u00een \u00eentreaga capital\u0103. Oaspe\u021bii pot explora diferite zone ale ora\u0219ului, unde arti\u0219ti locali \u0219i interna\u021bionali creeaz\u0103 lucr\u0103ri impresionante, transform\u00e2nd Bucure\u0219tiul \u00eentr-un adev\u0103rat muzeu \u00een aer liber. Acest festival este o oportunitate excelent\u0103 pentru a descoperi ora\u0219ul dintr-o alt\u0103 perspectiv\u0103, \u00een timp ce te bucuri de frumuse\u021bea artei contemporane.<\/p>\n<p>De asemenea, pentru iubitorii de sport, decembrie aduce meciuri de fotbal \u0219i baschet, unde echipele locale se confrunt\u0103 cu adversarii din campionatele na\u021bionale. Atmosfera din jurul acestor evenimente este electrizant\u0103, iar fanii se adun\u0103 pentru a-\u0219i sus\u021bine echipele preferate.<\/p>\n<p>\u00cen ceea ce prive\u0219te gastronomia, restaurantele din Bucure\u0219ti ofer\u0103 meniuri speciale de s\u0103rb\u0103tori, cu preparate tradi\u021bionale \u0219i interna\u021bionale. Este o perioad\u0103 ideal\u0103 pentru a explora buc\u0103t\u0103ria local\u0103, iar multe locuri organizeaz\u0103 seri tematice, unde vizitatorii pot \u00eenv\u0103\u021ba s\u0103 prepare re\u021bete specifice sezonului. De la turta dulce la m\u00e2nc\u0103ruri de sezon, op\u021biunile sunt variate \u0219i delicioase.<\/p>\n<p>\u00cen concluzie, decembrie 2025 va fi o lun\u0103 plin\u0103 de energie \u0219i festivitate \u00een Bucure\u0219ti, cu o mul\u021bime de activit\u0103\u021bi \u0219i evenimente care se adreseaz\u0103 tuturor gusturilor. Indiferent dac\u0103 e\u0219ti un localnic sau un turist, ora\u0219ul \u00ee\u021bi ofer\u0103 oportunit\u0103\u021bi unice de a te bucura de tradi\u021biile de Cr\u0103ciun, de art\u0103 \u0219i de cultur\u0103, f\u0103c\u00e2nd din aceast\u0103 perioad\u0103 una de neuitat. Nu rata ocazia de a explora toate minunile pe care Bucure\u0219tiul le are de oferit \u00een aceast\u0103 lun\u0103 magic\u0103!<\/p>\n","protected":false},"excerpt":{"rendered":"<p>Descoper\u0103 cele mai interesante evenimente \u0219i activit\u0103\u021bi din Bucure\u0219ti \u00een luna decembrie 2025, de la t\u00e2rguri de Cr\u0103ciun la concerte \u0219i activit\u0103\u021bi culturale.<\/p>\n","protected":false},"author":1,"featured_media":997,"comment_status":"open","ping_status":"open","sticky":false,"template":"","format":"standard","meta":{"footnotes":""},"categories":[5],"tags":[],"class_list":{"0":"post-996","1":"post","2":"type-post","3":"status-publish","4":"format-standard","5":"has-post-thumbnail","7":"category-timp-liber"},"yoast_head":"<!-- This site is optimized with the Yoast SEO plugin v26.9 - https:\/\/yoast.com\/product\/yoast-seo-wordpress\/ -->\n<title>Ce po\u021bi face \u00een Bucure\u0219ti \u00een decembrie 2025 \u2013 t\u00e2rguri, concerte \u0219i evenimente - IDAYS.RO BLOG<\/title>\n<meta name=\"robots\" content=\"index, follow, max-snippet:-1, max-image-preview:large, max-video-preview:-1\" \/>\n<link rel=\"canonical\" href=\"https:\/\/idays.ro\/blog\/ce-poti-face-in-bucuresti-in-decembrie-2025-targuri-concerte-si-evenimente\/\" \/>\n<meta property=\"og:locale\" content=\"ro_RO\" \/>\n<meta property=\"og:type\" content=\"article\" \/>\n<meta property=\"og:title\" content=\"Ce po\u021bi face \u00een Bucure\u0219ti \u00een decembrie 2025 \u2013 t\u00e2rguri, concerte \u0219i evenimente - IDAYS.RO BLOG\" \/>\n<meta property=\"og:description\" content=\"Descoper\u0103 cele mai interesante evenimente \u0219i activit\u0103\u021bi din Bucure\u0219ti \u00een luna decembrie 2025, de la t\u00e2rguri de Cr\u0103ciun la concerte \u0219i activit\u0103\u021bi culturale.\" \/>\n<meta property=\"og:url\" content=\"https:\/\/idays.ro\/blog\/ce-poti-face-in-bucuresti-in-decembrie-2025-targuri-concerte-si-evenimente\/\" \/>\n<meta property=\"og:site_name\" content=\"IDAYS.RO BLOG\" \/>\n<meta property=\"article:published_time\" content=\"2025-12-12T22:21:18+00:00\" \/>\n<meta property=\"og:image\" content=\"https:\/\/idays.ro\/blog\/wp-content\/uploads\/2025\/11\/6922375ec648d-pexels-cottonbro-4722574-min.jpg\" \/>\n\t<meta property=\"og:image:width\" content=\"1900\" \/>\n\t<meta property=\"og:image:height\" content=\"1267\" \/>\n\t<meta property=\"og:image:type\" content=\"image\/jpeg\" \/>\n<meta name=\"author\" content=\"liviu.andrei\" \/>\n<meta name=\"twitter:card\" content=\"summary_large_image\" \/>\n<meta name=\"twitter:label1\" content=\"Scris de\" \/>\n\t<meta name=\"twitter:data1\" content=\"liviu.andrei\" \/>\n\t<meta name=\"twitter:label2\" content=\"Timp estimat pentru citire\" \/>\n\t<meta name=\"twitter:data2\" content=\"3 minute\" \/>\n<script type=\"application\/ld+json\" class=\"yoast-schema-graph\">{\"@context\":\"https:\/\/schema.org\",\"@graph\":[{\"@type\":\"Article\",\"@id\":\"https:\/\/idays.ro\/blog\/ce-poti-face-in-bucuresti-in-decembrie-2025-targuri-concerte-si-evenimente\/#article\",\"isPartOf\":{\"@id\":\"https:\/\/idays.ro\/blog\/ce-poti-face-in-bucuresti-in-decembrie-2025-targuri-concerte-si-evenimente\/\"},\"author\":{\"name\":\"liviu.andrei\",\"@id\":\"https:\/\/idays.ro\/blog\/#\/schema\/person\/8b6552e1384e1ab28b8d3dc230212823\"},\"headline\":\"Ce po\u021bi face \u00een Bucure\u0219ti \u00een decembrie 2025 \u2013 t\u00e2rguri, concerte \u0219i evenimente\",\"datePublished\":\"2025-12-12T22:21:18+00:00\",\"mainEntityOfPage\":{\"@id\":\"https:\/\/idays.ro\/blog\/ce-poti-face-in-bucuresti-in-decembrie-2025-targuri-concerte-si-evenimente\/\"},\"wordCount\":598,\"commentCount\":0,\"image\":{\"@id\":\"https:\/\/idays.ro\/blog\/ce-poti-face-in-bucuresti-in-decembrie-2025-targuri-concerte-si-evenimente\/#primaryimage\"},\"thumbnailUrl\":\"https:\/\/idays.ro\/blog\/wp-content\/uploads\/2025\/11\/6922375ec648d-pexels-cottonbro-4722574-min.jpg\",\"articleSection\":[\"Timp liber\"],\"inLanguage\":\"ro-RO\",\"potentialAction\":[{\"@type\":\"CommentAction\",\"name\":\"Comment\",\"target\":[\"https:\/\/idays.ro\/blog\/ce-poti-face-in-bucuresti-in-decembrie-2025-targuri-concerte-si-evenimente\/#respond\"]}]},{\"@type\":\"WebPage\",\"@id\":\"https:\/\/idays.ro\/blog\/ce-poti-face-in-bucuresti-in-decembrie-2025-targuri-concerte-si-evenimente\/\",\"url\":\"https:\/\/idays.ro\/blog\/ce-poti-face-in-bucuresti-in-decembrie-2025-targuri-concerte-si-evenimente\/\",\"name\":\"Ce po\u021bi face \u00een Bucure\u0219ti \u00een decembrie 2025 \u2013 t\u00e2rguri, concerte \u0219i evenimente - IDAYS.RO BLOG\",\"isPartOf\":{\"@id\":\"https:\/\/idays.ro\/blog\/#website\"},\"primaryImageOfPage\":{\"@id\":\"https:\/\/idays.ro\/blog\/ce-poti-face-in-bucuresti-in-decembrie-2025-targuri-concerte-si-evenimente\/#primaryimage\"},\"image\":{\"@id\":\"https:\/\/idays.ro\/blog\/ce-poti-face-in-bucuresti-in-decembrie-2025-targuri-concerte-si-evenimente\/#primaryimage\"},\"thumbnailUrl\":\"https:\/\/idays.ro\/blog\/wp-content\/uploads\/2025\/11\/6922375ec648d-pexels-cottonbro-4722574-min.jpg\",\"datePublished\":\"2025-12-12T22:21:18+00:00\",\"author\":{\"@id\":\"https:\/\/idays.ro\/blog\/#\/schema\/person\/8b6552e1384e1ab28b8d3dc230212823\"},\"breadcrumb\":{\"@id\":\"https:\/\/idays.ro\/blog\/ce-poti-face-in-bucuresti-in-decembrie-2025-targuri-concerte-si-evenimente\/#breadcrumb\"},\"inLanguage\":\"ro-RO\",\"potentialAction\":[{\"@type\":\"ReadAction\",\"target\":[\"https:\/\/idays.ro\/blog\/ce-poti-face-in-bucuresti-in-decembrie-2025-targuri-concerte-si-evenimente\/\"]}]},{\"@type\":\"ImageObject\",\"inLanguage\":\"ro-RO\",\"@id\":\"https:\/\/idays.ro\/blog\/ce-poti-face-in-bucuresti-in-decembrie-2025-targuri-concerte-si-evenimente\/#primaryimage\",\"url\":\"https:\/\/idays.ro\/blog\/wp-content\/uploads\/2025\/11\/6922375ec648d-pexels-cottonbro-4722574-min.jpg\",\"contentUrl\":\"https:\/\/idays.ro\/blog\/wp-content\/uploads\/2025\/11\/6922375ec648d-pexels-cottonbro-4722574-min.jpg\",\"width\":1900,\"height\":1267},{\"@type\":\"BreadcrumbList\",\"@id\":\"https:\/\/idays.ro\/blog\/ce-poti-face-in-bucuresti-in-decembrie-2025-targuri-concerte-si-evenimente\/#breadcrumb\",\"itemListElement\":[{\"@type\":\"ListItem\",\"position\":1,\"name\":\"Prima pagin\u0103\",\"item\":\"https:\/\/idays.ro\/blog\/\"},{\"@type\":\"ListItem\",\"position\":2,\"name\":\"Ce po\u021bi face \u00een Bucure\u0219ti \u00een decembrie 2025 \u2013 t\u00e2rguri, concerte \u0219i evenimente\"}]},{\"@type\":\"WebSite\",\"@id\":\"https:\/\/idays.ro\/blog\/#website\",\"url\":\"https:\/\/idays.ro\/blog\/\",\"name\":\"IDAYS.RO BLOG\",\"description\":\"\",\"potentialAction\":[{\"@type\":\"SearchAction\",\"target\":{\"@type\":\"EntryPoint\",\"urlTemplate\":\"https:\/\/idays.ro\/blog\/?s={search_term_string}\"},\"query-input\":{\"@type\":\"PropertyValueSpecification\",\"valueRequired\":true,\"valueName\":\"search_term_string\"}}],\"inLanguage\":\"ro-RO\"},{\"@type\":\"Person\",\"@id\":\"https:\/\/idays.ro\/blog\/#\/schema\/person\/8b6552e1384e1ab28b8d3dc230212823\",\"name\":\"liviu.andrei\",\"image\":{\"@type\":\"ImageObject\",\"inLanguage\":\"ro-RO\",\"@id\":\"https:\/\/idays.ro\/blog\/#\/schema\/person\/image\/\",\"url\":\"https:\/\/secure.gravatar.com\/avatar\/b3f7b6799cd9cf49f1e5691003e23e3cdcfee36272b0a7e3863eb32ccb60b91a?s=96&d=mm&r=g\",\"contentUrl\":\"https:\/\/secure.gravatar.com\/avatar\/b3f7b6799cd9cf49f1e5691003e23e3cdcfee36272b0a7e3863eb32ccb60b91a?s=96&d=mm&r=g\",\"caption\":\"liviu.andrei\"},\"sameAs\":[\"https:\/\/idays.ro\/blog\"]}]}<\/script>\n<!-- \/ Yoast SEO plugin. -->","yoast_head_json":{"title":"Ce po\u021bi face \u00een Bucure\u0219ti \u00een decembrie 2025 \u2013 t\u00e2rguri, concerte \u0219i evenimente - IDAYS.RO BLOG","robots":{"index":"index","follow":"follow","max-snippet":"max-snippet:-1","max-image-preview":"max-image-preview:large","max-video-preview":"max-video-preview:-1"},"canonical":"https:\/\/idays.ro\/blog\/ce-poti-face-in-bucuresti-in-decembrie-2025-targuri-concerte-si-evenimente\/","og_locale":"ro_RO","og_type":"article","og_title":"Ce po\u021bi face \u00een Bucure\u0219ti \u00een decembrie 2025 \u2013 t\u00e2rguri, concerte \u0219i evenimente - IDAYS.RO BLOG","og_description":"Descoper\u0103 cele mai interesante evenimente \u0219i activit\u0103\u021bi din Bucure\u0219ti \u00een luna decembrie 2025, de la t\u00e2rguri de Cr\u0103ciun la concerte \u0219i activit\u0103\u021bi culturale.","og_url":"https:\/\/idays.ro\/blog\/ce-poti-face-in-bucuresti-in-decembrie-2025-targuri-concerte-si-evenimente\/","og_site_name":"IDAYS.RO BLOG","article_published_time":"2025-12-12T22:21:18+00:00","og_image":[{"width":1900,"height":1267,"url":"https:\/\/idays.ro\/blog\/wp-content\/uploads\/2025\/11\/6922375ec648d-pexels-cottonbro-4722574-min.jpg","type":"image\/jpeg"}],"author":"liviu.andrei","twitter_card":"summary_large_image","twitter_misc":{"Scris de":"liviu.andrei","Timp estimat pentru citire":"3 minute"},"schema":{"@context":"https:\/\/schema.org","@graph":[{"@type":"Article","@id":"https:\/\/idays.ro\/blog\/ce-poti-face-in-bucuresti-in-decembrie-2025-targuri-concerte-si-evenimente\/#article","isPartOf":{"@id":"https:\/\/idays.ro\/blog\/ce-poti-face-in-bucuresti-in-decembrie-2025-targuri-concerte-si-evenimente\/"},"author":{"name":"liviu.andrei","@id":"https:\/\/idays.ro\/blog\/#\/schema\/person\/8b6552e1384e1ab28b8d3dc230212823"},"headline":"Ce po\u021bi face \u00een Bucure\u0219ti \u00een decembrie 2025 \u2013 t\u00e2rguri, concerte \u0219i evenimente","datePublished":"2025-12-12T22:21:18+00:00","mainEntityOfPage":{"@id":"https:\/\/idays.ro\/blog\/ce-poti-face-in-bucuresti-in-decembrie-2025-targuri-concerte-si-evenimente\/"},"wordCount":598,"commentCount":0,"image":{"@id":"https:\/\/idays.ro\/blog\/ce-poti-face-in-bucuresti-in-decembrie-2025-targuri-concerte-si-evenimente\/#primaryimage"},"thumbnailUrl":"https:\/\/idays.ro\/blog\/wp-content\/uploads\/2025\/11\/6922375ec648d-pexels-cottonbro-4722574-min.jpg","articleSection":["Timp liber"],"inLanguage":"ro-RO","potentialAction":[{"@type":"CommentAction","name":"Comment","target":["https:\/\/idays.ro\/blog\/ce-poti-face-in-bucuresti-in-decembrie-2025-targuri-concerte-si-evenimente\/#respond"]}]},{"@type":"WebPage","@id":"https:\/\/idays.ro\/blog\/ce-poti-face-in-bucuresti-in-decembrie-2025-targuri-concerte-si-evenimente\/","url":"https:\/\/idays.ro\/blog\/ce-poti-face-in-bucuresti-in-decembrie-2025-targuri-concerte-si-evenimente\/","name":"Ce po\u021bi face \u00een Bucure\u0219ti \u00een decembrie 2025 \u2013 t\u00e2rguri, concerte \u0219i evenimente - IDAYS.RO BLOG","isPartOf":{"@id":"https:\/\/idays.ro\/blog\/#website"},"primaryImageOfPage":{"@id":"https:\/\/idays.ro\/blog\/ce-poti-face-in-bucuresti-in-decembrie-2025-targuri-concerte-si-evenimente\/#primaryimage"},"image":{"@id":"https:\/\/idays.ro\/blog\/ce-poti-face-in-bucuresti-in-decembrie-2025-targuri-concerte-si-evenimente\/#primaryimage"},"thumbnailUrl":"https:\/\/idays.ro\/blog\/wp-content\/uploads\/2025\/11\/6922375ec648d-pexels-cottonbro-4722574-min.jpg","datePublished":"2025-12-12T22:21:18+00:00","author":{"@id":"https:\/\/idays.ro\/blog\/#\/schema\/person\/8b6552e1384e1ab28b8d3dc230212823"},"breadcrumb":{"@id":"https:\/\/idays.ro\/blog\/ce-poti-face-in-bucuresti-in-decembrie-2025-targuri-concerte-si-evenimente\/#breadcrumb"},"inLanguage":"ro-RO","potentialAction":[{"@type":"ReadAction","target":["https:\/\/idays.ro\/blog\/ce-poti-face-in-bucuresti-in-decembrie-2025-targuri-concerte-si-evenimente\/"]}]},{"@type":"ImageObject","inLanguage":"ro-RO","@id":"https:\/\/idays.ro\/blog\/ce-poti-face-in-bucuresti-in-decembrie-2025-targuri-concerte-si-evenimente\/#primaryimage","url":"https:\/\/idays.ro\/blog\/wp-content\/uploads\/2025\/11\/6922375ec648d-pexels-cottonbro-4722574-min.jpg","contentUrl":"https:\/\/idays.ro\/blog\/wp-content\/uploads\/2025\/11\/6922375ec648d-pexels-cottonbro-4722574-min.jpg","width":1900,"height":1267},{"@type":"BreadcrumbList","@id":"https:\/\/idays.ro\/blog\/ce-poti-face-in-bucuresti-in-decembrie-2025-targuri-concerte-si-evenimente\/#breadcrumb","itemListElement":[{"@type":"ListItem","position":1,"name":"Prima pagin\u0103","item":"https:\/\/idays.ro\/blog\/"},{"@type":"ListItem","position":2,"name":"Ce po\u021bi face \u00een Bucure\u0219ti \u00een decembrie 2025 \u2013 t\u00e2rguri, concerte \u0219i evenimente"}]},{"@type":"WebSite","@id":"https:\/\/idays.ro\/blog\/#website","url":"https:\/\/idays.ro\/blog\/","name":"IDAYS.RO BLOG","description":"","potentialAction":[{"@type":"SearchAction","target":{"@type":"EntryPoint","urlTemplate":"https:\/\/idays.ro\/blog\/?s={search_term_string}"},"query-input":{"@type":"PropertyValueSpecification","valueRequired":true,"valueName":"search_term_string"}}],"inLanguage":"ro-RO"},{"@type":"Person","@id":"https:\/\/idays.ro\/blog\/#\/schema\/person\/8b6552e1384e1ab28b8d3dc230212823","name":"liviu.andrei","image":{"@type":"ImageObject","inLanguage":"ro-RO","@id":"https:\/\/idays.ro\/blog\/#\/schema\/person\/image\/","url":"https:\/\/secure.gravatar.com\/avatar\/b3f7b6799cd9cf49f1e5691003e23e3cdcfee36272b0a7e3863eb32ccb60b91a?s=96&d=mm&r=g","contentUrl":"https:\/\/secure.gravatar.com\/avatar\/b3f7b6799cd9cf49f1e5691003e23e3cdcfee36272b0a7e3863eb32ccb60b91a?s=96&d=mm&r=g","caption":"liviu.andrei"},"sameAs":["https:\/\/idays.ro\/blog"]}]}},"_links":{"self":[{"href":"https:\/\/idays.ro\/blog\/wp-json\/wp\/v2\/posts\/996","targetHints":{"allow":["GET"]}}],"collection":[{"href":"https:\/\/idays.ro\/blog\/wp-json\/wp\/v2\/posts"}],"about":[{"href":"https:\/\/idays.ro\/blog\/wp-json\/wp\/v2\/types\/post"}],"author":[{"embeddable":true,"href":"https:\/\/idays.ro\/blog\/wp-json\/wp\/v2\/users\/1"}],"replies":[{"embeddable":true,"href":"https:\/\/idays.ro\/blog\/wp-json\/wp\/v2\/comments?post=996"}],"version-history":[{"count":1,"href":"https:\/\/idays.ro\/blog\/wp-json\/wp\/v2\/posts\/996\/revisions"}],"predecessor-version":[{"id":1035,"href":"https:\/\/idays.ro\/blog\/wp-json\/wp\/v2\/posts\/996\/revisions\/1035"}],"wp:featuredmedia":[{"embeddable":true,"href":"https:\/\/idays.ro\/blog\/wp-json\/wp\/v2\/media\/997"}],"wp:attachment":[{"href":"https:\/\/idays.ro\/blog\/wp-json\/wp\/v2\/media?parent=996"}],"wp:term":[{"taxonomy":"category","embeddable":true,"href":"https:\/\/idays.ro\/blog\/wp-json\/wp\/v2\/categories?post=996"},{"taxonomy":"post_tag","embeddable":true,"href":"https:\/\/idays.ro\/blog\/wp-json\/wp\/v2\/tags?post=996"}],"curies":[{"name":"wp","href":"https:\/\/api.w.org\/{rel}","templated":true}]}}