{"id":994,"date":"2025-12-14T00:20:51","date_gmt":"2025-12-13T22:20:51","guid":{"rendered":"https:\/\/idays.ro\/blog\/?p=994"},"modified":"2025-11-23T00:37:05","modified_gmt":"2025-11-22T22:37:05","slug":"top-destinatii-unde-sa-vezi-luminitele-de-craciun-in-romania-in-decembrie-2025","status":"publish","type":"post","link":"https:\/\/idays.ro\/blog\/top-destinatii-unde-sa-vezi-luminitele-de-craciun-in-romania-in-decembrie-2025\/","title":{"rendered":"Top destina\u021bii unde s\u0103 vezi lumini\u021bele de Cr\u0103ciun \u00een Rom\u00e2nia \u00een decembrie 2025"},"content":{"rendered":"<p>Decembrie este o lun\u0103 special\u0103, c\u00e2nd ora\u0219ele din Rom\u00e2nia se transform\u0103 \u00een adev\u0103rate t\u0103r\u00e2muri de poveste, pline de lumini\u021be \u0219i decoruri festive. Dac\u0103 te g\u00e2nde\u0219ti unde s\u0103 \u00ee\u021bi petreci s\u0103rb\u0103torile de iarn\u0103, iat\u0103 c\u00e2teva destina\u021bii de neratat pentru a te bucura de magia Cr\u0103ciunului \u00een 2025.<\/p>\n<p><strong>Bucure\u0219ti<\/strong><\/p>\n<p>Capitala Rom\u00e2niei, Bucure\u0219ti, este plin\u0103 de via\u021b\u0103 \u0219i energie \u00een perioada s\u0103rb\u0103torilor de iarn\u0103. Anul acesta, Bulevardul Unirii va str\u0103luci mai mult ca niciodat\u0103, cu instala\u021bii de lumini care se \u00eentind pe \u00eentreaga lungime a aleii. Pia\u021ba Universit\u0103\u021bii \u0219i Pia\u021ba Victoriei devin centre de atrac\u021bie, cu t\u00e2rguri de Cr\u0103ciun care ofer\u0103 produse tradi\u021bionale, dulciuri \u0219i vin fiert. Nu rata\u021bi iluminatul de s\u0103rb\u0103toare de pe Calea Victoriei, unde fiecare cl\u0103dire istoric\u0103 este decorat\u0103 cu mii de lumini\u021be.<\/p>\n<p><strong>Cluj-Napoca<\/strong><\/p>\n<p>Cluj-Napoca, ora\u0219ul inima al Transilvaniei, se transform\u0103 \u00eentr-un loc de basm \u00een decembrie. Pia\u021ba Unirii devine centrul festivit\u0103\u021bilor, cu un brad impun\u0103tor \u0219i un t\u00e2rg plin de bun\u0103t\u0103\u021bi. Instala\u021biile de lumini de pe str\u0103zile ora\u0219ului creeaz\u0103 o atmosfer\u0103 deosebit\u0103, iar evenimentele culturale, cum ar fi concertele de colinde, adaug\u0103 un plus de magie. Nu uita s\u0103 vizitezi \u0219i Gr\u0103dina Botanic\u0103, care este iluminat\u0103 spectaculos \u00een fiecare an.<\/p>\n<p><strong>Sibiu<\/strong><\/p>\n<p>Sibiu este renumit pentru t\u00e2rgul s\u0103u de Cr\u0103ciun, considerat unul dintre cele mai frumoase din \u021bar\u0103. Pia\u021ba Mare devine un loc de \u00eent\u00e2lnire pentru vizitatori, unde po\u021bi savura preparate tradi\u021bionale, b\u0103uturi calde \u0219i me\u0219te\u0219uguri locale. Lumini\u021bele care \u00eempodobesc ora\u0219ul adaug\u0103 o not\u0103 de romantism, iar atmosfera medieval\u0103 contribuie la farmecul locului. Nu rata\u021bi ocazia de a explora str\u0103du\u021bele \u00eenguste, care sunt \u0219i ele decorate cu ghirlande de lumini.<\/p>\n<p><strong>Bra\u0219ov<\/strong><\/p>\n<p>Situat la poalele muntelui Tampa, Bra\u0219ov este un alt ora\u0219 de vis \u00een perioada s\u0103rb\u0103torilor. Pia\u021ba Sfatului, cu arhitectura sa gotic\u0103 \u0219i renascentist\u0103, g\u0103zduie\u0219te un t\u00e2rg de Cr\u0103ciun plin de produse artizanale \u0219i delicii culinare. Un brad uria\u0219 \u0219i instala\u021bii de lumini str\u0103lucitoare transform\u0103 centrul ora\u0219ului \u00eentr-un loc feeric. Po\u021bi s\u0103 te bucuri de o plimbare pe str\u0103du\u021bele istorice sau s\u0103 urci pe Tampa pentru o vedere panoramic\u0103 asupra ora\u0219ului iluminat.<\/p>\n<p><strong>Oradea<\/strong><\/p>\n<p>Oradea a devenit o destina\u021bie popular\u0103 \u00een ultimii ani, cu investi\u021bii semnificative \u00een infrastructur\u0103 \u0219i turism. T\u00e2rgul de Cr\u0103ciun din Pia\u021ba Unirii ofer\u0103 o selec\u021bie variat\u0103 de produse tradi\u021bionale, iar instala\u021biile de lumini adaug\u0103 un plus de str\u0103lucire. Palatul Vulturul Negru \u0219i alte cl\u0103diri istorice sunt decorate cu ghirlande luminoase, cre\u00e2nd o atmosfer\u0103 de poveste. De asemenea, nu uita s\u0103 vizitezi b\u0103ile termale din apropiere pentru o experien\u021b\u0103 de relaxare.<\/p>\n<p><strong>Ia\u0219i<\/strong><\/p>\n<p>Ia\u0219i, ora\u0219ul cultural al Rom\u00e2niei, aduce un farmec aparte \u00een perioada s\u0103rb\u0103torilor. Pia\u021ba Unirii devine centrul festivit\u0103\u021bilor, cu un brad imens \u0219i un t\u00e2rg de Cr\u0103ciun plin de produse locale. Str\u0103zile ora\u0219ului sunt decorate cu lumini\u021be, iar atmosfera este completat\u0103 de evenimentele culturale care au loc pe parcursul lunii. O plimbare pe Bulevardul \u0218tefan cel Mare, luminat festiv, este o experien\u021b\u0103 de neuitat.<\/p>\n<p>Indiferent de destina\u021bia aleas\u0103, lumini\u021bele de Cr\u0103ciun din Rom\u00e2nia te vor surprinde \u0219i \u00ee\u021bi vor umple inima de bucurie. S\u0103rb\u0103torile de iarn\u0103 sunt o ocazie perfect\u0103 de a petrece timp cu cei dragi \u0219i de a te bucura de tradi\u021bii, magie \u0219i momente de neuitat. A\u0219adar, preg\u0103te\u0219te-te pentru o decembrie plin\u0103 de str\u0103lucire \u00een Rom\u00e2nia!<\/p>\n","protected":false},"excerpt":{"rendered":"<p>Descoper\u0103 cele mai fermec\u0103toare loca\u021bii din Rom\u00e2nia unde po\u021bi admira lumini\u021bele de Cr\u0103ciun, transform\u00e2nd fiecare ora\u0219 \u00eentr-un loc magic \u00een luna decembrie.<\/p>\n","protected":false},"author":1,"featured_media":900,"comment_status":"open","ping_status":"open","sticky":false,"template":"","format":"standard","meta":{"footnotes":""},"categories":[5],"tags":[],"class_list":{"0":"post-994","1":"post","2":"type-post","3":"status-publish","4":"format-standard","5":"has-post-thumbnail","7":"category-timp-liber"},"yoast_head":"<!-- This site is optimized with the Yoast SEO plugin v26.9 - https:\/\/yoast.com\/product\/yoast-seo-wordpress\/ -->\n<title>Top destina\u021bii unde s\u0103 vezi lumini\u021bele de Cr\u0103ciun \u00een Rom\u00e2nia \u00een decembrie 2025 - IDAYS.RO BLOG<\/title>\n<meta name=\"robots\" content=\"index, follow, max-snippet:-1, max-image-preview:large, max-video-preview:-1\" \/>\n<link rel=\"canonical\" href=\"https:\/\/idays.ro\/blog\/top-destinatii-unde-sa-vezi-luminitele-de-craciun-in-romania-in-decembrie-2025\/\" \/>\n<meta property=\"og:locale\" content=\"ro_RO\" \/>\n<meta property=\"og:type\" content=\"article\" \/>\n<meta property=\"og:title\" content=\"Top destina\u021bii unde s\u0103 vezi lumini\u021bele de Cr\u0103ciun \u00een Rom\u00e2nia \u00een decembrie 2025 - IDAYS.RO BLOG\" \/>\n<meta property=\"og:description\" content=\"Descoper\u0103 cele mai fermec\u0103toare loca\u021bii din Rom\u00e2nia unde po\u021bi admira lumini\u021bele de Cr\u0103ciun, transform\u00e2nd fiecare ora\u0219 \u00eentr-un loc magic \u00een luna decembrie.\" \/>\n<meta property=\"og:url\" content=\"https:\/\/idays.ro\/blog\/top-destinatii-unde-sa-vezi-luminitele-de-craciun-in-romania-in-decembrie-2025\/\" \/>\n<meta property=\"og:site_name\" content=\"IDAYS.RO BLOG\" \/>\n<meta property=\"article:published_time\" content=\"2025-12-13T22:20:51+00:00\" \/>\n<meta property=\"og:image\" content=\"https:\/\/idays.ro\/blog\/wp-content\/uploads\/2025\/10\/68eebabec6c2f-pexels-rdne-8489357-min.jpg\" \/>\n\t<meta property=\"og:image:width\" content=\"1900\" \/>\n\t<meta property=\"og:image:height\" content=\"1267\" \/>\n\t<meta property=\"og:image:type\" content=\"image\/jpeg\" \/>\n<meta name=\"author\" content=\"liviu.andrei\" \/>\n<meta name=\"twitter:card\" content=\"summary_large_image\" \/>\n<meta name=\"twitter:label1\" content=\"Scris de\" \/>\n\t<meta name=\"twitter:data1\" content=\"liviu.andrei\" \/>\n\t<meta name=\"twitter:label2\" content=\"Timp estimat pentru citire\" \/>\n\t<meta name=\"twitter:data2\" content=\"4 minute\" \/>\n<script type=\"application\/ld+json\" class=\"yoast-schema-graph\">{\"@context\":\"https:\/\/schema.org\",\"@graph\":[{\"@type\":\"Article\",\"@id\":\"https:\/\/idays.ro\/blog\/top-destinatii-unde-sa-vezi-luminitele-de-craciun-in-romania-in-decembrie-2025\/#article\",\"isPartOf\":{\"@id\":\"https:\/\/idays.ro\/blog\/top-destinatii-unde-sa-vezi-luminitele-de-craciun-in-romania-in-decembrie-2025\/\"},\"author\":{\"name\":\"liviu.andrei\",\"@id\":\"https:\/\/idays.ro\/blog\/#\/schema\/person\/8b6552e1384e1ab28b8d3dc230212823\"},\"headline\":\"Top destina\u021bii unde s\u0103 vezi lumini\u021bele de Cr\u0103ciun \u00een Rom\u00e2nia \u00een decembrie 2025\",\"datePublished\":\"2025-12-13T22:20:51+00:00\",\"mainEntityOfPage\":{\"@id\":\"https:\/\/idays.ro\/blog\/top-destinatii-unde-sa-vezi-luminitele-de-craciun-in-romania-in-decembrie-2025\/\"},\"wordCount\":649,\"commentCount\":0,\"image\":{\"@id\":\"https:\/\/idays.ro\/blog\/top-destinatii-unde-sa-vezi-luminitele-de-craciun-in-romania-in-decembrie-2025\/#primaryimage\"},\"thumbnailUrl\":\"https:\/\/idays.ro\/blog\/wp-content\/uploads\/2025\/10\/68eebabec6c2f-pexels-rdne-8489357-min.jpg\",\"articleSection\":[\"Timp liber\"],\"inLanguage\":\"ro-RO\",\"potentialAction\":[{\"@type\":\"CommentAction\",\"name\":\"Comment\",\"target\":[\"https:\/\/idays.ro\/blog\/top-destinatii-unde-sa-vezi-luminitele-de-craciun-in-romania-in-decembrie-2025\/#respond\"]}]},{\"@type\":\"WebPage\",\"@id\":\"https:\/\/idays.ro\/blog\/top-destinatii-unde-sa-vezi-luminitele-de-craciun-in-romania-in-decembrie-2025\/\",\"url\":\"https:\/\/idays.ro\/blog\/top-destinatii-unde-sa-vezi-luminitele-de-craciun-in-romania-in-decembrie-2025\/\",\"name\":\"Top destina\u021bii unde s\u0103 vezi lumini\u021bele de Cr\u0103ciun \u00een Rom\u00e2nia \u00een decembrie 2025 - IDAYS.RO BLOG\",\"isPartOf\":{\"@id\":\"https:\/\/idays.ro\/blog\/#website\"},\"primaryImageOfPage\":{\"@id\":\"https:\/\/idays.ro\/blog\/top-destinatii-unde-sa-vezi-luminitele-de-craciun-in-romania-in-decembrie-2025\/#primaryimage\"},\"image\":{\"@id\":\"https:\/\/idays.ro\/blog\/top-destinatii-unde-sa-vezi-luminitele-de-craciun-in-romania-in-decembrie-2025\/#primaryimage\"},\"thumbnailUrl\":\"https:\/\/idays.ro\/blog\/wp-content\/uploads\/2025\/10\/68eebabec6c2f-pexels-rdne-8489357-min.jpg\",\"datePublished\":\"2025-12-13T22:20:51+00:00\",\"author\":{\"@id\":\"https:\/\/idays.ro\/blog\/#\/schema\/person\/8b6552e1384e1ab28b8d3dc230212823\"},\"breadcrumb\":{\"@id\":\"https:\/\/idays.ro\/blog\/top-destinatii-unde-sa-vezi-luminitele-de-craciun-in-romania-in-decembrie-2025\/#breadcrumb\"},\"inLanguage\":\"ro-RO\",\"potentialAction\":[{\"@type\":\"ReadAction\",\"target\":[\"https:\/\/idays.ro\/blog\/top-destinatii-unde-sa-vezi-luminitele-de-craciun-in-romania-in-decembrie-2025\/\"]}]},{\"@type\":\"ImageObject\",\"inLanguage\":\"ro-RO\",\"@id\":\"https:\/\/idays.ro\/blog\/top-destinatii-unde-sa-vezi-luminitele-de-craciun-in-romania-in-decembrie-2025\/#primaryimage\",\"url\":\"https:\/\/idays.ro\/blog\/wp-content\/uploads\/2025\/10\/68eebabec6c2f-pexels-rdne-8489357-min.jpg\",\"contentUrl\":\"https:\/\/idays.ro\/blog\/wp-content\/uploads\/2025\/10\/68eebabec6c2f-pexels-rdne-8489357-min.jpg\",\"width\":1900,\"height\":1267},{\"@type\":\"BreadcrumbList\",\"@id\":\"https:\/\/idays.ro\/blog\/top-destinatii-unde-sa-vezi-luminitele-de-craciun-in-romania-in-decembrie-2025\/#breadcrumb\",\"itemListElement\":[{\"@type\":\"ListItem\",\"position\":1,\"name\":\"Prima pagin\u0103\",\"item\":\"https:\/\/idays.ro\/blog\/\"},{\"@type\":\"ListItem\",\"position\":2,\"name\":\"Top destina\u021bii unde s\u0103 vezi lumini\u021bele de Cr\u0103ciun \u00een Rom\u00e2nia \u00een decembrie 2025\"}]},{\"@type\":\"WebSite\",\"@id\":\"https:\/\/idays.ro\/blog\/#website\",\"url\":\"https:\/\/idays.ro\/blog\/\",\"name\":\"IDAYS.RO BLOG\",\"description\":\"\",\"potentialAction\":[{\"@type\":\"SearchAction\",\"target\":{\"@type\":\"EntryPoint\",\"urlTemplate\":\"https:\/\/idays.ro\/blog\/?s={search_term_string}\"},\"query-input\":{\"@type\":\"PropertyValueSpecification\",\"valueRequired\":true,\"valueName\":\"search_term_string\"}}],\"inLanguage\":\"ro-RO\"},{\"@type\":\"Person\",\"@id\":\"https:\/\/idays.ro\/blog\/#\/schema\/person\/8b6552e1384e1ab28b8d3dc230212823\",\"name\":\"liviu.andrei\",\"image\":{\"@type\":\"ImageObject\",\"inLanguage\":\"ro-RO\",\"@id\":\"https:\/\/idays.ro\/blog\/#\/schema\/person\/image\/\",\"url\":\"https:\/\/secure.gravatar.com\/avatar\/b3f7b6799cd9cf49f1e5691003e23e3cdcfee36272b0a7e3863eb32ccb60b91a?s=96&d=mm&r=g\",\"contentUrl\":\"https:\/\/secure.gravatar.com\/avatar\/b3f7b6799cd9cf49f1e5691003e23e3cdcfee36272b0a7e3863eb32ccb60b91a?s=96&d=mm&r=g\",\"caption\":\"liviu.andrei\"},\"sameAs\":[\"https:\/\/idays.ro\/blog\"]}]}<\/script>\n<!-- \/ Yoast SEO plugin. -->","yoast_head_json":{"title":"Top destina\u021bii unde s\u0103 vezi lumini\u021bele de Cr\u0103ciun \u00een Rom\u00e2nia \u00een decembrie 2025 - IDAYS.RO BLOG","robots":{"index":"index","follow":"follow","max-snippet":"max-snippet:-1","max-image-preview":"max-image-preview:large","max-video-preview":"max-video-preview:-1"},"canonical":"https:\/\/idays.ro\/blog\/top-destinatii-unde-sa-vezi-luminitele-de-craciun-in-romania-in-decembrie-2025\/","og_locale":"ro_RO","og_type":"article","og_title":"Top destina\u021bii unde s\u0103 vezi lumini\u021bele de Cr\u0103ciun \u00een Rom\u00e2nia \u00een decembrie 2025 - IDAYS.RO BLOG","og_description":"Descoper\u0103 cele mai fermec\u0103toare loca\u021bii din Rom\u00e2nia unde po\u021bi admira lumini\u021bele de Cr\u0103ciun, transform\u00e2nd fiecare ora\u0219 \u00eentr-un loc magic \u00een luna decembrie.","og_url":"https:\/\/idays.ro\/blog\/top-destinatii-unde-sa-vezi-luminitele-de-craciun-in-romania-in-decembrie-2025\/","og_site_name":"IDAYS.RO BLOG","article_published_time":"2025-12-13T22:20:51+00:00","og_image":[{"width":1900,"height":1267,"url":"https:\/\/idays.ro\/blog\/wp-content\/uploads\/2025\/10\/68eebabec6c2f-pexels-rdne-8489357-min.jpg","type":"image\/jpeg"}],"author":"liviu.andrei","twitter_card":"summary_large_image","twitter_misc":{"Scris de":"liviu.andrei","Timp estimat pentru citire":"4 minute"},"schema":{"@context":"https:\/\/schema.org","@graph":[{"@type":"Article","@id":"https:\/\/idays.ro\/blog\/top-destinatii-unde-sa-vezi-luminitele-de-craciun-in-romania-in-decembrie-2025\/#article","isPartOf":{"@id":"https:\/\/idays.ro\/blog\/top-destinatii-unde-sa-vezi-luminitele-de-craciun-in-romania-in-decembrie-2025\/"},"author":{"name":"liviu.andrei","@id":"https:\/\/idays.ro\/blog\/#\/schema\/person\/8b6552e1384e1ab28b8d3dc230212823"},"headline":"Top destina\u021bii unde s\u0103 vezi lumini\u021bele de Cr\u0103ciun \u00een Rom\u00e2nia \u00een decembrie 2025","datePublished":"2025-12-13T22:20:51+00:00","mainEntityOfPage":{"@id":"https:\/\/idays.ro\/blog\/top-destinatii-unde-sa-vezi-luminitele-de-craciun-in-romania-in-decembrie-2025\/"},"wordCount":649,"commentCount":0,"image":{"@id":"https:\/\/idays.ro\/blog\/top-destinatii-unde-sa-vezi-luminitele-de-craciun-in-romania-in-decembrie-2025\/#primaryimage"},"thumbnailUrl":"https:\/\/idays.ro\/blog\/wp-content\/uploads\/2025\/10\/68eebabec6c2f-pexels-rdne-8489357-min.jpg","articleSection":["Timp liber"],"inLanguage":"ro-RO","potentialAction":[{"@type":"CommentAction","name":"Comment","target":["https:\/\/idays.ro\/blog\/top-destinatii-unde-sa-vezi-luminitele-de-craciun-in-romania-in-decembrie-2025\/#respond"]}]},{"@type":"WebPage","@id":"https:\/\/idays.ro\/blog\/top-destinatii-unde-sa-vezi-luminitele-de-craciun-in-romania-in-decembrie-2025\/","url":"https:\/\/idays.ro\/blog\/top-destinatii-unde-sa-vezi-luminitele-de-craciun-in-romania-in-decembrie-2025\/","name":"Top destina\u021bii unde s\u0103 vezi lumini\u021bele de Cr\u0103ciun \u00een Rom\u00e2nia \u00een decembrie 2025 - IDAYS.RO BLOG","isPartOf":{"@id":"https:\/\/idays.ro\/blog\/#website"},"primaryImageOfPage":{"@id":"https:\/\/idays.ro\/blog\/top-destinatii-unde-sa-vezi-luminitele-de-craciun-in-romania-in-decembrie-2025\/#primaryimage"},"image":{"@id":"https:\/\/idays.ro\/blog\/top-destinatii-unde-sa-vezi-luminitele-de-craciun-in-romania-in-decembrie-2025\/#primaryimage"},"thumbnailUrl":"https:\/\/idays.ro\/blog\/wp-content\/uploads\/2025\/10\/68eebabec6c2f-pexels-rdne-8489357-min.jpg","datePublished":"2025-12-13T22:20:51+00:00","author":{"@id":"https:\/\/idays.ro\/blog\/#\/schema\/person\/8b6552e1384e1ab28b8d3dc230212823"},"breadcrumb":{"@id":"https:\/\/idays.ro\/blog\/top-destinatii-unde-sa-vezi-luminitele-de-craciun-in-romania-in-decembrie-2025\/#breadcrumb"},"inLanguage":"ro-RO","potentialAction":[{"@type":"ReadAction","target":["https:\/\/idays.ro\/blog\/top-destinatii-unde-sa-vezi-luminitele-de-craciun-in-romania-in-decembrie-2025\/"]}]},{"@type":"ImageObject","inLanguage":"ro-RO","@id":"https:\/\/idays.ro\/blog\/top-destinatii-unde-sa-vezi-luminitele-de-craciun-in-romania-in-decembrie-2025\/#primaryimage","url":"https:\/\/idays.ro\/blog\/wp-content\/uploads\/2025\/10\/68eebabec6c2f-pexels-rdne-8489357-min.jpg","contentUrl":"https:\/\/idays.ro\/blog\/wp-content\/uploads\/2025\/10\/68eebabec6c2f-pexels-rdne-8489357-min.jpg","width":1900,"height":1267},{"@type":"BreadcrumbList","@id":"https:\/\/idays.ro\/blog\/top-destinatii-unde-sa-vezi-luminitele-de-craciun-in-romania-in-decembrie-2025\/#breadcrumb","itemListElement":[{"@type":"ListItem","position":1,"name":"Prima pagin\u0103","item":"https:\/\/idays.ro\/blog\/"},{"@type":"ListItem","position":2,"name":"Top destina\u021bii unde s\u0103 vezi lumini\u021bele de Cr\u0103ciun \u00een Rom\u00e2nia \u00een decembrie 2025"}]},{"@type":"WebSite","@id":"https:\/\/idays.ro\/blog\/#website","url":"https:\/\/idays.ro\/blog\/","name":"IDAYS.RO BLOG","description":"","potentialAction":[{"@type":"SearchAction","target":{"@type":"EntryPoint","urlTemplate":"https:\/\/idays.ro\/blog\/?s={search_term_string}"},"query-input":{"@type":"PropertyValueSpecification","valueRequired":true,"valueName":"search_term_string"}}],"inLanguage":"ro-RO"},{"@type":"Person","@id":"https:\/\/idays.ro\/blog\/#\/schema\/person\/8b6552e1384e1ab28b8d3dc230212823","name":"liviu.andrei","image":{"@type":"ImageObject","inLanguage":"ro-RO","@id":"https:\/\/idays.ro\/blog\/#\/schema\/person\/image\/","url":"https:\/\/secure.gravatar.com\/avatar\/b3f7b6799cd9cf49f1e5691003e23e3cdcfee36272b0a7e3863eb32ccb60b91a?s=96&d=mm&r=g","contentUrl":"https:\/\/secure.gravatar.com\/avatar\/b3f7b6799cd9cf49f1e5691003e23e3cdcfee36272b0a7e3863eb32ccb60b91a?s=96&d=mm&r=g","caption":"liviu.andrei"},"sameAs":["https:\/\/idays.ro\/blog"]}]}},"_links":{"self":[{"href":"https:\/\/idays.ro\/blog\/wp-json\/wp\/v2\/posts\/994","targetHints":{"allow":["GET"]}}],"collection":[{"href":"https:\/\/idays.ro\/blog\/wp-json\/wp\/v2\/posts"}],"about":[{"href":"https:\/\/idays.ro\/blog\/wp-json\/wp\/v2\/types\/post"}],"author":[{"embeddable":true,"href":"https:\/\/idays.ro\/blog\/wp-json\/wp\/v2\/users\/1"}],"replies":[{"embeddable":true,"href":"https:\/\/idays.ro\/blog\/wp-json\/wp\/v2\/comments?post=994"}],"version-history":[{"count":1,"href":"https:\/\/idays.ro\/blog\/wp-json\/wp\/v2\/posts\/994\/revisions"}],"predecessor-version":[{"id":1036,"href":"https:\/\/idays.ro\/blog\/wp-json\/wp\/v2\/posts\/994\/revisions\/1036"}],"wp:featuredmedia":[{"embeddable":true,"href":"https:\/\/idays.ro\/blog\/wp-json\/wp\/v2\/media\/900"}],"wp:attachment":[{"href":"https:\/\/idays.ro\/blog\/wp-json\/wp\/v2\/media?parent=994"}],"wp:term":[{"taxonomy":"category","embeddable":true,"href":"https:\/\/idays.ro\/blog\/wp-json\/wp\/v2\/categories?post=994"},{"taxonomy":"post_tag","embeddable":true,"href":"https:\/\/idays.ro\/blog\/wp-json\/wp\/v2\/tags?post=994"}],"curies":[{"name":"wp","href":"https:\/\/api.w.org\/{rel}","templated":true}]}}