{"id":989,"date":"2025-11-25T15:24:53","date_gmt":"2025-11-25T13:24:53","guid":{"rendered":"https:\/\/idays.ro\/blog\/?p=989"},"modified":"2025-11-07T17:50:45","modified_gmt":"2025-11-07T15:50:45","slug":"traditii-si-obiceiuri-de-sfarsit-de-toamna-ce-se-spune-despre-vremea-de-iarna","status":"publish","type":"post","link":"https:\/\/idays.ro\/blog\/traditii-si-obiceiuri-de-sfarsit-de-toamna-ce-se-spune-despre-vremea-de-iarna\/","title":{"rendered":"Tradi\u021bii \u0219i obiceiuri de sf\u00e2r\u0219it de toamn\u0103 \u2013 ce se spune despre vremea de iarn\u0103"},"content":{"rendered":"<p>Pe m\u0103sur\u0103 ce zilele devin mai scurte \u0219i frunzele copacilor \u00ee\u0219i schimb\u0103 culoarea, sf\u00e2r\u0219itul de toamn\u0103 ne aduce nu doar o frumuse\u021be natural\u0103, ci \u0219i o bog\u0103\u021bie de tradi\u021bii \u0219i obiceiuri str\u0103vechi. Aceste practici, transmise din genera\u021bie \u00een genera\u021bie, sunt adesea legate de observa\u021biile referitoare la vreme \u0219i la cum va fi iarna ce urmeaz\u0103.<\/p>\n<p>Una dintre cele mai cunoscute tradi\u021bii este <strong>focul de toamn\u0103<\/strong>, care simbolizeaz\u0103 sf\u00e2r\u0219itul recoltelor \u0219i \u00eenceputul perioadei de hibernare. Comunit\u0103\u021bile se adun\u0103 \u00een jurul focului, unde se povestesc legende \u0219i mituri, iar oamenii \u00ee\u0219i \u00eemp\u0103rt\u0103\u0219esc speran\u021bele pentru iarna ce va veni. Aceast\u0103 practic\u0103 nu doar c\u0103 \u00eent\u0103re\u0219te leg\u0103turile sociale, dar serve\u0219te \u0219i ca un moment de reflec\u021bie asupra roadele anului.<\/p>\n<p>\u00cen multe zone ale \u021b\u0103rii, sf\u00e2r\u0219itul de toamn\u0103 coincide cu <strong>Ziua Mor\u021bilor<\/strong>, o s\u0103rb\u0103toare dedicat\u0103 celor care nu mai sunt printre noi. Aceasta este o ocazie pentru a aduce omagiu str\u0103mo\u0219ilor \u0219i de a le celebra memoria. Oamenii \u00ee\u0219i \u00eempodobesc mormintele cu flori \u0219i lum\u00e2n\u0103ri, iar mesele de pomenire sunt pline cu bun\u0103t\u0103\u021bi preg\u0103tite special pentru a onora sufletele celor dragi.<\/p>\n<p>Pe l\u00e2ng\u0103 aceste ritualuri, exist\u0103 \u0219i <strong>obiceiuri legate de prognoza vremii<\/strong>. De exemplu, se spune c\u0103 dac\u0103 vremea este frumoas\u0103 \u0219i \u00eensorit\u0103 \u00een ziua de Sf\u00e2ntul Andrei (30 noiembrie), iarna va fi bl\u00e2nd\u0103. \u00cen contrast, dac\u0103 va fi frig \u0219i z\u0103pad\u0103, se preconizeaz\u0103 o iarn\u0103 aspr\u0103 \u0219i lung\u0103. Aceste observa\u021bii se bazeaz\u0103 pe experien\u021bele str\u0103mo\u0219ilor, care au \u00eenv\u0103\u021bat s\u0103 citeasc\u0103 semnele naturii pentru a anticipa condi\u021biile meteorologice.<\/p>\n<p>O alt\u0103 tradi\u021bie interesant\u0103 este <strong>plantele de toamn\u0103<\/strong>. \u00cen multe zone, oamenii \u00ee\u0219i adun\u0103 plantele de leac \u0219i ierburi aromatice pentru a le usca, preg\u0103tindu-se astfel pentru sezonul rece. Se crede c\u0103 aceste plante au propriet\u0103\u021bi magice \u0219i pot proteja casa de spiritele rele, aduc\u00e2nd s\u0103n\u0103tate \u0219i prosperitate. De asemenea, gospodinele preg\u0103tesc conserve \u0219i mur\u0103turi, asigur\u00e2ndu-se c\u0103 au suficiente provizii pentru iarn\u0103.<\/p>\n<p>Un alt obicei popular este <strong>m\u00e2ncarea specific\u0103 de toamn\u0103<\/strong>. M\u00e2nc\u0103rurile tradi\u021bionale, cum ar fi sarmalele, pl\u0103cintele cu dovleac sau compoturile din fructe de sezon, sunt nelipsite de pe mesele rom\u00e2nilor \u00een aceast\u0103 perioad\u0103. Aceste preparate nu doar c\u0103 sunt delicioase, dar au \u0219i un rol simbolic, reunind familia \u0219i prietenii \u00een jurul mesei.<\/p>\n<p>\u00cen multe culturi, sf\u00e2r\u0219itul de toamn\u0103 este marcat de <strong>festivaluri \u0219i t\u00e2rguri<\/strong>, unde oamenii vin s\u0103 \u00ee\u0219i v\u00e2nd\u0103 produsele locale. Aceste evenimente sunt o celebrere a roadele muncii agricole \u0219i ofer\u0103 ocazia de a cump\u0103ra bunuri tradi\u021bionale, dar \u0219i de a socializa cu ceilal\u021bi membri ai comunit\u0103\u021bii. T\u00e2rgurile sunt adesea pline de muzic\u0103, dans \u0219i voie bun\u0103, aduc\u00e2nd o atmosfer\u0103 de s\u0103rb\u0103toare.<\/p>\n<p>Pe l\u00e2ng\u0103 toate aceste obiceiuri, nu putem uita de <strong>credin\u021bele populare<\/strong> legate de vreme. De exemplu, se spune c\u0103 dac\u0103 p\u0103s\u0103rile migratoare pleac\u0103 devreme, iarna va fi aspr\u0103. De asemenea, dac\u0103 z\u0103pada cade pe frunzele \u00eenc\u0103 verzi ale copacilor, se preconizeaz\u0103 o iarn\u0103 mai lung\u0103. Aceste semne sunt observate cu aten\u021bie de agricultori, care \u00ee\u0219i planific\u0103 activit\u0103\u021bile \u00een func\u021bie de ele.<\/p>\n<p>\u00cen concluzie, sf\u00e2r\u0219itul de toamn\u0103 este o perioad\u0103 bogat\u0103 \u00een tradi\u021bii \u0219i obiceiuri care nu doar c\u0103 ne ajut\u0103 s\u0103 ne preg\u0103tim pentru iarn\u0103, dar ne \u0219i conecteaz\u0103 cu r\u0103d\u0103cinile noastre culturale. Fie c\u0103 este vorba despre adun\u0103rile \u00een jurul focului, despre ritualurile de pomenire sau despre observa\u021biile meteorologice, aceste practici ne amintesc de importan\u021ba comunit\u0103\u021bii \u0219i de leg\u0103tura noastr\u0103 cu natura. S\u0103 p\u0103str\u0103m vii aceste tradi\u021bii \u0219i s\u0103 le transmitem mai departe, pentru ca \u0219i genera\u021biile viitoare s\u0103 le poat\u0103 celebra.<\/p>\n","protected":false},"excerpt":{"rendered":"<p>Sf\u00e2r\u0219itul de toamn\u0103 aduce cu sine o serie de tradi\u021bii \u0219i obiceiuri care ne ajut\u0103 s\u0103 ne preg\u0103tim pentru sezonul rece. Descoper\u0103 cum au influen\u021bat acestea prognoza vremii \u0219i ce simboluri sunt asociate cu aceast\u0103 perioad\u0103.<\/p>\n","protected":false},"author":1,"featured_media":865,"comment_status":"open","ping_status":"open","sticky":false,"template":"","format":"standard","meta":{"footnotes":""},"categories":[7],"tags":[],"class_list":{"0":"post-989","1":"post","2":"type-post","3":"status-publish","4":"format-standard","5":"has-post-thumbnail","7":"category-resurse-utile"},"yoast_head":"<!-- This site is optimized with the Yoast SEO plugin v26.9 - https:\/\/yoast.com\/product\/yoast-seo-wordpress\/ -->\n<title>Tradi\u021bii \u0219i obiceiuri de sf\u00e2r\u0219it de toamn\u0103 \u2013 ce se spune despre vremea de iarn\u0103 - IDAYS.RO BLOG<\/title>\n<meta name=\"robots\" content=\"index, follow, max-snippet:-1, max-image-preview:large, max-video-preview:-1\" \/>\n<link rel=\"canonical\" href=\"https:\/\/idays.ro\/blog\/traditii-si-obiceiuri-de-sfarsit-de-toamna-ce-se-spune-despre-vremea-de-iarna\/\" \/>\n<meta property=\"og:locale\" content=\"ro_RO\" \/>\n<meta property=\"og:type\" content=\"article\" \/>\n<meta property=\"og:title\" content=\"Tradi\u021bii \u0219i obiceiuri de sf\u00e2r\u0219it de toamn\u0103 \u2013 ce se spune despre vremea de iarn\u0103 - IDAYS.RO BLOG\" \/>\n<meta property=\"og:description\" content=\"Sf\u00e2r\u0219itul de toamn\u0103 aduce cu sine o serie de tradi\u021bii \u0219i obiceiuri care ne ajut\u0103 s\u0103 ne preg\u0103tim pentru sezonul rece. Descoper\u0103 cum au influen\u021bat acestea prognoza vremii \u0219i ce simboluri sunt asociate cu aceast\u0103 perioad\u0103.\" \/>\n<meta property=\"og:url\" content=\"https:\/\/idays.ro\/blog\/traditii-si-obiceiuri-de-sfarsit-de-toamna-ce-se-spune-despre-vremea-de-iarna\/\" \/>\n<meta property=\"og:site_name\" content=\"IDAYS.RO BLOG\" \/>\n<meta property=\"article:published_time\" content=\"2025-11-25T13:24:53+00:00\" \/>\n<meta property=\"og:image\" content=\"https:\/\/idays.ro\/blog\/wp-content\/uploads\/2025\/10\/68eeb49b53372-pexels-marta-wave-5875904-min.jpg\" \/>\n\t<meta property=\"og:image:width\" content=\"1900\" \/>\n\t<meta property=\"og:image:height\" content=\"1267\" \/>\n\t<meta property=\"og:image:type\" content=\"image\/jpeg\" \/>\n<meta name=\"author\" content=\"liviu.andrei\" \/>\n<meta name=\"twitter:card\" content=\"summary_large_image\" \/>\n<meta name=\"twitter:label1\" content=\"Scris de\" \/>\n\t<meta name=\"twitter:data1\" content=\"liviu.andrei\" \/>\n\t<meta name=\"twitter:label2\" content=\"Timp estimat pentru citire\" \/>\n\t<meta name=\"twitter:data2\" content=\"4 minute\" \/>\n<script type=\"application\/ld+json\" class=\"yoast-schema-graph\">{\"@context\":\"https:\/\/schema.org\",\"@graph\":[{\"@type\":\"Article\",\"@id\":\"https:\/\/idays.ro\/blog\/traditii-si-obiceiuri-de-sfarsit-de-toamna-ce-se-spune-despre-vremea-de-iarna\/#article\",\"isPartOf\":{\"@id\":\"https:\/\/idays.ro\/blog\/traditii-si-obiceiuri-de-sfarsit-de-toamna-ce-se-spune-despre-vremea-de-iarna\/\"},\"author\":{\"name\":\"liviu.andrei\",\"@id\":\"https:\/\/idays.ro\/blog\/#\/schema\/person\/8b6552e1384e1ab28b8d3dc230212823\"},\"headline\":\"Tradi\u021bii \u0219i obiceiuri de sf\u00e2r\u0219it de toamn\u0103 \u2013 ce se spune despre vremea de iarn\u0103\",\"datePublished\":\"2025-11-25T13:24:53+00:00\",\"mainEntityOfPage\":{\"@id\":\"https:\/\/idays.ro\/blog\/traditii-si-obiceiuri-de-sfarsit-de-toamna-ce-se-spune-despre-vremea-de-iarna\/\"},\"wordCount\":673,\"commentCount\":0,\"image\":{\"@id\":\"https:\/\/idays.ro\/blog\/traditii-si-obiceiuri-de-sfarsit-de-toamna-ce-se-spune-despre-vremea-de-iarna\/#primaryimage\"},\"thumbnailUrl\":\"https:\/\/idays.ro\/blog\/wp-content\/uploads\/2025\/10\/68eeb49b53372-pexels-marta-wave-5875904-min.jpg\",\"articleSection\":[\"Resurse utile\"],\"inLanguage\":\"ro-RO\",\"potentialAction\":[{\"@type\":\"CommentAction\",\"name\":\"Comment\",\"target\":[\"https:\/\/idays.ro\/blog\/traditii-si-obiceiuri-de-sfarsit-de-toamna-ce-se-spune-despre-vremea-de-iarna\/#respond\"]}]},{\"@type\":\"WebPage\",\"@id\":\"https:\/\/idays.ro\/blog\/traditii-si-obiceiuri-de-sfarsit-de-toamna-ce-se-spune-despre-vremea-de-iarna\/\",\"url\":\"https:\/\/idays.ro\/blog\/traditii-si-obiceiuri-de-sfarsit-de-toamna-ce-se-spune-despre-vremea-de-iarna\/\",\"name\":\"Tradi\u021bii \u0219i obiceiuri de sf\u00e2r\u0219it de toamn\u0103 \u2013 ce se spune despre vremea de iarn\u0103 - IDAYS.RO BLOG\",\"isPartOf\":{\"@id\":\"https:\/\/idays.ro\/blog\/#website\"},\"primaryImageOfPage\":{\"@id\":\"https:\/\/idays.ro\/blog\/traditii-si-obiceiuri-de-sfarsit-de-toamna-ce-se-spune-despre-vremea-de-iarna\/#primaryimage\"},\"image\":{\"@id\":\"https:\/\/idays.ro\/blog\/traditii-si-obiceiuri-de-sfarsit-de-toamna-ce-se-spune-despre-vremea-de-iarna\/#primaryimage\"},\"thumbnailUrl\":\"https:\/\/idays.ro\/blog\/wp-content\/uploads\/2025\/10\/68eeb49b53372-pexels-marta-wave-5875904-min.jpg\",\"datePublished\":\"2025-11-25T13:24:53+00:00\",\"author\":{\"@id\":\"https:\/\/idays.ro\/blog\/#\/schema\/person\/8b6552e1384e1ab28b8d3dc230212823\"},\"breadcrumb\":{\"@id\":\"https:\/\/idays.ro\/blog\/traditii-si-obiceiuri-de-sfarsit-de-toamna-ce-se-spune-despre-vremea-de-iarna\/#breadcrumb\"},\"inLanguage\":\"ro-RO\",\"potentialAction\":[{\"@type\":\"ReadAction\",\"target\":[\"https:\/\/idays.ro\/blog\/traditii-si-obiceiuri-de-sfarsit-de-toamna-ce-se-spune-despre-vremea-de-iarna\/\"]}]},{\"@type\":\"ImageObject\",\"inLanguage\":\"ro-RO\",\"@id\":\"https:\/\/idays.ro\/blog\/traditii-si-obiceiuri-de-sfarsit-de-toamna-ce-se-spune-despre-vremea-de-iarna\/#primaryimage\",\"url\":\"https:\/\/idays.ro\/blog\/wp-content\/uploads\/2025\/10\/68eeb49b53372-pexels-marta-wave-5875904-min.jpg\",\"contentUrl\":\"https:\/\/idays.ro\/blog\/wp-content\/uploads\/2025\/10\/68eeb49b53372-pexels-marta-wave-5875904-min.jpg\",\"width\":1900,\"height\":1267},{\"@type\":\"BreadcrumbList\",\"@id\":\"https:\/\/idays.ro\/blog\/traditii-si-obiceiuri-de-sfarsit-de-toamna-ce-se-spune-despre-vremea-de-iarna\/#breadcrumb\",\"itemListElement\":[{\"@type\":\"ListItem\",\"position\":1,\"name\":\"Prima pagin\u0103\",\"item\":\"https:\/\/idays.ro\/blog\/\"},{\"@type\":\"ListItem\",\"position\":2,\"name\":\"Tradi\u021bii \u0219i obiceiuri de sf\u00e2r\u0219it de toamn\u0103 \u2013 ce se spune despre vremea de iarn\u0103\"}]},{\"@type\":\"WebSite\",\"@id\":\"https:\/\/idays.ro\/blog\/#website\",\"url\":\"https:\/\/idays.ro\/blog\/\",\"name\":\"IDAYS.RO BLOG\",\"description\":\"\",\"potentialAction\":[{\"@type\":\"SearchAction\",\"target\":{\"@type\":\"EntryPoint\",\"urlTemplate\":\"https:\/\/idays.ro\/blog\/?s={search_term_string}\"},\"query-input\":{\"@type\":\"PropertyValueSpecification\",\"valueRequired\":true,\"valueName\":\"search_term_string\"}}],\"inLanguage\":\"ro-RO\"},{\"@type\":\"Person\",\"@id\":\"https:\/\/idays.ro\/blog\/#\/schema\/person\/8b6552e1384e1ab28b8d3dc230212823\",\"name\":\"liviu.andrei\",\"image\":{\"@type\":\"ImageObject\",\"inLanguage\":\"ro-RO\",\"@id\":\"https:\/\/idays.ro\/blog\/#\/schema\/person\/image\/\",\"url\":\"https:\/\/secure.gravatar.com\/avatar\/b3f7b6799cd9cf49f1e5691003e23e3cdcfee36272b0a7e3863eb32ccb60b91a?s=96&d=mm&r=g\",\"contentUrl\":\"https:\/\/secure.gravatar.com\/avatar\/b3f7b6799cd9cf49f1e5691003e23e3cdcfee36272b0a7e3863eb32ccb60b91a?s=96&d=mm&r=g\",\"caption\":\"liviu.andrei\"},\"sameAs\":[\"https:\/\/idays.ro\/blog\"]}]}<\/script>\n<!-- \/ Yoast SEO plugin. -->","yoast_head_json":{"title":"Tradi\u021bii \u0219i obiceiuri de sf\u00e2r\u0219it de toamn\u0103 \u2013 ce se spune despre vremea de iarn\u0103 - IDAYS.RO BLOG","robots":{"index":"index","follow":"follow","max-snippet":"max-snippet:-1","max-image-preview":"max-image-preview:large","max-video-preview":"max-video-preview:-1"},"canonical":"https:\/\/idays.ro\/blog\/traditii-si-obiceiuri-de-sfarsit-de-toamna-ce-se-spune-despre-vremea-de-iarna\/","og_locale":"ro_RO","og_type":"article","og_title":"Tradi\u021bii \u0219i obiceiuri de sf\u00e2r\u0219it de toamn\u0103 \u2013 ce se spune despre vremea de iarn\u0103 - IDAYS.RO BLOG","og_description":"Sf\u00e2r\u0219itul de toamn\u0103 aduce cu sine o serie de tradi\u021bii \u0219i obiceiuri care ne ajut\u0103 s\u0103 ne preg\u0103tim pentru sezonul rece. Descoper\u0103 cum au influen\u021bat acestea prognoza vremii \u0219i ce simboluri sunt asociate cu aceast\u0103 perioad\u0103.","og_url":"https:\/\/idays.ro\/blog\/traditii-si-obiceiuri-de-sfarsit-de-toamna-ce-se-spune-despre-vremea-de-iarna\/","og_site_name":"IDAYS.RO BLOG","article_published_time":"2025-11-25T13:24:53+00:00","og_image":[{"width":1900,"height":1267,"url":"https:\/\/idays.ro\/blog\/wp-content\/uploads\/2025\/10\/68eeb49b53372-pexels-marta-wave-5875904-min.jpg","type":"image\/jpeg"}],"author":"liviu.andrei","twitter_card":"summary_large_image","twitter_misc":{"Scris de":"liviu.andrei","Timp estimat pentru citire":"4 minute"},"schema":{"@context":"https:\/\/schema.org","@graph":[{"@type":"Article","@id":"https:\/\/idays.ro\/blog\/traditii-si-obiceiuri-de-sfarsit-de-toamna-ce-se-spune-despre-vremea-de-iarna\/#article","isPartOf":{"@id":"https:\/\/idays.ro\/blog\/traditii-si-obiceiuri-de-sfarsit-de-toamna-ce-se-spune-despre-vremea-de-iarna\/"},"author":{"name":"liviu.andrei","@id":"https:\/\/idays.ro\/blog\/#\/schema\/person\/8b6552e1384e1ab28b8d3dc230212823"},"headline":"Tradi\u021bii \u0219i obiceiuri de sf\u00e2r\u0219it de toamn\u0103 \u2013 ce se spune despre vremea de iarn\u0103","datePublished":"2025-11-25T13:24:53+00:00","mainEntityOfPage":{"@id":"https:\/\/idays.ro\/blog\/traditii-si-obiceiuri-de-sfarsit-de-toamna-ce-se-spune-despre-vremea-de-iarna\/"},"wordCount":673,"commentCount":0,"image":{"@id":"https:\/\/idays.ro\/blog\/traditii-si-obiceiuri-de-sfarsit-de-toamna-ce-se-spune-despre-vremea-de-iarna\/#primaryimage"},"thumbnailUrl":"https:\/\/idays.ro\/blog\/wp-content\/uploads\/2025\/10\/68eeb49b53372-pexels-marta-wave-5875904-min.jpg","articleSection":["Resurse utile"],"inLanguage":"ro-RO","potentialAction":[{"@type":"CommentAction","name":"Comment","target":["https:\/\/idays.ro\/blog\/traditii-si-obiceiuri-de-sfarsit-de-toamna-ce-se-spune-despre-vremea-de-iarna\/#respond"]}]},{"@type":"WebPage","@id":"https:\/\/idays.ro\/blog\/traditii-si-obiceiuri-de-sfarsit-de-toamna-ce-se-spune-despre-vremea-de-iarna\/","url":"https:\/\/idays.ro\/blog\/traditii-si-obiceiuri-de-sfarsit-de-toamna-ce-se-spune-despre-vremea-de-iarna\/","name":"Tradi\u021bii \u0219i obiceiuri de sf\u00e2r\u0219it de toamn\u0103 \u2013 ce se spune despre vremea de iarn\u0103 - IDAYS.RO BLOG","isPartOf":{"@id":"https:\/\/idays.ro\/blog\/#website"},"primaryImageOfPage":{"@id":"https:\/\/idays.ro\/blog\/traditii-si-obiceiuri-de-sfarsit-de-toamna-ce-se-spune-despre-vremea-de-iarna\/#primaryimage"},"image":{"@id":"https:\/\/idays.ro\/blog\/traditii-si-obiceiuri-de-sfarsit-de-toamna-ce-se-spune-despre-vremea-de-iarna\/#primaryimage"},"thumbnailUrl":"https:\/\/idays.ro\/blog\/wp-content\/uploads\/2025\/10\/68eeb49b53372-pexels-marta-wave-5875904-min.jpg","datePublished":"2025-11-25T13:24:53+00:00","author":{"@id":"https:\/\/idays.ro\/blog\/#\/schema\/person\/8b6552e1384e1ab28b8d3dc230212823"},"breadcrumb":{"@id":"https:\/\/idays.ro\/blog\/traditii-si-obiceiuri-de-sfarsit-de-toamna-ce-se-spune-despre-vremea-de-iarna\/#breadcrumb"},"inLanguage":"ro-RO","potentialAction":[{"@type":"ReadAction","target":["https:\/\/idays.ro\/blog\/traditii-si-obiceiuri-de-sfarsit-de-toamna-ce-se-spune-despre-vremea-de-iarna\/"]}]},{"@type":"ImageObject","inLanguage":"ro-RO","@id":"https:\/\/idays.ro\/blog\/traditii-si-obiceiuri-de-sfarsit-de-toamna-ce-se-spune-despre-vremea-de-iarna\/#primaryimage","url":"https:\/\/idays.ro\/blog\/wp-content\/uploads\/2025\/10\/68eeb49b53372-pexels-marta-wave-5875904-min.jpg","contentUrl":"https:\/\/idays.ro\/blog\/wp-content\/uploads\/2025\/10\/68eeb49b53372-pexels-marta-wave-5875904-min.jpg","width":1900,"height":1267},{"@type":"BreadcrumbList","@id":"https:\/\/idays.ro\/blog\/traditii-si-obiceiuri-de-sfarsit-de-toamna-ce-se-spune-despre-vremea-de-iarna\/#breadcrumb","itemListElement":[{"@type":"ListItem","position":1,"name":"Prima pagin\u0103","item":"https:\/\/idays.ro\/blog\/"},{"@type":"ListItem","position":2,"name":"Tradi\u021bii \u0219i obiceiuri de sf\u00e2r\u0219it de toamn\u0103 \u2013 ce se spune despre vremea de iarn\u0103"}]},{"@type":"WebSite","@id":"https:\/\/idays.ro\/blog\/#website","url":"https:\/\/idays.ro\/blog\/","name":"IDAYS.RO BLOG","description":"","potentialAction":[{"@type":"SearchAction","target":{"@type":"EntryPoint","urlTemplate":"https:\/\/idays.ro\/blog\/?s={search_term_string}"},"query-input":{"@type":"PropertyValueSpecification","valueRequired":true,"valueName":"search_term_string"}}],"inLanguage":"ro-RO"},{"@type":"Person","@id":"https:\/\/idays.ro\/blog\/#\/schema\/person\/8b6552e1384e1ab28b8d3dc230212823","name":"liviu.andrei","image":{"@type":"ImageObject","inLanguage":"ro-RO","@id":"https:\/\/idays.ro\/blog\/#\/schema\/person\/image\/","url":"https:\/\/secure.gravatar.com\/avatar\/b3f7b6799cd9cf49f1e5691003e23e3cdcfee36272b0a7e3863eb32ccb60b91a?s=96&d=mm&r=g","contentUrl":"https:\/\/secure.gravatar.com\/avatar\/b3f7b6799cd9cf49f1e5691003e23e3cdcfee36272b0a7e3863eb32ccb60b91a?s=96&d=mm&r=g","caption":"liviu.andrei"},"sameAs":["https:\/\/idays.ro\/blog"]}]}},"_links":{"self":[{"href":"https:\/\/idays.ro\/blog\/wp-json\/wp\/v2\/posts\/989","targetHints":{"allow":["GET"]}}],"collection":[{"href":"https:\/\/idays.ro\/blog\/wp-json\/wp\/v2\/posts"}],"about":[{"href":"https:\/\/idays.ro\/blog\/wp-json\/wp\/v2\/types\/post"}],"author":[{"embeddable":true,"href":"https:\/\/idays.ro\/blog\/wp-json\/wp\/v2\/users\/1"}],"replies":[{"embeddable":true,"href":"https:\/\/idays.ro\/blog\/wp-json\/wp\/v2\/comments?post=989"}],"version-history":[{"count":1,"href":"https:\/\/idays.ro\/blog\/wp-json\/wp\/v2\/posts\/989\/revisions"}],"predecessor-version":[{"id":991,"href":"https:\/\/idays.ro\/blog\/wp-json\/wp\/v2\/posts\/989\/revisions\/991"}],"wp:featuredmedia":[{"embeddable":true,"href":"https:\/\/idays.ro\/blog\/wp-json\/wp\/v2\/media\/865"}],"wp:attachment":[{"href":"https:\/\/idays.ro\/blog\/wp-json\/wp\/v2\/media?parent=989"}],"wp:term":[{"taxonomy":"category","embeddable":true,"href":"https:\/\/idays.ro\/blog\/wp-json\/wp\/v2\/categories?post=989"},{"taxonomy":"post_tag","embeddable":true,"href":"https:\/\/idays.ro\/blog\/wp-json\/wp\/v2\/tags?post=989"}],"curies":[{"name":"wp","href":"https:\/\/api.w.org\/{rel}","templated":true}]}}