{"id":987,"date":"2025-11-12T23:56:47","date_gmt":"2025-11-12T21:56:47","guid":{"rendered":"https:\/\/idays.ro\/blog\/?p=987"},"modified":"2025-11-12T23:56:48","modified_gmt":"2025-11-12T21:56:48","slug":"sfarsitul-lui-noiembrie-7-lucruri-pe-care-sa-le-faci-inainte-sa-inceapa-decembrie","status":"publish","type":"post","link":"https:\/\/idays.ro\/blog\/sfarsitul-lui-noiembrie-7-lucruri-pe-care-sa-le-faci-inainte-sa-inceapa-decembrie\/","title":{"rendered":"Sf\u00e2r\u0219itul lui noiembrie: 7 lucruri pe care s\u0103 le faci \u00eenainte s\u0103 \u00eenceap\u0103 decembrie"},"content":{"rendered":"\n<p>Pe m\u0103sur\u0103 ce luna noiembrie \u00ee\u0219i ia r\u0103mas bun, ne preg\u0103tim de intrarea \u00een luna decembrie, o perioad\u0103 plin\u0103 de s\u0103rb\u0103tori, bucurie \u0219i reuniri cu cei dragi. Este momentul ideal s\u0103 ne organiz\u0103m \u0219i s\u0103 ne asigur\u0103m c\u0103 suntem preg\u0103ti\u021bi pentru magia s\u0103rb\u0103torilor. Iat\u0103 \u0219apte lucruri utile pe care ar trebui s\u0103 le facem \u00eenainte de a ne bucura de luna decembrie.<\/p>\n\n\n\n<h2 class=\"wp-block-heading\">1. Verific\u0103 lista de cump\u0103r\u0103turi pentru cadouri<\/h2>\n\n\n\n<p>\u00cencepe prin a-\u021bi revizui lista de cadouri. F\u0103 un inventar al persoanelor c\u0103rora dore\u0219ti s\u0103 le oferi cadouri \u0219i g\u00e2nde\u0219te-te la idei creative \u0219i personalizate. Este important s\u0103 alegi daruri care reflect\u0103 personalitatea fiec\u0103rei persoane, iar acum este momentul perfect s\u0103 te preg\u0103te\u0219ti pentru cump\u0103r\u0103turile de s\u0103rb\u0103tori.<\/p>\n\n\n\n<h2 class=\"wp-block-heading\">2. Organizeaz\u0103-\u021bi timpul pentru s\u0103rb\u0103tori<\/h2>\n\n\n\n<p>Decembrie poate fi o lun\u0103 aglomerat\u0103, a\u0219a c\u0103 este esen\u021bial s\u0103 \u00ee\u021bi organizezi timpul. F\u0103 un plan detaliat pentru <a href=\"https:\/\/idays.ro\">zilele <\/a>\u00een care vei merge la cump\u0103r\u0103turi, c\u00e2nd vei participa la evenimente sau c\u00e2nd vei g\u0103ti pentru mesele festive. Un program bine structurat te va ajuta s\u0103 te bucuri de aceast\u0103 perioad\u0103 f\u0103r\u0103 stres.<\/p>\n\n\n\n<h2 class=\"wp-block-heading\">3. Decoreaz\u0103-\u021bi casa<\/h2>\n\n\n\n<p>Un alt lucru pe care ar trebui s\u0103-l faci este s\u0103 \u00ee\u021bi decorezi casa pentru s\u0103rb\u0103tori. Fie c\u0103 alegi un brad de Cr\u0103ciun, lumini\u021be sau ornamente, asigur\u0103-te c\u0103 atmosfera din casa ta reflect\u0103 spiritul s\u0103rb\u0103torilor. Implic\u0103-\u021bi \u00eentreaga familie \u00een procesul de decorare pentru a crea amintiri frumoase \u00eempreun\u0103.<\/p>\n\n\n\n<h2 class=\"wp-block-heading\">4. G\u0103te\u0219te re\u021bete tradi\u021bionale<\/h2>\n\n\n\n<p>\u00cen decembrie, mesele festive sunt la ordinea zilei, iar re\u021betele tradi\u021bionale sunt un element central al s\u0103rb\u0103torilor. \u00cencepe s\u0103 preg\u0103te\u0219ti c\u00e2teva re\u021bete specifice, pe care le po\u021bi folosi la mesele de Cr\u0103ciun \u0219i Revelion. Fie c\u0103 este vorba despre cozonaci, sarmale sau pr\u0103jituri, g\u0103titul \u00een avans \u00ee\u021bi va aduce lini\u0219te sufleteasc\u0103.<\/p>\n\n\n\n<h2 class=\"wp-block-heading\">5. Planific\u0103 \u00eent\u00e2lniri cu cei dragi<\/h2>\n\n\n\n<p>Decembrie este perioada ideal\u0103 pentru a te reuni cu familia \u0219i prietenii. Planific\u0103 \u00eent\u00e2lniri, fie c\u0103 este vorba de un pr\u00e2nz, o cin\u0103 sau o petrecere. A\u0219az\u0103-\u021bi \u00een calendar datele importante \u0219i nu ezita s\u0103 invi\u021bi oamenii dragi \u00een via\u021ba ta. Aceast\u0103 conectare va aduce bucurie \u0219i c\u0103ldur\u0103 \u00een sufletele voastre.<\/p>\n\n\n\n<h2 class=\"wp-block-heading\">6. F\u0103 o cur\u0103\u021benie general\u0103<\/h2>\n\n\n\n<p>\u00cenainte de a ad\u0103uga decoruri \u0219i de a \u00eencepe preg\u0103tirile pentru s\u0103rb\u0103tori, este important s\u0103 faci o cur\u0103\u021benie general\u0103 \u00een cas\u0103. Elibereaz\u0103-te de lucrurile inutile \u0219i organizeaz\u0103-te. O cas\u0103 curat\u0103 \u0219i ordonat\u0103 va crea un mediu pl\u0103cut \u00een care s\u0103 petreci s\u0103rb\u0103torile.<\/p>\n\n\n\n<h2 class=\"wp-block-heading\">7. Reflecteaz\u0103 asupra anului care a trecut<\/h2>\n\n\n\n<p>\u00cenainte de a p\u0103\u0219i \u00een noul an, ia-\u021bi un moment pentru a reflecta asupra anului care a trecut. G\u00e2nde\u0219te-te la realiz\u0103rile tale, la lec\u021biile \u00eenv\u0103\u021bate \u0219i la momentele frumoase petrecute al\u0103turi de cei dragi. Aceast\u0103 reflec\u021bie te va ajuta s\u0103 intri \u00een decembrie cu o minte deschis\u0103 \u0219i cu inima plin\u0103 de recuno\u0219tin\u021b\u0103.<\/p>\n\n\n\n<p>\u00cen concluzie, sf\u00e2r\u0219itul lunii noiembrie este o perioad\u0103 ideal\u0103 pentru a te preg\u0103ti pentru s\u0103rb\u0103torile de iarn\u0103. F\u0103c\u00e2nd aceste \u0219apte lucruri, nu doar c\u0103 \u00ee\u021bi vei organiza timpul \u0219i resursele, dar vei crea \u0219i o atmosfer\u0103 pl\u0103cut\u0103 pentru tine \u0219i cei dragi. A\u0219adar, bucur\u0103-te de fiecare moment \u0219i intr\u0103 \u00een decembrie cu z\u00e2mbetul pe buze!<\/p>\n","protected":false},"excerpt":{"rendered":"<p>Pe m\u0103sur\u0103 ce ne apropiem de sf\u00e2r\u0219itul lunii noiembrie, este esen\u021bial s\u0103 ne preg\u0103tim pentru venirea lunii decembrie. Iat\u0103 \u0219apte lucruri pe care ar trebui s\u0103 le faci pentru a \u00eent\u00e2mpina s\u0103rb\u0103torile cu z\u00e2mbetul pe buze.<\/p>\n","protected":false},"author":1,"featured_media":988,"comment_status":"open","ping_status":"open","sticky":false,"template":"","format":"standard","meta":{"footnotes":""},"categories":[5],"tags":[],"class_list":{"0":"post-987","1":"post","2":"type-post","3":"status-publish","4":"format-standard","5":"has-post-thumbnail","7":"category-timp-liber"},"yoast_head":"<!-- This site is optimized with the Yoast SEO plugin v26.9 - https:\/\/yoast.com\/product\/yoast-seo-wordpress\/ -->\n<title>Sf\u00e2r\u0219itul lui noiembrie: 7 lucruri pe care s\u0103 le faci \u00eenainte s\u0103 \u00eenceap\u0103 decembrie - IDAYS.RO BLOG<\/title>\n<meta name=\"robots\" content=\"index, follow, max-snippet:-1, max-image-preview:large, max-video-preview:-1\" \/>\n<link rel=\"canonical\" href=\"https:\/\/idays.ro\/blog\/sfarsitul-lui-noiembrie-7-lucruri-pe-care-sa-le-faci-inainte-sa-inceapa-decembrie\/\" \/>\n<meta property=\"og:locale\" content=\"ro_RO\" \/>\n<meta property=\"og:type\" content=\"article\" \/>\n<meta property=\"og:title\" content=\"Sf\u00e2r\u0219itul lui noiembrie: 7 lucruri pe care s\u0103 le faci \u00eenainte s\u0103 \u00eenceap\u0103 decembrie - IDAYS.RO BLOG\" \/>\n<meta property=\"og:description\" content=\"Pe m\u0103sur\u0103 ce ne apropiem de sf\u00e2r\u0219itul lunii noiembrie, este esen\u021bial s\u0103 ne preg\u0103tim pentru venirea lunii decembrie. Iat\u0103 \u0219apte lucruri pe care ar trebui s\u0103 le faci pentru a \u00eent\u00e2mpina s\u0103rb\u0103torile cu z\u00e2mbetul pe buze.\" \/>\n<meta property=\"og:url\" content=\"https:\/\/idays.ro\/blog\/sfarsitul-lui-noiembrie-7-lucruri-pe-care-sa-le-faci-inainte-sa-inceapa-decembrie\/\" \/>\n<meta property=\"og:site_name\" content=\"IDAYS.RO BLOG\" \/>\n<meta property=\"article:published_time\" content=\"2025-11-12T21:56:47+00:00\" \/>\n<meta property=\"article:modified_time\" content=\"2025-11-12T21:56:48+00:00\" \/>\n<meta property=\"og:image\" content=\"https:\/\/idays.ro\/blog\/wp-content\/uploads\/2025\/11\/690df3059818d-car-road-mountains-surrounded-bt-fir-trees-covered-by-snow-min.jpg\" \/>\n\t<meta property=\"og:image:width\" content=\"1900\" \/>\n\t<meta property=\"og:image:height\" content=\"1269\" \/>\n\t<meta property=\"og:image:type\" content=\"image\/jpeg\" \/>\n<meta name=\"author\" content=\"liviu.andrei\" \/>\n<meta name=\"twitter:card\" content=\"summary_large_image\" \/>\n<meta name=\"twitter:label1\" content=\"Scris de\" \/>\n\t<meta name=\"twitter:data1\" content=\"liviu.andrei\" \/>\n\t<meta name=\"twitter:label2\" content=\"Timp estimat pentru citire\" \/>\n\t<meta name=\"twitter:data2\" content=\"3 minute\" \/>\n<script type=\"application\/ld+json\" class=\"yoast-schema-graph\">{\"@context\":\"https:\/\/schema.org\",\"@graph\":[{\"@type\":\"Article\",\"@id\":\"https:\/\/idays.ro\/blog\/sfarsitul-lui-noiembrie-7-lucruri-pe-care-sa-le-faci-inainte-sa-inceapa-decembrie\/#article\",\"isPartOf\":{\"@id\":\"https:\/\/idays.ro\/blog\/sfarsitul-lui-noiembrie-7-lucruri-pe-care-sa-le-faci-inainte-sa-inceapa-decembrie\/\"},\"author\":{\"name\":\"liviu.andrei\",\"@id\":\"https:\/\/idays.ro\/blog\/#\/schema\/person\/8b6552e1384e1ab28b8d3dc230212823\"},\"headline\":\"Sf\u00e2r\u0219itul lui noiembrie: 7 lucruri pe care s\u0103 le faci \u00eenainte s\u0103 \u00eenceap\u0103 decembrie\",\"datePublished\":\"2025-11-12T21:56:47+00:00\",\"dateModified\":\"2025-11-12T21:56:48+00:00\",\"mainEntityOfPage\":{\"@id\":\"https:\/\/idays.ro\/blog\/sfarsitul-lui-noiembrie-7-lucruri-pe-care-sa-le-faci-inainte-sa-inceapa-decembrie\/\"},\"wordCount\":614,\"commentCount\":0,\"image\":{\"@id\":\"https:\/\/idays.ro\/blog\/sfarsitul-lui-noiembrie-7-lucruri-pe-care-sa-le-faci-inainte-sa-inceapa-decembrie\/#primaryimage\"},\"thumbnailUrl\":\"https:\/\/idays.ro\/blog\/wp-content\/uploads\/2025\/11\/690df3059818d-car-road-mountains-surrounded-bt-fir-trees-covered-by-snow-min.jpg\",\"articleSection\":[\"Timp liber\"],\"inLanguage\":\"ro-RO\",\"potentialAction\":[{\"@type\":\"CommentAction\",\"name\":\"Comment\",\"target\":[\"https:\/\/idays.ro\/blog\/sfarsitul-lui-noiembrie-7-lucruri-pe-care-sa-le-faci-inainte-sa-inceapa-decembrie\/#respond\"]}]},{\"@type\":\"WebPage\",\"@id\":\"https:\/\/idays.ro\/blog\/sfarsitul-lui-noiembrie-7-lucruri-pe-care-sa-le-faci-inainte-sa-inceapa-decembrie\/\",\"url\":\"https:\/\/idays.ro\/blog\/sfarsitul-lui-noiembrie-7-lucruri-pe-care-sa-le-faci-inainte-sa-inceapa-decembrie\/\",\"name\":\"Sf\u00e2r\u0219itul lui noiembrie: 7 lucruri pe care s\u0103 le faci \u00eenainte s\u0103 \u00eenceap\u0103 decembrie - IDAYS.RO BLOG\",\"isPartOf\":{\"@id\":\"https:\/\/idays.ro\/blog\/#website\"},\"primaryImageOfPage\":{\"@id\":\"https:\/\/idays.ro\/blog\/sfarsitul-lui-noiembrie-7-lucruri-pe-care-sa-le-faci-inainte-sa-inceapa-decembrie\/#primaryimage\"},\"image\":{\"@id\":\"https:\/\/idays.ro\/blog\/sfarsitul-lui-noiembrie-7-lucruri-pe-care-sa-le-faci-inainte-sa-inceapa-decembrie\/#primaryimage\"},\"thumbnailUrl\":\"https:\/\/idays.ro\/blog\/wp-content\/uploads\/2025\/11\/690df3059818d-car-road-mountains-surrounded-bt-fir-trees-covered-by-snow-min.jpg\",\"datePublished\":\"2025-11-12T21:56:47+00:00\",\"dateModified\":\"2025-11-12T21:56:48+00:00\",\"author\":{\"@id\":\"https:\/\/idays.ro\/blog\/#\/schema\/person\/8b6552e1384e1ab28b8d3dc230212823\"},\"breadcrumb\":{\"@id\":\"https:\/\/idays.ro\/blog\/sfarsitul-lui-noiembrie-7-lucruri-pe-care-sa-le-faci-inainte-sa-inceapa-decembrie\/#breadcrumb\"},\"inLanguage\":\"ro-RO\",\"potentialAction\":[{\"@type\":\"ReadAction\",\"target\":[\"https:\/\/idays.ro\/blog\/sfarsitul-lui-noiembrie-7-lucruri-pe-care-sa-le-faci-inainte-sa-inceapa-decembrie\/\"]}]},{\"@type\":\"ImageObject\",\"inLanguage\":\"ro-RO\",\"@id\":\"https:\/\/idays.ro\/blog\/sfarsitul-lui-noiembrie-7-lucruri-pe-care-sa-le-faci-inainte-sa-inceapa-decembrie\/#primaryimage\",\"url\":\"https:\/\/idays.ro\/blog\/wp-content\/uploads\/2025\/11\/690df3059818d-car-road-mountains-surrounded-bt-fir-trees-covered-by-snow-min.jpg\",\"contentUrl\":\"https:\/\/idays.ro\/blog\/wp-content\/uploads\/2025\/11\/690df3059818d-car-road-mountains-surrounded-bt-fir-trees-covered-by-snow-min.jpg\",\"width\":1900,\"height\":1269},{\"@type\":\"BreadcrumbList\",\"@id\":\"https:\/\/idays.ro\/blog\/sfarsitul-lui-noiembrie-7-lucruri-pe-care-sa-le-faci-inainte-sa-inceapa-decembrie\/#breadcrumb\",\"itemListElement\":[{\"@type\":\"ListItem\",\"position\":1,\"name\":\"Prima pagin\u0103\",\"item\":\"https:\/\/idays.ro\/blog\/\"},{\"@type\":\"ListItem\",\"position\":2,\"name\":\"Sf\u00e2r\u0219itul lui noiembrie: 7 lucruri pe care s\u0103 le faci \u00eenainte s\u0103 \u00eenceap\u0103 decembrie\"}]},{\"@type\":\"WebSite\",\"@id\":\"https:\/\/idays.ro\/blog\/#website\",\"url\":\"https:\/\/idays.ro\/blog\/\",\"name\":\"IDAYS.RO BLOG\",\"description\":\"\",\"potentialAction\":[{\"@type\":\"SearchAction\",\"target\":{\"@type\":\"EntryPoint\",\"urlTemplate\":\"https:\/\/idays.ro\/blog\/?s={search_term_string}\"},\"query-input\":{\"@type\":\"PropertyValueSpecification\",\"valueRequired\":true,\"valueName\":\"search_term_string\"}}],\"inLanguage\":\"ro-RO\"},{\"@type\":\"Person\",\"@id\":\"https:\/\/idays.ro\/blog\/#\/schema\/person\/8b6552e1384e1ab28b8d3dc230212823\",\"name\":\"liviu.andrei\",\"image\":{\"@type\":\"ImageObject\",\"inLanguage\":\"ro-RO\",\"@id\":\"https:\/\/idays.ro\/blog\/#\/schema\/person\/image\/\",\"url\":\"https:\/\/secure.gravatar.com\/avatar\/b3f7b6799cd9cf49f1e5691003e23e3cdcfee36272b0a7e3863eb32ccb60b91a?s=96&d=mm&r=g\",\"contentUrl\":\"https:\/\/secure.gravatar.com\/avatar\/b3f7b6799cd9cf49f1e5691003e23e3cdcfee36272b0a7e3863eb32ccb60b91a?s=96&d=mm&r=g\",\"caption\":\"liviu.andrei\"},\"sameAs\":[\"https:\/\/idays.ro\/blog\"]}]}<\/script>\n<!-- \/ Yoast SEO plugin. -->","yoast_head_json":{"title":"Sf\u00e2r\u0219itul lui noiembrie: 7 lucruri pe care s\u0103 le faci \u00eenainte s\u0103 \u00eenceap\u0103 decembrie - IDAYS.RO BLOG","robots":{"index":"index","follow":"follow","max-snippet":"max-snippet:-1","max-image-preview":"max-image-preview:large","max-video-preview":"max-video-preview:-1"},"canonical":"https:\/\/idays.ro\/blog\/sfarsitul-lui-noiembrie-7-lucruri-pe-care-sa-le-faci-inainte-sa-inceapa-decembrie\/","og_locale":"ro_RO","og_type":"article","og_title":"Sf\u00e2r\u0219itul lui noiembrie: 7 lucruri pe care s\u0103 le faci \u00eenainte s\u0103 \u00eenceap\u0103 decembrie - IDAYS.RO BLOG","og_description":"Pe m\u0103sur\u0103 ce ne apropiem de sf\u00e2r\u0219itul lunii noiembrie, este esen\u021bial s\u0103 ne preg\u0103tim pentru venirea lunii decembrie. Iat\u0103 \u0219apte lucruri pe care ar trebui s\u0103 le faci pentru a \u00eent\u00e2mpina s\u0103rb\u0103torile cu z\u00e2mbetul pe buze.","og_url":"https:\/\/idays.ro\/blog\/sfarsitul-lui-noiembrie-7-lucruri-pe-care-sa-le-faci-inainte-sa-inceapa-decembrie\/","og_site_name":"IDAYS.RO BLOG","article_published_time":"2025-11-12T21:56:47+00:00","article_modified_time":"2025-11-12T21:56:48+00:00","og_image":[{"width":1900,"height":1269,"url":"https:\/\/idays.ro\/blog\/wp-content\/uploads\/2025\/11\/690df3059818d-car-road-mountains-surrounded-bt-fir-trees-covered-by-snow-min.jpg","type":"image\/jpeg"}],"author":"liviu.andrei","twitter_card":"summary_large_image","twitter_misc":{"Scris de":"liviu.andrei","Timp estimat pentru citire":"3 minute"},"schema":{"@context":"https:\/\/schema.org","@graph":[{"@type":"Article","@id":"https:\/\/idays.ro\/blog\/sfarsitul-lui-noiembrie-7-lucruri-pe-care-sa-le-faci-inainte-sa-inceapa-decembrie\/#article","isPartOf":{"@id":"https:\/\/idays.ro\/blog\/sfarsitul-lui-noiembrie-7-lucruri-pe-care-sa-le-faci-inainte-sa-inceapa-decembrie\/"},"author":{"name":"liviu.andrei","@id":"https:\/\/idays.ro\/blog\/#\/schema\/person\/8b6552e1384e1ab28b8d3dc230212823"},"headline":"Sf\u00e2r\u0219itul lui noiembrie: 7 lucruri pe care s\u0103 le faci \u00eenainte s\u0103 \u00eenceap\u0103 decembrie","datePublished":"2025-11-12T21:56:47+00:00","dateModified":"2025-11-12T21:56:48+00:00","mainEntityOfPage":{"@id":"https:\/\/idays.ro\/blog\/sfarsitul-lui-noiembrie-7-lucruri-pe-care-sa-le-faci-inainte-sa-inceapa-decembrie\/"},"wordCount":614,"commentCount":0,"image":{"@id":"https:\/\/idays.ro\/blog\/sfarsitul-lui-noiembrie-7-lucruri-pe-care-sa-le-faci-inainte-sa-inceapa-decembrie\/#primaryimage"},"thumbnailUrl":"https:\/\/idays.ro\/blog\/wp-content\/uploads\/2025\/11\/690df3059818d-car-road-mountains-surrounded-bt-fir-trees-covered-by-snow-min.jpg","articleSection":["Timp liber"],"inLanguage":"ro-RO","potentialAction":[{"@type":"CommentAction","name":"Comment","target":["https:\/\/idays.ro\/blog\/sfarsitul-lui-noiembrie-7-lucruri-pe-care-sa-le-faci-inainte-sa-inceapa-decembrie\/#respond"]}]},{"@type":"WebPage","@id":"https:\/\/idays.ro\/blog\/sfarsitul-lui-noiembrie-7-lucruri-pe-care-sa-le-faci-inainte-sa-inceapa-decembrie\/","url":"https:\/\/idays.ro\/blog\/sfarsitul-lui-noiembrie-7-lucruri-pe-care-sa-le-faci-inainte-sa-inceapa-decembrie\/","name":"Sf\u00e2r\u0219itul lui noiembrie: 7 lucruri pe care s\u0103 le faci \u00eenainte s\u0103 \u00eenceap\u0103 decembrie - IDAYS.RO BLOG","isPartOf":{"@id":"https:\/\/idays.ro\/blog\/#website"},"primaryImageOfPage":{"@id":"https:\/\/idays.ro\/blog\/sfarsitul-lui-noiembrie-7-lucruri-pe-care-sa-le-faci-inainte-sa-inceapa-decembrie\/#primaryimage"},"image":{"@id":"https:\/\/idays.ro\/blog\/sfarsitul-lui-noiembrie-7-lucruri-pe-care-sa-le-faci-inainte-sa-inceapa-decembrie\/#primaryimage"},"thumbnailUrl":"https:\/\/idays.ro\/blog\/wp-content\/uploads\/2025\/11\/690df3059818d-car-road-mountains-surrounded-bt-fir-trees-covered-by-snow-min.jpg","datePublished":"2025-11-12T21:56:47+00:00","dateModified":"2025-11-12T21:56:48+00:00","author":{"@id":"https:\/\/idays.ro\/blog\/#\/schema\/person\/8b6552e1384e1ab28b8d3dc230212823"},"breadcrumb":{"@id":"https:\/\/idays.ro\/blog\/sfarsitul-lui-noiembrie-7-lucruri-pe-care-sa-le-faci-inainte-sa-inceapa-decembrie\/#breadcrumb"},"inLanguage":"ro-RO","potentialAction":[{"@type":"ReadAction","target":["https:\/\/idays.ro\/blog\/sfarsitul-lui-noiembrie-7-lucruri-pe-care-sa-le-faci-inainte-sa-inceapa-decembrie\/"]}]},{"@type":"ImageObject","inLanguage":"ro-RO","@id":"https:\/\/idays.ro\/blog\/sfarsitul-lui-noiembrie-7-lucruri-pe-care-sa-le-faci-inainte-sa-inceapa-decembrie\/#primaryimage","url":"https:\/\/idays.ro\/blog\/wp-content\/uploads\/2025\/11\/690df3059818d-car-road-mountains-surrounded-bt-fir-trees-covered-by-snow-min.jpg","contentUrl":"https:\/\/idays.ro\/blog\/wp-content\/uploads\/2025\/11\/690df3059818d-car-road-mountains-surrounded-bt-fir-trees-covered-by-snow-min.jpg","width":1900,"height":1269},{"@type":"BreadcrumbList","@id":"https:\/\/idays.ro\/blog\/sfarsitul-lui-noiembrie-7-lucruri-pe-care-sa-le-faci-inainte-sa-inceapa-decembrie\/#breadcrumb","itemListElement":[{"@type":"ListItem","position":1,"name":"Prima pagin\u0103","item":"https:\/\/idays.ro\/blog\/"},{"@type":"ListItem","position":2,"name":"Sf\u00e2r\u0219itul lui noiembrie: 7 lucruri pe care s\u0103 le faci \u00eenainte s\u0103 \u00eenceap\u0103 decembrie"}]},{"@type":"WebSite","@id":"https:\/\/idays.ro\/blog\/#website","url":"https:\/\/idays.ro\/blog\/","name":"IDAYS.RO BLOG","description":"","potentialAction":[{"@type":"SearchAction","target":{"@type":"EntryPoint","urlTemplate":"https:\/\/idays.ro\/blog\/?s={search_term_string}"},"query-input":{"@type":"PropertyValueSpecification","valueRequired":true,"valueName":"search_term_string"}}],"inLanguage":"ro-RO"},{"@type":"Person","@id":"https:\/\/idays.ro\/blog\/#\/schema\/person\/8b6552e1384e1ab28b8d3dc230212823","name":"liviu.andrei","image":{"@type":"ImageObject","inLanguage":"ro-RO","@id":"https:\/\/idays.ro\/blog\/#\/schema\/person\/image\/","url":"https:\/\/secure.gravatar.com\/avatar\/b3f7b6799cd9cf49f1e5691003e23e3cdcfee36272b0a7e3863eb32ccb60b91a?s=96&d=mm&r=g","contentUrl":"https:\/\/secure.gravatar.com\/avatar\/b3f7b6799cd9cf49f1e5691003e23e3cdcfee36272b0a7e3863eb32ccb60b91a?s=96&d=mm&r=g","caption":"liviu.andrei"},"sameAs":["https:\/\/idays.ro\/blog"]}]}},"_links":{"self":[{"href":"https:\/\/idays.ro\/blog\/wp-json\/wp\/v2\/posts\/987","targetHints":{"allow":["GET"]}}],"collection":[{"href":"https:\/\/idays.ro\/blog\/wp-json\/wp\/v2\/posts"}],"about":[{"href":"https:\/\/idays.ro\/blog\/wp-json\/wp\/v2\/types\/post"}],"author":[{"embeddable":true,"href":"https:\/\/idays.ro\/blog\/wp-json\/wp\/v2\/users\/1"}],"replies":[{"embeddable":true,"href":"https:\/\/idays.ro\/blog\/wp-json\/wp\/v2\/comments?post=987"}],"version-history":[{"count":1,"href":"https:\/\/idays.ro\/blog\/wp-json\/wp\/v2\/posts\/987\/revisions"}],"predecessor-version":[{"id":992,"href":"https:\/\/idays.ro\/blog\/wp-json\/wp\/v2\/posts\/987\/revisions\/992"}],"wp:featuredmedia":[{"embeddable":true,"href":"https:\/\/idays.ro\/blog\/wp-json\/wp\/v2\/media\/988"}],"wp:attachment":[{"href":"https:\/\/idays.ro\/blog\/wp-json\/wp\/v2\/media?parent=987"}],"wp:term":[{"taxonomy":"category","embeddable":true,"href":"https:\/\/idays.ro\/blog\/wp-json\/wp\/v2\/categories?post=987"},{"taxonomy":"post_tag","embeddable":true,"href":"https:\/\/idays.ro\/blog\/wp-json\/wp\/v2\/tags?post=987"}],"curies":[{"name":"wp","href":"https:\/\/api.w.org\/{rel}","templated":true}]}}