{"id":985,"date":"2025-11-29T15:20:00","date_gmt":"2025-11-29T13:20:00","guid":{"rendered":"https:\/\/idays.ro\/blog\/?p=985"},"modified":"2025-11-23T00:37:51","modified_gmt":"2025-11-22T22:37:51","slug":"ce-zile-libere-mai-avem-pana-la-finalul-anului-calendar-actualizat-noiembrie-2025","status":"publish","type":"post","link":"https:\/\/idays.ro\/blog\/ce-zile-libere-mai-avem-pana-la-finalul-anului-calendar-actualizat-noiembrie-2025\/","title":{"rendered":"Ce zile libere mai avem p\u00e2n\u0103 la finalul anului \u2013 calendar actualizat noiembrie 2025"},"content":{"rendered":"<p>Pe m\u0103sur\u0103 ce ne apropiem de finalul anului 2025, mul\u021bi dintre noi ne \u00eentreb\u0103m c\u00e2te zile libere mai avem la dispozi\u021bie pentru a ne relaxa \u0219i a ne bucura de timpul liber. Zilele libere sunt momente importante pentru a ne recupera energia, a petrece timp cu familia sau a ne dedica hobby-urilor. \u00cen acest articol, vom analiza zilele libere r\u0103mase p\u00e2n\u0103 la sf\u00e2r\u0219itul anului, av\u00e2nd \u00een vedere calendarul oficial al s\u0103rb\u0103torilor legale \u00een Rom\u00e2nia.<\/p>\n<p><strong>Calendarul zilelor libere \u00een Rom\u00e2nia<\/strong><\/p>\n<p>\u00cen Rom\u00e2nia, zilele libere sunt reglementate prin lege, iar acestea includ at\u00e2t s\u0103rb\u0103tori legale, c\u00e2t \u0219i zile care pot fi acordate pentru diverse evenimente. P\u00e2n\u0103 la finalul anului 2025, avem c\u00e2teva zile libere de care ne putem bucura. Iat\u0103 o list\u0103 cu zilele libere r\u0103mase:<\/p>\n<ul>\n<li><strong>1 Decembrie (vineri)<\/strong> &#8211; Ziua Na\u021bional\u0103 a Rom\u00e2niei<\/li>\n<li><strong>25 Decembrie (luni)<\/strong> &#8211; Cr\u0103ciunul<\/li>\n<li><strong>26 Decembrie (mar\u021bi)<\/strong> &#8211; A doua zi de Cr\u0103ciun<\/li>\n<\/ul>\n<p>Aceste zile sunt recunoscute oficial \u0219i to\u021bi angaja\u021bii din sectoare publice \u0219i private beneficiaz\u0103 de ele. \u00cen plus, este important de men\u021bionat c\u0103, \u00een cazul \u00een care o s\u0103rb\u0103toare legal\u0103 cade \u00eentr-o zi de weekend, ziua liber\u0103 va fi mutat\u0103 \u00een ziua urm\u0103toare lucr\u0103toare.<\/p>\n<p><strong>Organizarea timpului liber<\/strong><\/p>\n<p>Av\u00e2nd \u00een vedere c\u0103 1 Decembrie cade \u00eentr-o zi de vineri, aceasta va crea un weekend prelungit, ceea ce poate fi o oportunitate excelent\u0103 pentru o mic\u0103 escapad\u0103 sau pentru a petrece timp cu familia. De asemenea, Cr\u0103ciunul, care va fi s\u0103rb\u0103torit pe 25 \u0219i 26 decembrie, este o perioad\u0103 deosebit\u0103 \u00een care mul\u021bi rom\u00e2ni se reunesc cu cei dragi, iar unele companii ofer\u0103 zile libere suplimentare \u00een jurul acestei s\u0103rb\u0103tori.<\/p>\n<p>Este important s\u0103 ne organiz\u0103m din timp, mai ales dac\u0103 ne g\u00e2ndim s\u0103 facem planuri de c\u0103l\u0103torie sau s\u0103 organiz\u0103m evenimente festive. De asemenea, este bine s\u0103 ne asigur\u0103m c\u0103 avem toate preg\u0103tirile necesare pentru s\u0103rb\u0103torile de iarn\u0103, av\u00e2nd \u00een vedere c\u0103 acestea sunt adesea pline de activit\u0103\u021bi \u0219i \u00eent\u00e2lniri cu prietenii \u0219i familia.<\/p>\n<p><strong>Posibile zile libere suplimentare<\/strong><\/p>\n<p>Pe l\u00e2ng\u0103 zilele oficiale de s\u0103rb\u0103toare, unele companii ofer\u0103 zile libere suplimentare pentru angaja\u021bi, \u00een func\u021bie de politica intern\u0103 sau de contractele colective de munc\u0103. Acestea pot include zile libere pentru evenimente speciale, cum ar fi ziua de na\u0219tere a companiei sau alte s\u0103rb\u0103tori relevante. Este important s\u0103 verifici cu angajatorul t\u0103u pentru a afla dac\u0103 beneficiezi de astfel de zile.<\/p>\n<p><strong>Planificarea vacan\u021belor<\/strong><\/p>\n<p>\u00cen contextul zilelor libere, este o idee bun\u0103 s\u0103 \u00ee\u021bi planifici vacan\u021bele din timp. Av\u00e2nd \u00een vedere c\u0103 1 Decembrie \u0219i Cr\u0103ciunul sunt s\u0103rb\u0103tori care aduc bucurie \u0219i voie bun\u0103, mul\u021bi rom\u00e2ni aleg s\u0103 c\u0103l\u0103toreasc\u0103 \u00een aceast\u0103 perioad\u0103. Poate fi util s\u0103 rezervi din timp cazare \u0219i s\u0103 te asiguri c\u0103 ai un itinerar bine pus la punct pentru a profita la maxim de timpul liber.<\/p>\n<p>De asemenea, nu uita s\u0103 iei \u00een considerare \u0219i traficul, mai ales dac\u0103 pl\u0103nuie\u0219ti s\u0103 c\u0103l\u0103tore\u0219ti \u00een ora\u0219e mari sau spre destina\u021bii populare. Poate fi o idee bun\u0103 s\u0103 pleci mai devreme sau s\u0103 evi\u021bi orele de v\u00e2rf.<\/p>\n<p>\u00cen concluzie, p\u00e2n\u0103 la finalul anului 2025, avem c\u00e2teva zile libere importante de s\u0103rb\u0103torit. Organizarea timpului liber \u0219i planificarea din timp pot contribui la o experien\u021b\u0103 pl\u0103cut\u0103 \u0219i relaxant\u0103. Fie c\u0103 alegi s\u0103 c\u0103l\u0103tore\u0219ti, s\u0103 petreci timp cu familia sau s\u0103 te bucuri de tradi\u021bii, asigur\u0103-te c\u0103 profiti la maximum de aceste zile speciale.<\/p>\n","protected":false},"excerpt":{"rendered":"<p>Verific\u0103 zilele libere r\u0103mase \u00een 2025 pentru a te putea organiza mai bine. \u00cen acest articol, \u00ee\u021bi oferim informa\u021bii despre zilele de s\u0103rb\u0103toare \u0219i weekendurile prelungite.<\/p>\n","protected":false},"author":1,"featured_media":165,"comment_status":"open","ping_status":"open","sticky":false,"template":"","format":"standard","meta":{"footnotes":""},"categories":[7],"tags":[],"class_list":{"0":"post-985","1":"post","2":"type-post","3":"status-publish","4":"format-standard","5":"has-post-thumbnail","7":"category-resurse-utile"},"yoast_head":"<!-- This site is optimized with the Yoast SEO plugin v26.9 - https:\/\/yoast.com\/product\/yoast-seo-wordpress\/ -->\n<title>Ce zile libere mai avem p\u00e2n\u0103 la finalul anului \u2013 calendar actualizat noiembrie 2025 - IDAYS.RO BLOG<\/title>\n<meta name=\"robots\" content=\"index, follow, max-snippet:-1, max-image-preview:large, max-video-preview:-1\" \/>\n<link rel=\"canonical\" href=\"https:\/\/idays.ro\/blog\/ce-zile-libere-mai-avem-pana-la-finalul-anului-calendar-actualizat-noiembrie-2025\/\" \/>\n<meta property=\"og:locale\" content=\"ro_RO\" \/>\n<meta property=\"og:type\" content=\"article\" \/>\n<meta property=\"og:title\" content=\"Ce zile libere mai avem p\u00e2n\u0103 la finalul anului \u2013 calendar actualizat noiembrie 2025 - IDAYS.RO BLOG\" \/>\n<meta property=\"og:description\" content=\"Verific\u0103 zilele libere r\u0103mase \u00een 2025 pentru a te putea organiza mai bine. \u00cen acest articol, \u00ee\u021bi oferim informa\u021bii despre zilele de s\u0103rb\u0103toare \u0219i weekendurile prelungite.\" \/>\n<meta property=\"og:url\" content=\"https:\/\/idays.ro\/blog\/ce-zile-libere-mai-avem-pana-la-finalul-anului-calendar-actualizat-noiembrie-2025\/\" \/>\n<meta property=\"og:site_name\" content=\"IDAYS.RO BLOG\" \/>\n<meta property=\"article:published_time\" content=\"2025-11-29T13:20:00+00:00\" \/>\n<meta property=\"og:image\" content=\"https:\/\/idays.ro\/blog\/wp-content\/uploads\/2025\/09\/ski-poiana-brasov.jpg\" \/>\n\t<meta property=\"og:image:width\" content=\"1200\" \/>\n\t<meta property=\"og:image:height\" content=\"627\" \/>\n\t<meta property=\"og:image:type\" content=\"image\/jpeg\" \/>\n<meta name=\"author\" content=\"liviu.andrei\" \/>\n<meta name=\"twitter:card\" content=\"summary_large_image\" \/>\n<meta name=\"twitter:label1\" content=\"Scris de\" \/>\n\t<meta name=\"twitter:data1\" content=\"liviu.andrei\" \/>\n\t<meta name=\"twitter:label2\" content=\"Timp estimat pentru citire\" \/>\n\t<meta name=\"twitter:data2\" content=\"4 minute\" \/>\n<script type=\"application\/ld+json\" class=\"yoast-schema-graph\">{\"@context\":\"https:\/\/schema.org\",\"@graph\":[{\"@type\":\"Article\",\"@id\":\"https:\/\/idays.ro\/blog\/ce-zile-libere-mai-avem-pana-la-finalul-anului-calendar-actualizat-noiembrie-2025\/#article\",\"isPartOf\":{\"@id\":\"https:\/\/idays.ro\/blog\/ce-zile-libere-mai-avem-pana-la-finalul-anului-calendar-actualizat-noiembrie-2025\/\"},\"author\":{\"name\":\"liviu.andrei\",\"@id\":\"https:\/\/idays.ro\/blog\/#\/schema\/person\/8b6552e1384e1ab28b8d3dc230212823\"},\"headline\":\"Ce zile libere mai avem p\u00e2n\u0103 la finalul anului \u2013 calendar actualizat noiembrie 2025\",\"datePublished\":\"2025-11-29T13:20:00+00:00\",\"mainEntityOfPage\":{\"@id\":\"https:\/\/idays.ro\/blog\/ce-zile-libere-mai-avem-pana-la-finalul-anului-calendar-actualizat-noiembrie-2025\/\"},\"wordCount\":638,\"commentCount\":0,\"image\":{\"@id\":\"https:\/\/idays.ro\/blog\/ce-zile-libere-mai-avem-pana-la-finalul-anului-calendar-actualizat-noiembrie-2025\/#primaryimage\"},\"thumbnailUrl\":\"https:\/\/idays.ro\/blog\/wp-content\/uploads\/2025\/09\/ski-poiana-brasov.jpg\",\"articleSection\":[\"Resurse utile\"],\"inLanguage\":\"ro-RO\",\"potentialAction\":[{\"@type\":\"CommentAction\",\"name\":\"Comment\",\"target\":[\"https:\/\/idays.ro\/blog\/ce-zile-libere-mai-avem-pana-la-finalul-anului-calendar-actualizat-noiembrie-2025\/#respond\"]}]},{\"@type\":\"WebPage\",\"@id\":\"https:\/\/idays.ro\/blog\/ce-zile-libere-mai-avem-pana-la-finalul-anului-calendar-actualizat-noiembrie-2025\/\",\"url\":\"https:\/\/idays.ro\/blog\/ce-zile-libere-mai-avem-pana-la-finalul-anului-calendar-actualizat-noiembrie-2025\/\",\"name\":\"Ce zile libere mai avem p\u00e2n\u0103 la finalul anului \u2013 calendar actualizat noiembrie 2025 - IDAYS.RO BLOG\",\"isPartOf\":{\"@id\":\"https:\/\/idays.ro\/blog\/#website\"},\"primaryImageOfPage\":{\"@id\":\"https:\/\/idays.ro\/blog\/ce-zile-libere-mai-avem-pana-la-finalul-anului-calendar-actualizat-noiembrie-2025\/#primaryimage\"},\"image\":{\"@id\":\"https:\/\/idays.ro\/blog\/ce-zile-libere-mai-avem-pana-la-finalul-anului-calendar-actualizat-noiembrie-2025\/#primaryimage\"},\"thumbnailUrl\":\"https:\/\/idays.ro\/blog\/wp-content\/uploads\/2025\/09\/ski-poiana-brasov.jpg\",\"datePublished\":\"2025-11-29T13:20:00+00:00\",\"author\":{\"@id\":\"https:\/\/idays.ro\/blog\/#\/schema\/person\/8b6552e1384e1ab28b8d3dc230212823\"},\"breadcrumb\":{\"@id\":\"https:\/\/idays.ro\/blog\/ce-zile-libere-mai-avem-pana-la-finalul-anului-calendar-actualizat-noiembrie-2025\/#breadcrumb\"},\"inLanguage\":\"ro-RO\",\"potentialAction\":[{\"@type\":\"ReadAction\",\"target\":[\"https:\/\/idays.ro\/blog\/ce-zile-libere-mai-avem-pana-la-finalul-anului-calendar-actualizat-noiembrie-2025\/\"]}]},{\"@type\":\"ImageObject\",\"inLanguage\":\"ro-RO\",\"@id\":\"https:\/\/idays.ro\/blog\/ce-zile-libere-mai-avem-pana-la-finalul-anului-calendar-actualizat-noiembrie-2025\/#primaryimage\",\"url\":\"https:\/\/idays.ro\/blog\/wp-content\/uploads\/2025\/09\/ski-poiana-brasov.jpg\",\"contentUrl\":\"https:\/\/idays.ro\/blog\/wp-content\/uploads\/2025\/09\/ski-poiana-brasov.jpg\",\"width\":1200,\"height\":627,\"caption\":\"Ski Poiana Brasov\"},{\"@type\":\"BreadcrumbList\",\"@id\":\"https:\/\/idays.ro\/blog\/ce-zile-libere-mai-avem-pana-la-finalul-anului-calendar-actualizat-noiembrie-2025\/#breadcrumb\",\"itemListElement\":[{\"@type\":\"ListItem\",\"position\":1,\"name\":\"Prima pagin\u0103\",\"item\":\"https:\/\/idays.ro\/blog\/\"},{\"@type\":\"ListItem\",\"position\":2,\"name\":\"Ce zile libere mai avem p\u00e2n\u0103 la finalul anului \u2013 calendar actualizat noiembrie 2025\"}]},{\"@type\":\"WebSite\",\"@id\":\"https:\/\/idays.ro\/blog\/#website\",\"url\":\"https:\/\/idays.ro\/blog\/\",\"name\":\"IDAYS.RO BLOG\",\"description\":\"\",\"potentialAction\":[{\"@type\":\"SearchAction\",\"target\":{\"@type\":\"EntryPoint\",\"urlTemplate\":\"https:\/\/idays.ro\/blog\/?s={search_term_string}\"},\"query-input\":{\"@type\":\"PropertyValueSpecification\",\"valueRequired\":true,\"valueName\":\"search_term_string\"}}],\"inLanguage\":\"ro-RO\"},{\"@type\":\"Person\",\"@id\":\"https:\/\/idays.ro\/blog\/#\/schema\/person\/8b6552e1384e1ab28b8d3dc230212823\",\"name\":\"liviu.andrei\",\"image\":{\"@type\":\"ImageObject\",\"inLanguage\":\"ro-RO\",\"@id\":\"https:\/\/idays.ro\/blog\/#\/schema\/person\/image\/\",\"url\":\"https:\/\/secure.gravatar.com\/avatar\/b3f7b6799cd9cf49f1e5691003e23e3cdcfee36272b0a7e3863eb32ccb60b91a?s=96&d=mm&r=g\",\"contentUrl\":\"https:\/\/secure.gravatar.com\/avatar\/b3f7b6799cd9cf49f1e5691003e23e3cdcfee36272b0a7e3863eb32ccb60b91a?s=96&d=mm&r=g\",\"caption\":\"liviu.andrei\"},\"sameAs\":[\"https:\/\/idays.ro\/blog\"]}]}<\/script>\n<!-- \/ Yoast SEO plugin. -->","yoast_head_json":{"title":"Ce zile libere mai avem p\u00e2n\u0103 la finalul anului \u2013 calendar actualizat noiembrie 2025 - IDAYS.RO BLOG","robots":{"index":"index","follow":"follow","max-snippet":"max-snippet:-1","max-image-preview":"max-image-preview:large","max-video-preview":"max-video-preview:-1"},"canonical":"https:\/\/idays.ro\/blog\/ce-zile-libere-mai-avem-pana-la-finalul-anului-calendar-actualizat-noiembrie-2025\/","og_locale":"ro_RO","og_type":"article","og_title":"Ce zile libere mai avem p\u00e2n\u0103 la finalul anului \u2013 calendar actualizat noiembrie 2025 - IDAYS.RO BLOG","og_description":"Verific\u0103 zilele libere r\u0103mase \u00een 2025 pentru a te putea organiza mai bine. \u00cen acest articol, \u00ee\u021bi oferim informa\u021bii despre zilele de s\u0103rb\u0103toare \u0219i weekendurile prelungite.","og_url":"https:\/\/idays.ro\/blog\/ce-zile-libere-mai-avem-pana-la-finalul-anului-calendar-actualizat-noiembrie-2025\/","og_site_name":"IDAYS.RO BLOG","article_published_time":"2025-11-29T13:20:00+00:00","og_image":[{"width":1200,"height":627,"url":"https:\/\/idays.ro\/blog\/wp-content\/uploads\/2025\/09\/ski-poiana-brasov.jpg","type":"image\/jpeg"}],"author":"liviu.andrei","twitter_card":"summary_large_image","twitter_misc":{"Scris de":"liviu.andrei","Timp estimat pentru citire":"4 minute"},"schema":{"@context":"https:\/\/schema.org","@graph":[{"@type":"Article","@id":"https:\/\/idays.ro\/blog\/ce-zile-libere-mai-avem-pana-la-finalul-anului-calendar-actualizat-noiembrie-2025\/#article","isPartOf":{"@id":"https:\/\/idays.ro\/blog\/ce-zile-libere-mai-avem-pana-la-finalul-anului-calendar-actualizat-noiembrie-2025\/"},"author":{"name":"liviu.andrei","@id":"https:\/\/idays.ro\/blog\/#\/schema\/person\/8b6552e1384e1ab28b8d3dc230212823"},"headline":"Ce zile libere mai avem p\u00e2n\u0103 la finalul anului \u2013 calendar actualizat noiembrie 2025","datePublished":"2025-11-29T13:20:00+00:00","mainEntityOfPage":{"@id":"https:\/\/idays.ro\/blog\/ce-zile-libere-mai-avem-pana-la-finalul-anului-calendar-actualizat-noiembrie-2025\/"},"wordCount":638,"commentCount":0,"image":{"@id":"https:\/\/idays.ro\/blog\/ce-zile-libere-mai-avem-pana-la-finalul-anului-calendar-actualizat-noiembrie-2025\/#primaryimage"},"thumbnailUrl":"https:\/\/idays.ro\/blog\/wp-content\/uploads\/2025\/09\/ski-poiana-brasov.jpg","articleSection":["Resurse utile"],"inLanguage":"ro-RO","potentialAction":[{"@type":"CommentAction","name":"Comment","target":["https:\/\/idays.ro\/blog\/ce-zile-libere-mai-avem-pana-la-finalul-anului-calendar-actualizat-noiembrie-2025\/#respond"]}]},{"@type":"WebPage","@id":"https:\/\/idays.ro\/blog\/ce-zile-libere-mai-avem-pana-la-finalul-anului-calendar-actualizat-noiembrie-2025\/","url":"https:\/\/idays.ro\/blog\/ce-zile-libere-mai-avem-pana-la-finalul-anului-calendar-actualizat-noiembrie-2025\/","name":"Ce zile libere mai avem p\u00e2n\u0103 la finalul anului \u2013 calendar actualizat noiembrie 2025 - IDAYS.RO BLOG","isPartOf":{"@id":"https:\/\/idays.ro\/blog\/#website"},"primaryImageOfPage":{"@id":"https:\/\/idays.ro\/blog\/ce-zile-libere-mai-avem-pana-la-finalul-anului-calendar-actualizat-noiembrie-2025\/#primaryimage"},"image":{"@id":"https:\/\/idays.ro\/blog\/ce-zile-libere-mai-avem-pana-la-finalul-anului-calendar-actualizat-noiembrie-2025\/#primaryimage"},"thumbnailUrl":"https:\/\/idays.ro\/blog\/wp-content\/uploads\/2025\/09\/ski-poiana-brasov.jpg","datePublished":"2025-11-29T13:20:00+00:00","author":{"@id":"https:\/\/idays.ro\/blog\/#\/schema\/person\/8b6552e1384e1ab28b8d3dc230212823"},"breadcrumb":{"@id":"https:\/\/idays.ro\/blog\/ce-zile-libere-mai-avem-pana-la-finalul-anului-calendar-actualizat-noiembrie-2025\/#breadcrumb"},"inLanguage":"ro-RO","potentialAction":[{"@type":"ReadAction","target":["https:\/\/idays.ro\/blog\/ce-zile-libere-mai-avem-pana-la-finalul-anului-calendar-actualizat-noiembrie-2025\/"]}]},{"@type":"ImageObject","inLanguage":"ro-RO","@id":"https:\/\/idays.ro\/blog\/ce-zile-libere-mai-avem-pana-la-finalul-anului-calendar-actualizat-noiembrie-2025\/#primaryimage","url":"https:\/\/idays.ro\/blog\/wp-content\/uploads\/2025\/09\/ski-poiana-brasov.jpg","contentUrl":"https:\/\/idays.ro\/blog\/wp-content\/uploads\/2025\/09\/ski-poiana-brasov.jpg","width":1200,"height":627,"caption":"Ski Poiana Brasov"},{"@type":"BreadcrumbList","@id":"https:\/\/idays.ro\/blog\/ce-zile-libere-mai-avem-pana-la-finalul-anului-calendar-actualizat-noiembrie-2025\/#breadcrumb","itemListElement":[{"@type":"ListItem","position":1,"name":"Prima pagin\u0103","item":"https:\/\/idays.ro\/blog\/"},{"@type":"ListItem","position":2,"name":"Ce zile libere mai avem p\u00e2n\u0103 la finalul anului \u2013 calendar actualizat noiembrie 2025"}]},{"@type":"WebSite","@id":"https:\/\/idays.ro\/blog\/#website","url":"https:\/\/idays.ro\/blog\/","name":"IDAYS.RO BLOG","description":"","potentialAction":[{"@type":"SearchAction","target":{"@type":"EntryPoint","urlTemplate":"https:\/\/idays.ro\/blog\/?s={search_term_string}"},"query-input":{"@type":"PropertyValueSpecification","valueRequired":true,"valueName":"search_term_string"}}],"inLanguage":"ro-RO"},{"@type":"Person","@id":"https:\/\/idays.ro\/blog\/#\/schema\/person\/8b6552e1384e1ab28b8d3dc230212823","name":"liviu.andrei","image":{"@type":"ImageObject","inLanguage":"ro-RO","@id":"https:\/\/idays.ro\/blog\/#\/schema\/person\/image\/","url":"https:\/\/secure.gravatar.com\/avatar\/b3f7b6799cd9cf49f1e5691003e23e3cdcfee36272b0a7e3863eb32ccb60b91a?s=96&d=mm&r=g","contentUrl":"https:\/\/secure.gravatar.com\/avatar\/b3f7b6799cd9cf49f1e5691003e23e3cdcfee36272b0a7e3863eb32ccb60b91a?s=96&d=mm&r=g","caption":"liviu.andrei"},"sameAs":["https:\/\/idays.ro\/blog"]}]}},"_links":{"self":[{"href":"https:\/\/idays.ro\/blog\/wp-json\/wp\/v2\/posts\/985","targetHints":{"allow":["GET"]}}],"collection":[{"href":"https:\/\/idays.ro\/blog\/wp-json\/wp\/v2\/posts"}],"about":[{"href":"https:\/\/idays.ro\/blog\/wp-json\/wp\/v2\/types\/post"}],"author":[{"embeddable":true,"href":"https:\/\/idays.ro\/blog\/wp-json\/wp\/v2\/users\/1"}],"replies":[{"embeddable":true,"href":"https:\/\/idays.ro\/blog\/wp-json\/wp\/v2\/comments?post=985"}],"version-history":[{"count":1,"href":"https:\/\/idays.ro\/blog\/wp-json\/wp\/v2\/posts\/985\/revisions"}],"predecessor-version":[{"id":1037,"href":"https:\/\/idays.ro\/blog\/wp-json\/wp\/v2\/posts\/985\/revisions\/1037"}],"wp:featuredmedia":[{"embeddable":true,"href":"https:\/\/idays.ro\/blog\/wp-json\/wp\/v2\/media\/165"}],"wp:attachment":[{"href":"https:\/\/idays.ro\/blog\/wp-json\/wp\/v2\/media?parent=985"}],"wp:term":[{"taxonomy":"category","embeddable":true,"href":"https:\/\/idays.ro\/blog\/wp-json\/wp\/v2\/categories?post=985"},{"taxonomy":"post_tag","embeddable":true,"href":"https:\/\/idays.ro\/blog\/wp-json\/wp\/v2\/tags?post=985"}],"curies":[{"name":"wp","href":"https:\/\/api.w.org\/{rel}","templated":true}]}}