{"id":983,"date":"2025-11-27T15:19:35","date_gmt":"2025-11-27T13:19:35","guid":{"rendered":"https:\/\/idays.ro\/blog\/?p=983"},"modified":"2025-11-12T23:57:58","modified_gmt":"2025-11-12T21:57:58","slug":"ce-destinatii-de-iarna-sa-ai-in-vedere-acum-escape-de-ianuarie-rezervabile-inca-din-noiembrie","status":"publish","type":"post","link":"https:\/\/idays.ro\/blog\/ce-destinatii-de-iarna-sa-ai-in-vedere-acum-escape-de-ianuarie-rezervabile-inca-din-noiembrie\/","title":{"rendered":"Ce destina\u0163ii de iarn\u0103 s\u0103-ai \u00een vedere acum \u2013 escape de ianuarie rezervabile \u00eenc\u0103 din noiembrie"},"content":{"rendered":"\n<p>Iarna este un anotimp plin de magie, iar pentru cei care doresc s\u0103 evadeze din rutina zilnic\u0103, acesta reprezint\u0103 o oportunitate excelent\u0103 de a explora locuri noi. Fie c\u0103 e\u0219ti pasionat de sporturi de iarn\u0103 sau preferi s\u0103 te bucuri de peisaje albe \u0219i atmosfer\u0103 festiv\u0103, exist\u0103 numeroase destina\u021bii care te a\u0219teapt\u0103. \u00cen acest articol, \u00ee\u021bi vom prezenta c\u00e2teva dintre cele mai atractive locuri de iarn\u0103, care pot fi rezervate \u00eenc\u0103 din noiembrie.<\/p>\n\n\n\n<p><strong>Destina\u021bii montane pentru iubitorii de schi<\/strong><\/p>\n\n\n\n<p>Una dintre cele mai populare op\u021biuni pentru o escapad\u0103 de iarn\u0103 sunt sta\u021biunile montane. Dac\u0103 e\u0219ti pasionat de schi sau snowboarding, \u00ee\u021bi recomand\u0103m s\u0103 verifici destina\u021bii precum:<\/p>\n\n\n\n<ul class=\"wp-block-list\">\n<li><strong>Poiana Bra\u0219ov<\/strong> \u2013 Situat\u0103 \u00een inima Carpa\u021bilor, Poiana Bra\u0219ov ofer\u0103 p\u00e2rtii excelente, dar \u0219i o atmosfer\u0103 pl\u0103cut\u0103, cu restaurante \u0219i cafenele care te a\u0219teapt\u0103 dup\u0103 o zi pe p\u00e2rtie.<\/li>\n\n\n\n<li><strong>Valea Prahovei<\/strong> \u2013 Cu sta\u021biuni precum Sinaia, Bu\u0219teni \u0219i Azuga, aceast\u0103 zon\u0103 este ideal\u0103 pentru cei care doresc s\u0103 combine sporturile de iarn\u0103 cu relaxarea la un hotel confortabil.<\/li>\n\n\n\n<li><strong>Vatra Dornei<\/strong> \u2013 O destina\u021bie mai pu\u021bin aglomerat\u0103, dar la fel de frumoas\u0103, Vatra Dornei ofer\u0103 p\u00e2rtii pentru toate nivelurile de dificultate \u0219i un peisaj de vis.<\/li>\n<\/ul>\n\n\n\n<p><strong>Experien\u021be culturale \u00een ora\u0219e \u00eenghe\u021bate<\/strong><\/p>\n\n\n\n<p>Dac\u0103 preferi s\u0103 te bucuri de cultura \u0219i tradi\u021biile locale \u00een timpul iernii, ora\u0219ele europene se transform\u0103 \u00een adev\u0103rate t\u0103r\u00e2muri de poveste. Iat\u0103 c\u00e2teva sugestii:<\/p>\n\n\n\n<ul class=\"wp-block-list\">\n<li><strong>Praga, Cehia<\/strong> \u2013 Cu arhitectura sa impresionant\u0103 \u0219i pie\u021bele decorate pentru s\u0103rb\u0103tori, Praga este o alegere excelent\u0103 pentru o escapad\u0103 romantic\u0103. Nu rata T\u00e2rgul de Cr\u0103ciun din Pia\u021ba Ora\u0219ului Vechi!<\/li>\n\n\n\n<li><strong>Budapesta, Ungaria<\/strong> \u2013 Cunoscut\u0103 pentru b\u0103ile sale termale \u0219i atmosfera vibrant\u0103, Budapesta ofer\u0103 o combina\u021bie perfect\u0103 de relaxare \u0219i distrac\u021bie \u00een timpul iernii.<\/li>\n\n\n\n<li><strong>Viena, Austria<\/strong> \u2013 Capitala a muzicii \u0219i artei, Viena se prezint\u0103 \u00eentr-o lumin\u0103 deosebit\u0103 \u00een sezonul rece, cu t\u00e2rguri de Cr\u0103ciun, concerte \u0219i multe alte evenimente culturale.<\/li>\n<\/ul>\n\n\n\n<p><strong>Relaxare la SPA-uri montane<\/strong><\/p>\n\n\n\n<p>Dac\u0103 preferi s\u0103 te r\u0103sfe\u021bi cu o experien\u021b\u0103 de relaxare, multe sta\u021biuni montane ofer\u0103 centre SPA unde te po\u021bi bucura de tratamente de \u00eenfrumuse\u021bare \u0219i wellness. Iat\u0103 c\u00e2teva destina\u021bii care combin\u0103 sporturile de iarn\u0103 cu relaxarea:<\/p>\n\n\n\n<ul class=\"wp-block-list\">\n<li><strong>Bucovina<\/strong> \u2013 Regiunea Bucovinei nu este doar pentru schi, ci \u0219i pentru b\u0103ile termale care te vor revitaliza dup\u0103 o zi pe p\u00e2rtie.<\/li>\n\n\n\n<li><strong>Transilvania<\/strong> \u2013 Regiunea montan\u0103 din Transilvania dispune de numeroase hoteluri cu SPA, unde po\u021bi savura un vin fiert \u00een timp ce te bucuri de peisajul alb.<\/li>\n<\/ul>\n\n\n\n<p><strong>Planific\u0103-\u021bi escapada din timp<\/strong><\/p>\n\n\n\n<p>Indiferent de destina\u021bia aleas\u0103, este important s\u0103 \u00ee\u021bi planifici vacan\u021ba din timp. Rezerv\u0103rile din noiembrie \u00ee\u021bi pot oferi cele mai bune pre\u021buri \u0219i oferte speciale, a\u0219a c\u0103 nu ezita s\u0103 verifici op\u021biunile disponibile. De asemenea, asigur\u0103-te c\u0103 ai toat\u0103 echipamentul necesar \u0219i c\u0103 te informezi despre condi\u021biile meteo \u00eenainte de a pleca.<\/p>\n\n\n\n<p>\u00cen concluzie, iarna este un moment minunat pentru a explora noi destina\u021bii \u0219i a te bucura de atmosfera specific\u0103 sezonului. Fie c\u0103 alegi s\u0103 schiezi \u00een mun\u021bi sau s\u0103 descoperi ora\u0219e pline de cultur\u0103, posibilit\u0103\u021bile sunt variate. A\u0219adar, ia \u00een considerare aceste sugestii \u0219i preg\u0103te\u0219te-te de o escapad\u0103 de neuitat \u00een <a href=\"https:\/\/idays.ro\/zile\/libere-pe-luni\/ianuarie-2026\">ianuarie 2026<\/a>!<\/p>\n","protected":false},"excerpt":{"rendered":"<p>Iarna aduce cu sine oportunit\u0103\u021bi de a explora locuri minunate, iar dac\u0103 e\u0219ti \u00een c\u0103utarea unei escapade perfect\u0103, iat\u0103 c\u00e2teva destina\u021bii de iarn\u0103 care merit\u0103 s\u0103 fie rezervate acum.<\/p>\n","protected":false},"author":1,"featured_media":984,"comment_status":"open","ping_status":"open","sticky":false,"template":"","format":"standard","meta":{"footnotes":""},"categories":[5],"tags":[],"class_list":{"0":"post-983","1":"post","2":"type-post","3":"status-publish","4":"format-standard","5":"has-post-thumbnail","7":"category-timp-liber"},"yoast_head":"<!-- This site is optimized with the Yoast SEO plugin v26.9 - https:\/\/yoast.com\/product\/yoast-seo-wordpress\/ -->\n<title>Ce destina\u0163ii de iarn\u0103 s\u0103-ai \u00een vedere acum \u2013 escape de ianuarie rezervabile \u00eenc\u0103 din noiembrie - IDAYS.RO BLOG<\/title>\n<meta name=\"robots\" content=\"index, follow, max-snippet:-1, max-image-preview:large, max-video-preview:-1\" \/>\n<link rel=\"canonical\" href=\"https:\/\/idays.ro\/blog\/ce-destinatii-de-iarna-sa-ai-in-vedere-acum-escape-de-ianuarie-rezervabile-inca-din-noiembrie\/\" \/>\n<meta property=\"og:locale\" content=\"ro_RO\" \/>\n<meta property=\"og:type\" content=\"article\" \/>\n<meta property=\"og:title\" content=\"Ce destina\u0163ii de iarn\u0103 s\u0103-ai \u00een vedere acum \u2013 escape de ianuarie rezervabile \u00eenc\u0103 din noiembrie - IDAYS.RO BLOG\" \/>\n<meta property=\"og:description\" content=\"Iarna aduce cu sine oportunit\u0103\u021bi de a explora locuri minunate, iar dac\u0103 e\u0219ti \u00een c\u0103utarea unei escapade perfect\u0103, iat\u0103 c\u00e2teva destina\u021bii de iarn\u0103 care merit\u0103 s\u0103 fie rezervate acum.\" \/>\n<meta property=\"og:url\" content=\"https:\/\/idays.ro\/blog\/ce-destinatii-de-iarna-sa-ai-in-vedere-acum-escape-de-ianuarie-rezervabile-inca-din-noiembrie\/\" \/>\n<meta property=\"og:site_name\" content=\"IDAYS.RO BLOG\" \/>\n<meta property=\"article:published_time\" content=\"2025-11-27T13:19:35+00:00\" \/>\n<meta property=\"og:image\" content=\"https:\/\/idays.ro\/blog\/wp-content\/uploads\/2025\/11\/690df1e7cae4f-fashionable-mother-with-daughter-people-walks-outside-min.jpg\" \/>\n\t<meta property=\"og:image:width\" content=\"1900\" \/>\n\t<meta property=\"og:image:height\" content=\"1267\" \/>\n\t<meta property=\"og:image:type\" content=\"image\/jpeg\" \/>\n<meta name=\"author\" content=\"liviu.andrei\" \/>\n<meta name=\"twitter:card\" content=\"summary_large_image\" \/>\n<meta name=\"twitter:label1\" content=\"Scris de\" \/>\n\t<meta name=\"twitter:data1\" content=\"liviu.andrei\" \/>\n\t<meta name=\"twitter:label2\" content=\"Timp estimat pentru citire\" \/>\n\t<meta name=\"twitter:data2\" content=\"3 minute\" \/>\n<script type=\"application\/ld+json\" class=\"yoast-schema-graph\">{\"@context\":\"https:\/\/schema.org\",\"@graph\":[{\"@type\":\"Article\",\"@id\":\"https:\/\/idays.ro\/blog\/ce-destinatii-de-iarna-sa-ai-in-vedere-acum-escape-de-ianuarie-rezervabile-inca-din-noiembrie\/#article\",\"isPartOf\":{\"@id\":\"https:\/\/idays.ro\/blog\/ce-destinatii-de-iarna-sa-ai-in-vedere-acum-escape-de-ianuarie-rezervabile-inca-din-noiembrie\/\"},\"author\":{\"name\":\"liviu.andrei\",\"@id\":\"https:\/\/idays.ro\/blog\/#\/schema\/person\/8b6552e1384e1ab28b8d3dc230212823\"},\"headline\":\"Ce destina\u0163ii de iarn\u0103 s\u0103-ai \u00een vedere acum \u2013 escape de ianuarie rezervabile \u00eenc\u0103 din noiembrie\",\"datePublished\":\"2025-11-27T13:19:35+00:00\",\"mainEntityOfPage\":{\"@id\":\"https:\/\/idays.ro\/blog\/ce-destinatii-de-iarna-sa-ai-in-vedere-acum-escape-de-ianuarie-rezervabile-inca-din-noiembrie\/\"},\"wordCount\":577,\"commentCount\":0,\"image\":{\"@id\":\"https:\/\/idays.ro\/blog\/ce-destinatii-de-iarna-sa-ai-in-vedere-acum-escape-de-ianuarie-rezervabile-inca-din-noiembrie\/#primaryimage\"},\"thumbnailUrl\":\"https:\/\/idays.ro\/blog\/wp-content\/uploads\/2025\/11\/690df1e7cae4f-fashionable-mother-with-daughter-people-walks-outside-min.jpg\",\"articleSection\":[\"Timp liber\"],\"inLanguage\":\"ro-RO\",\"potentialAction\":[{\"@type\":\"CommentAction\",\"name\":\"Comment\",\"target\":[\"https:\/\/idays.ro\/blog\/ce-destinatii-de-iarna-sa-ai-in-vedere-acum-escape-de-ianuarie-rezervabile-inca-din-noiembrie\/#respond\"]}]},{\"@type\":\"WebPage\",\"@id\":\"https:\/\/idays.ro\/blog\/ce-destinatii-de-iarna-sa-ai-in-vedere-acum-escape-de-ianuarie-rezervabile-inca-din-noiembrie\/\",\"url\":\"https:\/\/idays.ro\/blog\/ce-destinatii-de-iarna-sa-ai-in-vedere-acum-escape-de-ianuarie-rezervabile-inca-din-noiembrie\/\",\"name\":\"Ce destina\u0163ii de iarn\u0103 s\u0103-ai \u00een vedere acum \u2013 escape de ianuarie rezervabile \u00eenc\u0103 din noiembrie - IDAYS.RO BLOG\",\"isPartOf\":{\"@id\":\"https:\/\/idays.ro\/blog\/#website\"},\"primaryImageOfPage\":{\"@id\":\"https:\/\/idays.ro\/blog\/ce-destinatii-de-iarna-sa-ai-in-vedere-acum-escape-de-ianuarie-rezervabile-inca-din-noiembrie\/#primaryimage\"},\"image\":{\"@id\":\"https:\/\/idays.ro\/blog\/ce-destinatii-de-iarna-sa-ai-in-vedere-acum-escape-de-ianuarie-rezervabile-inca-din-noiembrie\/#primaryimage\"},\"thumbnailUrl\":\"https:\/\/idays.ro\/blog\/wp-content\/uploads\/2025\/11\/690df1e7cae4f-fashionable-mother-with-daughter-people-walks-outside-min.jpg\",\"datePublished\":\"2025-11-27T13:19:35+00:00\",\"author\":{\"@id\":\"https:\/\/idays.ro\/blog\/#\/schema\/person\/8b6552e1384e1ab28b8d3dc230212823\"},\"breadcrumb\":{\"@id\":\"https:\/\/idays.ro\/blog\/ce-destinatii-de-iarna-sa-ai-in-vedere-acum-escape-de-ianuarie-rezervabile-inca-din-noiembrie\/#breadcrumb\"},\"inLanguage\":\"ro-RO\",\"potentialAction\":[{\"@type\":\"ReadAction\",\"target\":[\"https:\/\/idays.ro\/blog\/ce-destinatii-de-iarna-sa-ai-in-vedere-acum-escape-de-ianuarie-rezervabile-inca-din-noiembrie\/\"]}]},{\"@type\":\"ImageObject\",\"inLanguage\":\"ro-RO\",\"@id\":\"https:\/\/idays.ro\/blog\/ce-destinatii-de-iarna-sa-ai-in-vedere-acum-escape-de-ianuarie-rezervabile-inca-din-noiembrie\/#primaryimage\",\"url\":\"https:\/\/idays.ro\/blog\/wp-content\/uploads\/2025\/11\/690df1e7cae4f-fashionable-mother-with-daughter-people-walks-outside-min.jpg\",\"contentUrl\":\"https:\/\/idays.ro\/blog\/wp-content\/uploads\/2025\/11\/690df1e7cae4f-fashionable-mother-with-daughter-people-walks-outside-min.jpg\",\"width\":1900,\"height\":1267},{\"@type\":\"BreadcrumbList\",\"@id\":\"https:\/\/idays.ro\/blog\/ce-destinatii-de-iarna-sa-ai-in-vedere-acum-escape-de-ianuarie-rezervabile-inca-din-noiembrie\/#breadcrumb\",\"itemListElement\":[{\"@type\":\"ListItem\",\"position\":1,\"name\":\"Prima pagin\u0103\",\"item\":\"https:\/\/idays.ro\/blog\/\"},{\"@type\":\"ListItem\",\"position\":2,\"name\":\"Ce destina\u0163ii de iarn\u0103 s\u0103-ai \u00een vedere acum \u2013 escape de ianuarie rezervabile \u00eenc\u0103 din noiembrie\"}]},{\"@type\":\"WebSite\",\"@id\":\"https:\/\/idays.ro\/blog\/#website\",\"url\":\"https:\/\/idays.ro\/blog\/\",\"name\":\"IDAYS.RO BLOG\",\"description\":\"\",\"potentialAction\":[{\"@type\":\"SearchAction\",\"target\":{\"@type\":\"EntryPoint\",\"urlTemplate\":\"https:\/\/idays.ro\/blog\/?s={search_term_string}\"},\"query-input\":{\"@type\":\"PropertyValueSpecification\",\"valueRequired\":true,\"valueName\":\"search_term_string\"}}],\"inLanguage\":\"ro-RO\"},{\"@type\":\"Person\",\"@id\":\"https:\/\/idays.ro\/blog\/#\/schema\/person\/8b6552e1384e1ab28b8d3dc230212823\",\"name\":\"liviu.andrei\",\"image\":{\"@type\":\"ImageObject\",\"inLanguage\":\"ro-RO\",\"@id\":\"https:\/\/idays.ro\/blog\/#\/schema\/person\/image\/\",\"url\":\"https:\/\/secure.gravatar.com\/avatar\/b3f7b6799cd9cf49f1e5691003e23e3cdcfee36272b0a7e3863eb32ccb60b91a?s=96&d=mm&r=g\",\"contentUrl\":\"https:\/\/secure.gravatar.com\/avatar\/b3f7b6799cd9cf49f1e5691003e23e3cdcfee36272b0a7e3863eb32ccb60b91a?s=96&d=mm&r=g\",\"caption\":\"liviu.andrei\"},\"sameAs\":[\"https:\/\/idays.ro\/blog\"]}]}<\/script>\n<!-- \/ Yoast SEO plugin. -->","yoast_head_json":{"title":"Ce destina\u0163ii de iarn\u0103 s\u0103-ai \u00een vedere acum \u2013 escape de ianuarie rezervabile \u00eenc\u0103 din noiembrie - IDAYS.RO BLOG","robots":{"index":"index","follow":"follow","max-snippet":"max-snippet:-1","max-image-preview":"max-image-preview:large","max-video-preview":"max-video-preview:-1"},"canonical":"https:\/\/idays.ro\/blog\/ce-destinatii-de-iarna-sa-ai-in-vedere-acum-escape-de-ianuarie-rezervabile-inca-din-noiembrie\/","og_locale":"ro_RO","og_type":"article","og_title":"Ce destina\u0163ii de iarn\u0103 s\u0103-ai \u00een vedere acum \u2013 escape de ianuarie rezervabile \u00eenc\u0103 din noiembrie - IDAYS.RO BLOG","og_description":"Iarna aduce cu sine oportunit\u0103\u021bi de a explora locuri minunate, iar dac\u0103 e\u0219ti \u00een c\u0103utarea unei escapade perfect\u0103, iat\u0103 c\u00e2teva destina\u021bii de iarn\u0103 care merit\u0103 s\u0103 fie rezervate acum.","og_url":"https:\/\/idays.ro\/blog\/ce-destinatii-de-iarna-sa-ai-in-vedere-acum-escape-de-ianuarie-rezervabile-inca-din-noiembrie\/","og_site_name":"IDAYS.RO BLOG","article_published_time":"2025-11-27T13:19:35+00:00","og_image":[{"width":1900,"height":1267,"url":"https:\/\/idays.ro\/blog\/wp-content\/uploads\/2025\/11\/690df1e7cae4f-fashionable-mother-with-daughter-people-walks-outside-min.jpg","type":"image\/jpeg"}],"author":"liviu.andrei","twitter_card":"summary_large_image","twitter_misc":{"Scris de":"liviu.andrei","Timp estimat pentru citire":"3 minute"},"schema":{"@context":"https:\/\/schema.org","@graph":[{"@type":"Article","@id":"https:\/\/idays.ro\/blog\/ce-destinatii-de-iarna-sa-ai-in-vedere-acum-escape-de-ianuarie-rezervabile-inca-din-noiembrie\/#article","isPartOf":{"@id":"https:\/\/idays.ro\/blog\/ce-destinatii-de-iarna-sa-ai-in-vedere-acum-escape-de-ianuarie-rezervabile-inca-din-noiembrie\/"},"author":{"name":"liviu.andrei","@id":"https:\/\/idays.ro\/blog\/#\/schema\/person\/8b6552e1384e1ab28b8d3dc230212823"},"headline":"Ce destina\u0163ii de iarn\u0103 s\u0103-ai \u00een vedere acum \u2013 escape de ianuarie rezervabile \u00eenc\u0103 din noiembrie","datePublished":"2025-11-27T13:19:35+00:00","mainEntityOfPage":{"@id":"https:\/\/idays.ro\/blog\/ce-destinatii-de-iarna-sa-ai-in-vedere-acum-escape-de-ianuarie-rezervabile-inca-din-noiembrie\/"},"wordCount":577,"commentCount":0,"image":{"@id":"https:\/\/idays.ro\/blog\/ce-destinatii-de-iarna-sa-ai-in-vedere-acum-escape-de-ianuarie-rezervabile-inca-din-noiembrie\/#primaryimage"},"thumbnailUrl":"https:\/\/idays.ro\/blog\/wp-content\/uploads\/2025\/11\/690df1e7cae4f-fashionable-mother-with-daughter-people-walks-outside-min.jpg","articleSection":["Timp liber"],"inLanguage":"ro-RO","potentialAction":[{"@type":"CommentAction","name":"Comment","target":["https:\/\/idays.ro\/blog\/ce-destinatii-de-iarna-sa-ai-in-vedere-acum-escape-de-ianuarie-rezervabile-inca-din-noiembrie\/#respond"]}]},{"@type":"WebPage","@id":"https:\/\/idays.ro\/blog\/ce-destinatii-de-iarna-sa-ai-in-vedere-acum-escape-de-ianuarie-rezervabile-inca-din-noiembrie\/","url":"https:\/\/idays.ro\/blog\/ce-destinatii-de-iarna-sa-ai-in-vedere-acum-escape-de-ianuarie-rezervabile-inca-din-noiembrie\/","name":"Ce destina\u0163ii de iarn\u0103 s\u0103-ai \u00een vedere acum \u2013 escape de ianuarie rezervabile \u00eenc\u0103 din noiembrie - IDAYS.RO BLOG","isPartOf":{"@id":"https:\/\/idays.ro\/blog\/#website"},"primaryImageOfPage":{"@id":"https:\/\/idays.ro\/blog\/ce-destinatii-de-iarna-sa-ai-in-vedere-acum-escape-de-ianuarie-rezervabile-inca-din-noiembrie\/#primaryimage"},"image":{"@id":"https:\/\/idays.ro\/blog\/ce-destinatii-de-iarna-sa-ai-in-vedere-acum-escape-de-ianuarie-rezervabile-inca-din-noiembrie\/#primaryimage"},"thumbnailUrl":"https:\/\/idays.ro\/blog\/wp-content\/uploads\/2025\/11\/690df1e7cae4f-fashionable-mother-with-daughter-people-walks-outside-min.jpg","datePublished":"2025-11-27T13:19:35+00:00","author":{"@id":"https:\/\/idays.ro\/blog\/#\/schema\/person\/8b6552e1384e1ab28b8d3dc230212823"},"breadcrumb":{"@id":"https:\/\/idays.ro\/blog\/ce-destinatii-de-iarna-sa-ai-in-vedere-acum-escape-de-ianuarie-rezervabile-inca-din-noiembrie\/#breadcrumb"},"inLanguage":"ro-RO","potentialAction":[{"@type":"ReadAction","target":["https:\/\/idays.ro\/blog\/ce-destinatii-de-iarna-sa-ai-in-vedere-acum-escape-de-ianuarie-rezervabile-inca-din-noiembrie\/"]}]},{"@type":"ImageObject","inLanguage":"ro-RO","@id":"https:\/\/idays.ro\/blog\/ce-destinatii-de-iarna-sa-ai-in-vedere-acum-escape-de-ianuarie-rezervabile-inca-din-noiembrie\/#primaryimage","url":"https:\/\/idays.ro\/blog\/wp-content\/uploads\/2025\/11\/690df1e7cae4f-fashionable-mother-with-daughter-people-walks-outside-min.jpg","contentUrl":"https:\/\/idays.ro\/blog\/wp-content\/uploads\/2025\/11\/690df1e7cae4f-fashionable-mother-with-daughter-people-walks-outside-min.jpg","width":1900,"height":1267},{"@type":"BreadcrumbList","@id":"https:\/\/idays.ro\/blog\/ce-destinatii-de-iarna-sa-ai-in-vedere-acum-escape-de-ianuarie-rezervabile-inca-din-noiembrie\/#breadcrumb","itemListElement":[{"@type":"ListItem","position":1,"name":"Prima pagin\u0103","item":"https:\/\/idays.ro\/blog\/"},{"@type":"ListItem","position":2,"name":"Ce destina\u0163ii de iarn\u0103 s\u0103-ai \u00een vedere acum \u2013 escape de ianuarie rezervabile \u00eenc\u0103 din noiembrie"}]},{"@type":"WebSite","@id":"https:\/\/idays.ro\/blog\/#website","url":"https:\/\/idays.ro\/blog\/","name":"IDAYS.RO BLOG","description":"","potentialAction":[{"@type":"SearchAction","target":{"@type":"EntryPoint","urlTemplate":"https:\/\/idays.ro\/blog\/?s={search_term_string}"},"query-input":{"@type":"PropertyValueSpecification","valueRequired":true,"valueName":"search_term_string"}}],"inLanguage":"ro-RO"},{"@type":"Person","@id":"https:\/\/idays.ro\/blog\/#\/schema\/person\/8b6552e1384e1ab28b8d3dc230212823","name":"liviu.andrei","image":{"@type":"ImageObject","inLanguage":"ro-RO","@id":"https:\/\/idays.ro\/blog\/#\/schema\/person\/image\/","url":"https:\/\/secure.gravatar.com\/avatar\/b3f7b6799cd9cf49f1e5691003e23e3cdcfee36272b0a7e3863eb32ccb60b91a?s=96&d=mm&r=g","contentUrl":"https:\/\/secure.gravatar.com\/avatar\/b3f7b6799cd9cf49f1e5691003e23e3cdcfee36272b0a7e3863eb32ccb60b91a?s=96&d=mm&r=g","caption":"liviu.andrei"},"sameAs":["https:\/\/idays.ro\/blog"]}]}},"_links":{"self":[{"href":"https:\/\/idays.ro\/blog\/wp-json\/wp\/v2\/posts\/983","targetHints":{"allow":["GET"]}}],"collection":[{"href":"https:\/\/idays.ro\/blog\/wp-json\/wp\/v2\/posts"}],"about":[{"href":"https:\/\/idays.ro\/blog\/wp-json\/wp\/v2\/types\/post"}],"author":[{"embeddable":true,"href":"https:\/\/idays.ro\/blog\/wp-json\/wp\/v2\/users\/1"}],"replies":[{"embeddable":true,"href":"https:\/\/idays.ro\/blog\/wp-json\/wp\/v2\/comments?post=983"}],"version-history":[{"count":1,"href":"https:\/\/idays.ro\/blog\/wp-json\/wp\/v2\/posts\/983\/revisions"}],"predecessor-version":[{"id":993,"href":"https:\/\/idays.ro\/blog\/wp-json\/wp\/v2\/posts\/983\/revisions\/993"}],"wp:featuredmedia":[{"embeddable":true,"href":"https:\/\/idays.ro\/blog\/wp-json\/wp\/v2\/media\/984"}],"wp:attachment":[{"href":"https:\/\/idays.ro\/blog\/wp-json\/wp\/v2\/media?parent=983"}],"wp:term":[{"taxonomy":"category","embeddable":true,"href":"https:\/\/idays.ro\/blog\/wp-json\/wp\/v2\/categories?post=983"},{"taxonomy":"post_tag","embeddable":true,"href":"https:\/\/idays.ro\/blog\/wp-json\/wp\/v2\/tags?post=983"}],"curies":[{"name":"wp","href":"https:\/\/api.w.org\/{rel}","templated":true}]}}