{"id":978,"date":"2025-11-26T15:17:24","date_gmt":"2025-11-26T13:17:24","guid":{"rendered":"https:\/\/idays.ro\/blog\/?p=978"},"modified":"2025-11-07T15:17:53","modified_gmt":"2025-11-07T13:17:53","slug":"5-activitati-de-iarna-pe-care-ar-trebui-sa-le-pui-in-calendar-pana-la-1-decembrie","status":"publish","type":"post","link":"https:\/\/idays.ro\/blog\/5-activitati-de-iarna-pe-care-ar-trebui-sa-le-pui-in-calendar-pana-la-1-decembrie\/","title":{"rendered":"5 activit\u0103\u0163i de iarn\u0103 pe care ar trebui s\u0103 le pui \u00een calendar p\u00e2n\u0103 la 1 decembrie"},"content":{"rendered":"<p>Iarna se apropie cu pa\u0219i repezi, iar preg\u0103tirile pentru acest sezon magic \u00eencep s\u0103 prind\u0103 contur. De la decorarea bradului p\u00e2n\u0103 la prepararea celor mai delicioase bun\u0103t\u0103\u021bi, fiecare an aduce cu sine o oportunitate de a ne bucura de tradi\u021bii \u0219i activit\u0103\u021bi care ne umplu sufletul de c\u0103ldur\u0103. Iat\u0103 cinci activit\u0103\u021bi de iarn\u0103 pe care ar trebui s\u0103 le incluzi \u00een calendarul t\u0103u p\u00e2n\u0103 la 1 decembrie.<\/p>\n<h2>1. \u00cempodobirea bradului de Cr\u0103ciun<\/h2>\n<p>\u00cempodobirea bradului este, f\u0103r\u0103 \u00eendoial\u0103, una dintre cele mai \u00eendr\u0103gite tradi\u021bii de iarn\u0103. Alege o sear\u0103 \u00een care \u00eentreaga familie s\u0103 se reuneasc\u0103 pentru a decora bradul. Fie c\u0103 alegi globuri str\u0103lucitoare, lumini\u021be colorate sau ornamente hand-made, acest moment va aduce bucurie \u0219i va crea amintiri de neuitat. Nu uita s\u0103 pui pe brad \u0219i o stea sau un \u00eenger, simboliz\u00e2nd speran\u021ba \u0219i magie Cr\u0103ciunului!<\/p>\n<h2>2. G\u0103titul re\u021betelor tradi\u021bionale de iarn\u0103<\/h2>\n<p>Sezonul rece este perfect pentru a experimenta cu re\u021bete tradi\u021bionale care ne aduc aminte de copil\u0103rie. O sup\u0103 cald\u0103, o m\u00e2ncare g\u0103tit\u0103 cu mult\u0103 iubire sau deserturi aromate, cum ar fi cozonacul sau pr\u0103jitura cu mere, sunt doar c\u00e2teva dintre op\u021biunile care merit\u0103 s\u0103 fie preg\u0103tite. Alege o zi \u00een care s\u0103 te implici \u00een g\u0103titul acestor bun\u0103t\u0103\u021bi, poate chiar al\u0103turi de cei dragi, \u0219i bucur\u0103-te de aromele iernii.<\/p>\n<h2>3. O excursie la munte<\/h2>\n<p>De ce s\u0103 nu te bucuri de frumuse\u021bea iernii \u00eentr-o escapad\u0103 la munte? Fie c\u0103 preferi schiul, snowboarding-ul sau pur \u0219i simplu o plimbare pe un drum acoperit de z\u0103pad\u0103, timpul petrecut \u00een natur\u0103 este \u00eentotdeauna revitalizant. Planific\u0103 o excursie de weekend \u00een care s\u0103 te bucuri de peisajele de vis \u0219i de aerul curat de munte. Nu uita s\u0103 \u00ee\u021bi iei cu tine echipamentul adecvat \u0219i, desigur, o camer\u0103 foto pentru a surprinde momentele speciale!<\/p>\n<h2>4. Vizionarea filmelor de iarn\u0103<\/h2>\n<p>Pe timpul iernii, nu exist\u0103 nimic mai pl\u0103cut dec\u00e2t s\u0103 te cuib\u0103re\u0219ti pe canapea, cu o p\u0103tur\u0103 moale, \u0219i s\u0103 vizionezi filme clasice de Cr\u0103ciun. Organizeaz\u0103 o sear\u0103 de film \u00een care s\u0103 aduni familia sau prietenii pentru a viziona pelicule precum \u201eSingur acas\u0103\u201d, \u201ePoveste de Cr\u0103ciun\u201d sau \u201eMiracolul de pe strada 34\u201d. Preg\u0103te\u0219te popcorn, ciocolat\u0103 cald\u0103 \u0219i bucur\u0103-te de atmosfera festiv\u0103 creat\u0103 de aceste filme.<\/p>\n<h2>5. T\u00e2rgurile de Cr\u0103ciun<\/h2>\n<p>Un alt aspect important al iernii sunt t\u00e2rgurile de Cr\u0103ciun, unde po\u021bi g\u0103si cadouri unice, decora\u021biuni \u0219i m\u00e2nc\u0103ruri tradi\u021bionale. Aceste t\u00e2rguri sunt locuri de \u00eent\u00e2lnire pentru comunitate, unde po\u021bi sim\u021bi cu adev\u0103rat spiritul s\u0103rb\u0103torilor. Fie c\u0103 alegi s\u0103 te plimbi printre standuri, s\u0103 savurezi un vin fiert sau s\u0103 ascul\u021bi colinde, o vizit\u0103 la un t\u00e2rg de Cr\u0103ciun este o activitate care nu ar trebui s\u0103 lipseasc\u0103 din calendarul t\u0103u.<\/p>\n<p>\u00cen concluzie, iarna este un sezon plin de magie \u0219i oportunit\u0103\u021bi de a crea amintiri frumoase. Indiferent de activit\u0103\u021bile pe care le alegi, asigur\u0103-te c\u0103 le planifici din timp pentru a te bucura din plin de aceast\u0103 perioad\u0103 special\u0103. Fiecare dintre aceste activit\u0103\u021bi poate aduce bucurie \u0219i c\u0103ldur\u0103 \u00een sufletele noastre, a\u0219a c\u0103 nu mai sta pe g\u00e2nduri \u0219i preg\u0103te\u0219te-te s\u0103 \u00eent\u00e2mpini iarna cu bra\u021bele deschise!<\/p>\n","protected":false},"excerpt":{"rendered":"<p>Iarna se apropie cu pa\u0219i repezi, iar preg\u0103tirile pentru acest sezon magic \u00eencep s\u0103 prind\u0103 contur. Iat\u0103 cinci activit\u0103\u021bi de iarn\u0103 pe care ar trebui s\u0103 le incluzi \u00een calendarul t\u0103u p\u00e2n\u0103 la 1 decembrie.<\/p>\n","protected":false},"author":1,"featured_media":80,"comment_status":"open","ping_status":"open","sticky":false,"template":"","format":"standard","meta":{"footnotes":""},"categories":[5],"tags":[],"class_list":{"0":"post-978","1":"post","2":"type-post","3":"status-publish","4":"format-standard","5":"has-post-thumbnail","7":"category-timp-liber"},"yoast_head":"<!-- This site is optimized with the Yoast SEO plugin v26.9 - https:\/\/yoast.com\/product\/yoast-seo-wordpress\/ -->\n<title>5 activit\u0103\u0163i de iarn\u0103 pe care ar trebui s\u0103 le pui \u00een calendar p\u00e2n\u0103 la 1 decembrie - IDAYS.RO BLOG<\/title>\n<meta name=\"robots\" content=\"index, follow, max-snippet:-1, max-image-preview:large, max-video-preview:-1\" \/>\n<link rel=\"canonical\" href=\"https:\/\/idays.ro\/blog\/5-activitati-de-iarna-pe-care-ar-trebui-sa-le-pui-in-calendar-pana-la-1-decembrie\/\" \/>\n<meta property=\"og:locale\" content=\"ro_RO\" \/>\n<meta property=\"og:type\" content=\"article\" \/>\n<meta property=\"og:title\" content=\"5 activit\u0103\u0163i de iarn\u0103 pe care ar trebui s\u0103 le pui \u00een calendar p\u00e2n\u0103 la 1 decembrie - IDAYS.RO BLOG\" \/>\n<meta property=\"og:description\" content=\"Iarna se apropie cu pa\u0219i repezi, iar preg\u0103tirile pentru acest sezon magic \u00eencep s\u0103 prind\u0103 contur. Iat\u0103 cinci activit\u0103\u021bi de iarn\u0103 pe care ar trebui s\u0103 le incluzi \u00een calendarul t\u0103u p\u00e2n\u0103 la 1 decembrie.\" \/>\n<meta property=\"og:url\" content=\"https:\/\/idays.ro\/blog\/5-activitati-de-iarna-pe-care-ar-trebui-sa-le-pui-in-calendar-pana-la-1-decembrie\/\" \/>\n<meta property=\"og:site_name\" content=\"IDAYS.RO BLOG\" \/>\n<meta property=\"article:published_time\" content=\"2025-11-26T13:17:24+00:00\" \/>\n<meta property=\"og:image\" content=\"https:\/\/idays.ro\/blog\/wp-content\/uploads\/2025\/09\/programare-reminder-evenimente.jpg\" \/>\n\t<meta property=\"og:image:width\" content=\"1800\" \/>\n\t<meta property=\"og:image:height\" content=\"1235\" \/>\n\t<meta property=\"og:image:type\" content=\"image\/jpeg\" \/>\n<meta name=\"author\" content=\"liviu.andrei\" \/>\n<meta name=\"twitter:card\" content=\"summary_large_image\" \/>\n<meta name=\"twitter:label1\" content=\"Scris de\" \/>\n\t<meta name=\"twitter:data1\" content=\"liviu.andrei\" \/>\n\t<meta name=\"twitter:label2\" content=\"Timp estimat pentru citire\" \/>\n\t<meta name=\"twitter:data2\" content=\"3 minute\" \/>\n<script type=\"application\/ld+json\" class=\"yoast-schema-graph\">{\"@context\":\"https:\/\/schema.org\",\"@graph\":[{\"@type\":\"Article\",\"@id\":\"https:\/\/idays.ro\/blog\/5-activitati-de-iarna-pe-care-ar-trebui-sa-le-pui-in-calendar-pana-la-1-decembrie\/#article\",\"isPartOf\":{\"@id\":\"https:\/\/idays.ro\/blog\/5-activitati-de-iarna-pe-care-ar-trebui-sa-le-pui-in-calendar-pana-la-1-decembrie\/\"},\"author\":{\"name\":\"liviu.andrei\",\"@id\":\"https:\/\/idays.ro\/blog\/#\/schema\/person\/8b6552e1384e1ab28b8d3dc230212823\"},\"headline\":\"5 activit\u0103\u0163i de iarn\u0103 pe care ar trebui s\u0103 le pui \u00een calendar p\u00e2n\u0103 la 1 decembrie\",\"datePublished\":\"2025-11-26T13:17:24+00:00\",\"mainEntityOfPage\":{\"@id\":\"https:\/\/idays.ro\/blog\/5-activitati-de-iarna-pe-care-ar-trebui-sa-le-pui-in-calendar-pana-la-1-decembrie\/\"},\"wordCount\":595,\"commentCount\":0,\"image\":{\"@id\":\"https:\/\/idays.ro\/blog\/5-activitati-de-iarna-pe-care-ar-trebui-sa-le-pui-in-calendar-pana-la-1-decembrie\/#primaryimage\"},\"thumbnailUrl\":\"https:\/\/idays.ro\/blog\/wp-content\/uploads\/2025\/09\/programare-reminder-evenimente.jpg\",\"articleSection\":[\"Timp liber\"],\"inLanguage\":\"ro-RO\",\"potentialAction\":[{\"@type\":\"CommentAction\",\"name\":\"Comment\",\"target\":[\"https:\/\/idays.ro\/blog\/5-activitati-de-iarna-pe-care-ar-trebui-sa-le-pui-in-calendar-pana-la-1-decembrie\/#respond\"]}]},{\"@type\":\"WebPage\",\"@id\":\"https:\/\/idays.ro\/blog\/5-activitati-de-iarna-pe-care-ar-trebui-sa-le-pui-in-calendar-pana-la-1-decembrie\/\",\"url\":\"https:\/\/idays.ro\/blog\/5-activitati-de-iarna-pe-care-ar-trebui-sa-le-pui-in-calendar-pana-la-1-decembrie\/\",\"name\":\"5 activit\u0103\u0163i de iarn\u0103 pe care ar trebui s\u0103 le pui \u00een calendar p\u00e2n\u0103 la 1 decembrie - IDAYS.RO BLOG\",\"isPartOf\":{\"@id\":\"https:\/\/idays.ro\/blog\/#website\"},\"primaryImageOfPage\":{\"@id\":\"https:\/\/idays.ro\/blog\/5-activitati-de-iarna-pe-care-ar-trebui-sa-le-pui-in-calendar-pana-la-1-decembrie\/#primaryimage\"},\"image\":{\"@id\":\"https:\/\/idays.ro\/blog\/5-activitati-de-iarna-pe-care-ar-trebui-sa-le-pui-in-calendar-pana-la-1-decembrie\/#primaryimage\"},\"thumbnailUrl\":\"https:\/\/idays.ro\/blog\/wp-content\/uploads\/2025\/09\/programare-reminder-evenimente.jpg\",\"datePublished\":\"2025-11-26T13:17:24+00:00\",\"author\":{\"@id\":\"https:\/\/idays.ro\/blog\/#\/schema\/person\/8b6552e1384e1ab28b8d3dc230212823\"},\"breadcrumb\":{\"@id\":\"https:\/\/idays.ro\/blog\/5-activitati-de-iarna-pe-care-ar-trebui-sa-le-pui-in-calendar-pana-la-1-decembrie\/#breadcrumb\"},\"inLanguage\":\"ro-RO\",\"potentialAction\":[{\"@type\":\"ReadAction\",\"target\":[\"https:\/\/idays.ro\/blog\/5-activitati-de-iarna-pe-care-ar-trebui-sa-le-pui-in-calendar-pana-la-1-decembrie\/\"]}]},{\"@type\":\"ImageObject\",\"inLanguage\":\"ro-RO\",\"@id\":\"https:\/\/idays.ro\/blog\/5-activitati-de-iarna-pe-care-ar-trebui-sa-le-pui-in-calendar-pana-la-1-decembrie\/#primaryimage\",\"url\":\"https:\/\/idays.ro\/blog\/wp-content\/uploads\/2025\/09\/programare-reminder-evenimente.jpg\",\"contentUrl\":\"https:\/\/idays.ro\/blog\/wp-content\/uploads\/2025\/09\/programare-reminder-evenimente.jpg\",\"width\":1800,\"height\":1235,\"caption\":\"Resurse utile\"},{\"@type\":\"BreadcrumbList\",\"@id\":\"https:\/\/idays.ro\/blog\/5-activitati-de-iarna-pe-care-ar-trebui-sa-le-pui-in-calendar-pana-la-1-decembrie\/#breadcrumb\",\"itemListElement\":[{\"@type\":\"ListItem\",\"position\":1,\"name\":\"Prima pagin\u0103\",\"item\":\"https:\/\/idays.ro\/blog\/\"},{\"@type\":\"ListItem\",\"position\":2,\"name\":\"5 activit\u0103\u0163i de iarn\u0103 pe care ar trebui s\u0103 le pui \u00een calendar p\u00e2n\u0103 la 1 decembrie\"}]},{\"@type\":\"WebSite\",\"@id\":\"https:\/\/idays.ro\/blog\/#website\",\"url\":\"https:\/\/idays.ro\/blog\/\",\"name\":\"IDAYS.RO BLOG\",\"description\":\"\",\"potentialAction\":[{\"@type\":\"SearchAction\",\"target\":{\"@type\":\"EntryPoint\",\"urlTemplate\":\"https:\/\/idays.ro\/blog\/?s={search_term_string}\"},\"query-input\":{\"@type\":\"PropertyValueSpecification\",\"valueRequired\":true,\"valueName\":\"search_term_string\"}}],\"inLanguage\":\"ro-RO\"},{\"@type\":\"Person\",\"@id\":\"https:\/\/idays.ro\/blog\/#\/schema\/person\/8b6552e1384e1ab28b8d3dc230212823\",\"name\":\"liviu.andrei\",\"image\":{\"@type\":\"ImageObject\",\"inLanguage\":\"ro-RO\",\"@id\":\"https:\/\/idays.ro\/blog\/#\/schema\/person\/image\/\",\"url\":\"https:\/\/secure.gravatar.com\/avatar\/b3f7b6799cd9cf49f1e5691003e23e3cdcfee36272b0a7e3863eb32ccb60b91a?s=96&d=mm&r=g\",\"contentUrl\":\"https:\/\/secure.gravatar.com\/avatar\/b3f7b6799cd9cf49f1e5691003e23e3cdcfee36272b0a7e3863eb32ccb60b91a?s=96&d=mm&r=g\",\"caption\":\"liviu.andrei\"},\"sameAs\":[\"https:\/\/idays.ro\/blog\"]}]}<\/script>\n<!-- \/ Yoast SEO plugin. -->","yoast_head_json":{"title":"5 activit\u0103\u0163i de iarn\u0103 pe care ar trebui s\u0103 le pui \u00een calendar p\u00e2n\u0103 la 1 decembrie - IDAYS.RO BLOG","robots":{"index":"index","follow":"follow","max-snippet":"max-snippet:-1","max-image-preview":"max-image-preview:large","max-video-preview":"max-video-preview:-1"},"canonical":"https:\/\/idays.ro\/blog\/5-activitati-de-iarna-pe-care-ar-trebui-sa-le-pui-in-calendar-pana-la-1-decembrie\/","og_locale":"ro_RO","og_type":"article","og_title":"5 activit\u0103\u0163i de iarn\u0103 pe care ar trebui s\u0103 le pui \u00een calendar p\u00e2n\u0103 la 1 decembrie - IDAYS.RO BLOG","og_description":"Iarna se apropie cu pa\u0219i repezi, iar preg\u0103tirile pentru acest sezon magic \u00eencep s\u0103 prind\u0103 contur. Iat\u0103 cinci activit\u0103\u021bi de iarn\u0103 pe care ar trebui s\u0103 le incluzi \u00een calendarul t\u0103u p\u00e2n\u0103 la 1 decembrie.","og_url":"https:\/\/idays.ro\/blog\/5-activitati-de-iarna-pe-care-ar-trebui-sa-le-pui-in-calendar-pana-la-1-decembrie\/","og_site_name":"IDAYS.RO BLOG","article_published_time":"2025-11-26T13:17:24+00:00","og_image":[{"width":1800,"height":1235,"url":"https:\/\/idays.ro\/blog\/wp-content\/uploads\/2025\/09\/programare-reminder-evenimente.jpg","type":"image\/jpeg"}],"author":"liviu.andrei","twitter_card":"summary_large_image","twitter_misc":{"Scris de":"liviu.andrei","Timp estimat pentru citire":"3 minute"},"schema":{"@context":"https:\/\/schema.org","@graph":[{"@type":"Article","@id":"https:\/\/idays.ro\/blog\/5-activitati-de-iarna-pe-care-ar-trebui-sa-le-pui-in-calendar-pana-la-1-decembrie\/#article","isPartOf":{"@id":"https:\/\/idays.ro\/blog\/5-activitati-de-iarna-pe-care-ar-trebui-sa-le-pui-in-calendar-pana-la-1-decembrie\/"},"author":{"name":"liviu.andrei","@id":"https:\/\/idays.ro\/blog\/#\/schema\/person\/8b6552e1384e1ab28b8d3dc230212823"},"headline":"5 activit\u0103\u0163i de iarn\u0103 pe care ar trebui s\u0103 le pui \u00een calendar p\u00e2n\u0103 la 1 decembrie","datePublished":"2025-11-26T13:17:24+00:00","mainEntityOfPage":{"@id":"https:\/\/idays.ro\/blog\/5-activitati-de-iarna-pe-care-ar-trebui-sa-le-pui-in-calendar-pana-la-1-decembrie\/"},"wordCount":595,"commentCount":0,"image":{"@id":"https:\/\/idays.ro\/blog\/5-activitati-de-iarna-pe-care-ar-trebui-sa-le-pui-in-calendar-pana-la-1-decembrie\/#primaryimage"},"thumbnailUrl":"https:\/\/idays.ro\/blog\/wp-content\/uploads\/2025\/09\/programare-reminder-evenimente.jpg","articleSection":["Timp liber"],"inLanguage":"ro-RO","potentialAction":[{"@type":"CommentAction","name":"Comment","target":["https:\/\/idays.ro\/blog\/5-activitati-de-iarna-pe-care-ar-trebui-sa-le-pui-in-calendar-pana-la-1-decembrie\/#respond"]}]},{"@type":"WebPage","@id":"https:\/\/idays.ro\/blog\/5-activitati-de-iarna-pe-care-ar-trebui-sa-le-pui-in-calendar-pana-la-1-decembrie\/","url":"https:\/\/idays.ro\/blog\/5-activitati-de-iarna-pe-care-ar-trebui-sa-le-pui-in-calendar-pana-la-1-decembrie\/","name":"5 activit\u0103\u0163i de iarn\u0103 pe care ar trebui s\u0103 le pui \u00een calendar p\u00e2n\u0103 la 1 decembrie - IDAYS.RO BLOG","isPartOf":{"@id":"https:\/\/idays.ro\/blog\/#website"},"primaryImageOfPage":{"@id":"https:\/\/idays.ro\/blog\/5-activitati-de-iarna-pe-care-ar-trebui-sa-le-pui-in-calendar-pana-la-1-decembrie\/#primaryimage"},"image":{"@id":"https:\/\/idays.ro\/blog\/5-activitati-de-iarna-pe-care-ar-trebui-sa-le-pui-in-calendar-pana-la-1-decembrie\/#primaryimage"},"thumbnailUrl":"https:\/\/idays.ro\/blog\/wp-content\/uploads\/2025\/09\/programare-reminder-evenimente.jpg","datePublished":"2025-11-26T13:17:24+00:00","author":{"@id":"https:\/\/idays.ro\/blog\/#\/schema\/person\/8b6552e1384e1ab28b8d3dc230212823"},"breadcrumb":{"@id":"https:\/\/idays.ro\/blog\/5-activitati-de-iarna-pe-care-ar-trebui-sa-le-pui-in-calendar-pana-la-1-decembrie\/#breadcrumb"},"inLanguage":"ro-RO","potentialAction":[{"@type":"ReadAction","target":["https:\/\/idays.ro\/blog\/5-activitati-de-iarna-pe-care-ar-trebui-sa-le-pui-in-calendar-pana-la-1-decembrie\/"]}]},{"@type":"ImageObject","inLanguage":"ro-RO","@id":"https:\/\/idays.ro\/blog\/5-activitati-de-iarna-pe-care-ar-trebui-sa-le-pui-in-calendar-pana-la-1-decembrie\/#primaryimage","url":"https:\/\/idays.ro\/blog\/wp-content\/uploads\/2025\/09\/programare-reminder-evenimente.jpg","contentUrl":"https:\/\/idays.ro\/blog\/wp-content\/uploads\/2025\/09\/programare-reminder-evenimente.jpg","width":1800,"height":1235,"caption":"Resurse utile"},{"@type":"BreadcrumbList","@id":"https:\/\/idays.ro\/blog\/5-activitati-de-iarna-pe-care-ar-trebui-sa-le-pui-in-calendar-pana-la-1-decembrie\/#breadcrumb","itemListElement":[{"@type":"ListItem","position":1,"name":"Prima pagin\u0103","item":"https:\/\/idays.ro\/blog\/"},{"@type":"ListItem","position":2,"name":"5 activit\u0103\u0163i de iarn\u0103 pe care ar trebui s\u0103 le pui \u00een calendar p\u00e2n\u0103 la 1 decembrie"}]},{"@type":"WebSite","@id":"https:\/\/idays.ro\/blog\/#website","url":"https:\/\/idays.ro\/blog\/","name":"IDAYS.RO BLOG","description":"","potentialAction":[{"@type":"SearchAction","target":{"@type":"EntryPoint","urlTemplate":"https:\/\/idays.ro\/blog\/?s={search_term_string}"},"query-input":{"@type":"PropertyValueSpecification","valueRequired":true,"valueName":"search_term_string"}}],"inLanguage":"ro-RO"},{"@type":"Person","@id":"https:\/\/idays.ro\/blog\/#\/schema\/person\/8b6552e1384e1ab28b8d3dc230212823","name":"liviu.andrei","image":{"@type":"ImageObject","inLanguage":"ro-RO","@id":"https:\/\/idays.ro\/blog\/#\/schema\/person\/image\/","url":"https:\/\/secure.gravatar.com\/avatar\/b3f7b6799cd9cf49f1e5691003e23e3cdcfee36272b0a7e3863eb32ccb60b91a?s=96&d=mm&r=g","contentUrl":"https:\/\/secure.gravatar.com\/avatar\/b3f7b6799cd9cf49f1e5691003e23e3cdcfee36272b0a7e3863eb32ccb60b91a?s=96&d=mm&r=g","caption":"liviu.andrei"},"sameAs":["https:\/\/idays.ro\/blog"]}]}},"_links":{"self":[{"href":"https:\/\/idays.ro\/blog\/wp-json\/wp\/v2\/posts\/978","targetHints":{"allow":["GET"]}}],"collection":[{"href":"https:\/\/idays.ro\/blog\/wp-json\/wp\/v2\/posts"}],"about":[{"href":"https:\/\/idays.ro\/blog\/wp-json\/wp\/v2\/types\/post"}],"author":[{"embeddable":true,"href":"https:\/\/idays.ro\/blog\/wp-json\/wp\/v2\/users\/1"}],"replies":[{"embeddable":true,"href":"https:\/\/idays.ro\/blog\/wp-json\/wp\/v2\/comments?post=978"}],"version-history":[{"count":1,"href":"https:\/\/idays.ro\/blog\/wp-json\/wp\/v2\/posts\/978\/revisions"}],"predecessor-version":[{"id":980,"href":"https:\/\/idays.ro\/blog\/wp-json\/wp\/v2\/posts\/978\/revisions\/980"}],"wp:featuredmedia":[{"embeddable":true,"href":"https:\/\/idays.ro\/blog\/wp-json\/wp\/v2\/media\/80"}],"wp:attachment":[{"href":"https:\/\/idays.ro\/blog\/wp-json\/wp\/v2\/media?parent=978"}],"wp:term":[{"taxonomy":"category","embeddable":true,"href":"https:\/\/idays.ro\/blog\/wp-json\/wp\/v2\/categories?post=978"},{"taxonomy":"post_tag","embeddable":true,"href":"https:\/\/idays.ro\/blog\/wp-json\/wp\/v2\/tags?post=978"}],"curies":[{"name":"wp","href":"https:\/\/api.w.org\/{rel}","templated":true}]}}