{"id":973,"date":"2025-12-06T15:16:34","date_gmt":"2025-12-06T13:16:34","guid":{"rendered":"https:\/\/idays.ro\/blog\/?p=973"},"modified":"2025-11-07T15:18:55","modified_gmt":"2025-11-07T13:18:55","slug":"zile-libere-in-ianuarie-cum-sa-iti-planifici-concediul-in-jurul-sarbatorilor-de-1-6-si-24-ianuarie","status":"publish","type":"post","link":"https:\/\/idays.ro\/blog\/zile-libere-in-ianuarie-cum-sa-iti-planifici-concediul-in-jurul-sarbatorilor-de-1-6-si-24-ianuarie\/","title":{"rendered":"Zile libere \u00een ianuarie \u2014 cum s\u0103 \u00ee\u0163i planifici concediul \u00een jurul s\u0103rb\u0103torilor de 1, 6 \u015fi 24 ianuarie"},"content":{"rendered":"<p>Ianuarie este o lun\u0103 special\u0103, plin\u0103 de s\u0103rb\u0103tori \u0219i zile libere care ofer\u0103 o oportunitate perfect\u0103 pentru a-\u021bi planifica concediul. Cu s\u0103rb\u0103torile de 1, 6 \u0219i 24 ianuarie, mul\u021bi dintre noi ne \u00eentreb\u0103m cum putem s\u0103 ne bucur\u0103m de aceste zile libere \u0219i, \u00een acela\u0219i timp, s\u0103 ne organiz\u0103m timpul astfel \u00eenc\u00e2t s\u0103 ne relax\u0103m \u0219i s\u0103 ne re\u00eenc\u0103rc\u0103m bateriile.<\/p>\n<p>\u00cen acest articol, vom explora cele trei zile libere din ianuarie \u0219i vom oferi c\u00e2teva sugestii despre cum s\u0103 \u00ee\u021bi planifici concediul \u00een jurul acestor s\u0103rb\u0103tori.<\/p>\n<h2>1 Ianuarie \u2013 Anul Nou<\/h2>\n<p>Prima zi a anului este s\u0103rb\u0103torit\u0103 \u00een \u00eentreaga lume ca o nou\u0103 \u00eenceput \u0219i este, de obicei, o zi liber\u0103. Aceasta este o ocazie minunat\u0103 pentru a petrece timp cu familia \u0219i prietenii, dar \u0219i pentru a reflecta asupra planurilor pentru anul care vine. De multe ori, 1 ianuarie este o zi dedicat\u0103 recuper\u0103rii dup\u0103 festivit\u0103\u021bile de revelion, dar poate fi \u0219i un moment potrivit pentru a face o scurt\u0103 excursie.<\/p>\n<h2>6 Ianuarie \u2013 Boboteaza<\/h2>\n<p>\u00cen Rom\u00e2nia, 6 ianuarie este cunoscut\u0103 ca Boboteaza \u0219i marcheaz\u0103 sf\u00e2r\u0219itul s\u0103rb\u0103torilor de iarn\u0103. Aceast\u0103 zi este, de asemenea, liber\u0103, oferind o alt\u0103 oportunitate de a te bucura de timpul liber. Este o zi \u00een care tradi\u021biile \u0219i obiceiurile sunt foarte importante, iar mul\u021bi aleg s\u0103 participe la slujbe religioase sau la evenimente comunitare.<\/p>\n<p>Pentru cei care vor s\u0103 \u00ee\u0219i planifice concediul \u00een jurul acestei zile, o idee ar fi s\u0103 faci o mini-vacan\u021b\u0103 \u00een care s\u0103 explorezi tradi\u021biile locale. De exemplu, multe ora\u0219e din Rom\u00e2nia organizeaz\u0103 festivaluri \u0219i t\u00e2rguri cu produse tradi\u021bionale, unde po\u021bi descoperi bun\u0103t\u0103\u021bi locale \u0219i me\u0219te\u0219uguri.<\/p>\n<h2>24 Ianuarie \u2013 Ziua Unirii Principatelor Rom\u00e2ne<\/h2>\n<p>Ziua de 24 ianuarie este o alt\u0103 zi liber\u0103, care celebreaz\u0103 Unirea Principatelor Rom\u00e2ne. Aceasta este o ocazie important\u0103 pentru a s\u0103rb\u0103tori unitatea \u0219i identitatea na\u021bional\u0103. De asemenea, este o zi \u00een care sunt organizate diverse evenimente culturale \u0219i artistice \u00een \u00eentreaga \u021bar\u0103.<\/p>\n<p>Dac\u0103 te g\u00e2nde\u0219ti s\u0103 \u00ee\u021bi planifici concediul \u00een jurul acestei zile, po\u021bi lua \u00een considerare o escapad\u0103 \u00een ora\u0219e precum Ia\u0219i sau Bucure\u0219ti, unde se organizeaz\u0103 parade \u0219i spectacole dedicate acestei s\u0103rb\u0103tori. De asemenea, po\u021bi profita de zilele libere pentru a vizita muzee sau expozi\u021bii care fac referire la istoria \u0219i cultura rom\u00e2neasc\u0103.<\/p>\n<h2>Planificarea concediului<\/h2>\n<p>Acum c\u0103 am discutat despre cele trei zile libere din ianuarie, este important s\u0103 ne concentr\u0103m pe cum putem s\u0103 ne planific\u0103m concediul astfel \u00eenc\u00e2t s\u0103 ne bucur\u0103m la maximum de aceste zile. Iat\u0103 c\u00e2teva sugestii:<\/p>\n<ul>\n<li><strong>\u00centreab\u0103-\u021bi angajatorul despre zilele libere suplimentare:<\/strong> Mul\u021bi angajatori ofer\u0103 zile libere suplimentare \u00een jurul s\u0103rb\u0103torilor, a\u0219a c\u0103 nu ezita s\u0103 \u00eentrebi.<\/li>\n<li><strong>Planific\u0103 o vacan\u021b\u0103 scurt\u0103:<\/strong> Folose\u0219te zilele libere pentru a face o escapad\u0103 de weekend. Chiar \u0219i c\u00e2teva zile pot fi suficiente pentru a te relaxa \u0219i a te deconecta de la rutina zilnic\u0103.<\/li>\n<li><strong>Fii flexibil:<\/strong> Dac\u0103 nu po\u021bi lua concediu \u00een jurul acestor zile, \u00eencearc\u0103 s\u0103 \u00ee\u021bi planifici vacan\u021ba \u00een alte perioade din lun\u0103, c\u00e2nd ai zile libere.<\/li>\n<li><strong>Exploreaz\u0103 op\u021biuni de c\u0103l\u0103torie:<\/strong> Profit\u0103 de ofertele de c\u0103l\u0103torie care pot ap\u0103rea \u00een ianuarie. Este o perioad\u0103 \u00een care pre\u021burile pot fi mai accesibile.<\/li>\n<\/ul>\n<p>\u00cen concluzie, ianuarie este o lun\u0103 plin\u0103 de oportunit\u0103\u021bi pentru a te bucura de zile libere \u0219i a-\u021bi planifica concediul. Fie c\u0103 alegi s\u0103 petreci timp acas\u0103 cu cei dragi, fie c\u0103 decizi s\u0103 explorezi locuri noi, este important s\u0103 \u00ee\u021bi organizezi timpul astfel \u00eenc\u00e2t s\u0103 te bucuri de fiecare moment. Nu uita s\u0103 \u00ee\u021bi planifici din timp concediul, astfel \u00eenc\u00e2t s\u0103 te bucuri de s\u0103rb\u0103torile din ianuarie la maxim!<\/p>\n","protected":false},"excerpt":{"rendered":"<p>Ianuarie este o lun\u0103 plin\u0103 de oportunit\u0103\u021bi pentru a-\u021bi planifica concediul. Descoper\u0103 cum s\u0103 \u00ee\u021bi organizezi zilele libere \u00een jurul s\u0103rb\u0103torilor importante din aceast\u0103 lun\u0103.<\/p>\n","protected":false},"author":1,"featured_media":940,"comment_status":"open","ping_status":"open","sticky":false,"template":"","format":"standard","meta":{"footnotes":""},"categories":[5],"tags":[],"class_list":{"0":"post-973","1":"post","2":"type-post","3":"status-publish","4":"format-standard","5":"has-post-thumbnail","7":"category-timp-liber"},"yoast_head":"<!-- This site is optimized with the Yoast SEO plugin v26.9 - https:\/\/yoast.com\/product\/yoast-seo-wordpress\/ -->\n<title>Zile libere \u00een ianuarie \u2014 cum s\u0103 \u00ee\u0163i planifici concediul \u00een jurul s\u0103rb\u0103torilor de 1, 6 \u015fi 24 ianuarie - IDAYS.RO BLOG<\/title>\n<meta name=\"robots\" content=\"index, follow, max-snippet:-1, max-image-preview:large, max-video-preview:-1\" \/>\n<link rel=\"canonical\" href=\"https:\/\/idays.ro\/blog\/zile-libere-in-ianuarie-cum-sa-iti-planifici-concediul-in-jurul-sarbatorilor-de-1-6-si-24-ianuarie\/\" \/>\n<meta property=\"og:locale\" content=\"ro_RO\" \/>\n<meta property=\"og:type\" content=\"article\" \/>\n<meta property=\"og:title\" content=\"Zile libere \u00een ianuarie \u2014 cum s\u0103 \u00ee\u0163i planifici concediul \u00een jurul s\u0103rb\u0103torilor de 1, 6 \u015fi 24 ianuarie - IDAYS.RO BLOG\" \/>\n<meta property=\"og:description\" content=\"Ianuarie este o lun\u0103 plin\u0103 de oportunit\u0103\u021bi pentru a-\u021bi planifica concediul. Descoper\u0103 cum s\u0103 \u00ee\u021bi organizezi zilele libere \u00een jurul s\u0103rb\u0103torilor importante din aceast\u0103 lun\u0103.\" \/>\n<meta property=\"og:url\" content=\"https:\/\/idays.ro\/blog\/zile-libere-in-ianuarie-cum-sa-iti-planifici-concediul-in-jurul-sarbatorilor-de-1-6-si-24-ianuarie\/\" \/>\n<meta property=\"og:site_name\" content=\"IDAYS.RO BLOG\" \/>\n<meta property=\"article:published_time\" content=\"2025-12-06T13:16:34+00:00\" \/>\n<meta property=\"og:image\" content=\"https:\/\/idays.ro\/blog\/wp-content\/uploads\/2025\/10\/6902a1ac752fe-pexels-tatianasyrikova-3975589-min.jpg\" \/>\n\t<meta property=\"og:image:width\" content=\"1900\" \/>\n\t<meta property=\"og:image:height\" content=\"1267\" \/>\n\t<meta property=\"og:image:type\" content=\"image\/jpeg\" \/>\n<meta name=\"author\" content=\"liviu.andrei\" \/>\n<meta name=\"twitter:card\" content=\"summary_large_image\" \/>\n<meta name=\"twitter:label1\" content=\"Scris de\" \/>\n\t<meta name=\"twitter:data1\" content=\"liviu.andrei\" \/>\n\t<meta name=\"twitter:label2\" content=\"Timp estimat pentru citire\" \/>\n\t<meta name=\"twitter:data2\" content=\"4 minute\" \/>\n<script type=\"application\/ld+json\" class=\"yoast-schema-graph\">{\"@context\":\"https:\/\/schema.org\",\"@graph\":[{\"@type\":\"Article\",\"@id\":\"https:\/\/idays.ro\/blog\/zile-libere-in-ianuarie-cum-sa-iti-planifici-concediul-in-jurul-sarbatorilor-de-1-6-si-24-ianuarie\/#article\",\"isPartOf\":{\"@id\":\"https:\/\/idays.ro\/blog\/zile-libere-in-ianuarie-cum-sa-iti-planifici-concediul-in-jurul-sarbatorilor-de-1-6-si-24-ianuarie\/\"},\"author\":{\"name\":\"liviu.andrei\",\"@id\":\"https:\/\/idays.ro\/blog\/#\/schema\/person\/8b6552e1384e1ab28b8d3dc230212823\"},\"headline\":\"Zile libere \u00een ianuarie \u2014 cum s\u0103 \u00ee\u0163i planifici concediul \u00een jurul s\u0103rb\u0103torilor de 1, 6 \u015fi 24 ianuarie\",\"datePublished\":\"2025-12-06T13:16:34+00:00\",\"mainEntityOfPage\":{\"@id\":\"https:\/\/idays.ro\/blog\/zile-libere-in-ianuarie-cum-sa-iti-planifici-concediul-in-jurul-sarbatorilor-de-1-6-si-24-ianuarie\/\"},\"wordCount\":669,\"commentCount\":0,\"image\":{\"@id\":\"https:\/\/idays.ro\/blog\/zile-libere-in-ianuarie-cum-sa-iti-planifici-concediul-in-jurul-sarbatorilor-de-1-6-si-24-ianuarie\/#primaryimage\"},\"thumbnailUrl\":\"https:\/\/idays.ro\/blog\/wp-content\/uploads\/2025\/10\/6902a1ac752fe-pexels-tatianasyrikova-3975589-min.jpg\",\"articleSection\":[\"Timp liber\"],\"inLanguage\":\"ro-RO\",\"potentialAction\":[{\"@type\":\"CommentAction\",\"name\":\"Comment\",\"target\":[\"https:\/\/idays.ro\/blog\/zile-libere-in-ianuarie-cum-sa-iti-planifici-concediul-in-jurul-sarbatorilor-de-1-6-si-24-ianuarie\/#respond\"]}]},{\"@type\":\"WebPage\",\"@id\":\"https:\/\/idays.ro\/blog\/zile-libere-in-ianuarie-cum-sa-iti-planifici-concediul-in-jurul-sarbatorilor-de-1-6-si-24-ianuarie\/\",\"url\":\"https:\/\/idays.ro\/blog\/zile-libere-in-ianuarie-cum-sa-iti-planifici-concediul-in-jurul-sarbatorilor-de-1-6-si-24-ianuarie\/\",\"name\":\"Zile libere \u00een ianuarie \u2014 cum s\u0103 \u00ee\u0163i planifici concediul \u00een jurul s\u0103rb\u0103torilor de 1, 6 \u015fi 24 ianuarie - IDAYS.RO BLOG\",\"isPartOf\":{\"@id\":\"https:\/\/idays.ro\/blog\/#website\"},\"primaryImageOfPage\":{\"@id\":\"https:\/\/idays.ro\/blog\/zile-libere-in-ianuarie-cum-sa-iti-planifici-concediul-in-jurul-sarbatorilor-de-1-6-si-24-ianuarie\/#primaryimage\"},\"image\":{\"@id\":\"https:\/\/idays.ro\/blog\/zile-libere-in-ianuarie-cum-sa-iti-planifici-concediul-in-jurul-sarbatorilor-de-1-6-si-24-ianuarie\/#primaryimage\"},\"thumbnailUrl\":\"https:\/\/idays.ro\/blog\/wp-content\/uploads\/2025\/10\/6902a1ac752fe-pexels-tatianasyrikova-3975589-min.jpg\",\"datePublished\":\"2025-12-06T13:16:34+00:00\",\"author\":{\"@id\":\"https:\/\/idays.ro\/blog\/#\/schema\/person\/8b6552e1384e1ab28b8d3dc230212823\"},\"breadcrumb\":{\"@id\":\"https:\/\/idays.ro\/blog\/zile-libere-in-ianuarie-cum-sa-iti-planifici-concediul-in-jurul-sarbatorilor-de-1-6-si-24-ianuarie\/#breadcrumb\"},\"inLanguage\":\"ro-RO\",\"potentialAction\":[{\"@type\":\"ReadAction\",\"target\":[\"https:\/\/idays.ro\/blog\/zile-libere-in-ianuarie-cum-sa-iti-planifici-concediul-in-jurul-sarbatorilor-de-1-6-si-24-ianuarie\/\"]}]},{\"@type\":\"ImageObject\",\"inLanguage\":\"ro-RO\",\"@id\":\"https:\/\/idays.ro\/blog\/zile-libere-in-ianuarie-cum-sa-iti-planifici-concediul-in-jurul-sarbatorilor-de-1-6-si-24-ianuarie\/#primaryimage\",\"url\":\"https:\/\/idays.ro\/blog\/wp-content\/uploads\/2025\/10\/6902a1ac752fe-pexels-tatianasyrikova-3975589-min.jpg\",\"contentUrl\":\"https:\/\/idays.ro\/blog\/wp-content\/uploads\/2025\/10\/6902a1ac752fe-pexels-tatianasyrikova-3975589-min.jpg\",\"width\":1900,\"height\":1267},{\"@type\":\"BreadcrumbList\",\"@id\":\"https:\/\/idays.ro\/blog\/zile-libere-in-ianuarie-cum-sa-iti-planifici-concediul-in-jurul-sarbatorilor-de-1-6-si-24-ianuarie\/#breadcrumb\",\"itemListElement\":[{\"@type\":\"ListItem\",\"position\":1,\"name\":\"Prima pagin\u0103\",\"item\":\"https:\/\/idays.ro\/blog\/\"},{\"@type\":\"ListItem\",\"position\":2,\"name\":\"Zile libere \u00een ianuarie \u2014 cum s\u0103 \u00ee\u0163i planifici concediul \u00een jurul s\u0103rb\u0103torilor de 1, 6 \u015fi 24 ianuarie\"}]},{\"@type\":\"WebSite\",\"@id\":\"https:\/\/idays.ro\/blog\/#website\",\"url\":\"https:\/\/idays.ro\/blog\/\",\"name\":\"IDAYS.RO BLOG\",\"description\":\"\",\"potentialAction\":[{\"@type\":\"SearchAction\",\"target\":{\"@type\":\"EntryPoint\",\"urlTemplate\":\"https:\/\/idays.ro\/blog\/?s={search_term_string}\"},\"query-input\":{\"@type\":\"PropertyValueSpecification\",\"valueRequired\":true,\"valueName\":\"search_term_string\"}}],\"inLanguage\":\"ro-RO\"},{\"@type\":\"Person\",\"@id\":\"https:\/\/idays.ro\/blog\/#\/schema\/person\/8b6552e1384e1ab28b8d3dc230212823\",\"name\":\"liviu.andrei\",\"image\":{\"@type\":\"ImageObject\",\"inLanguage\":\"ro-RO\",\"@id\":\"https:\/\/idays.ro\/blog\/#\/schema\/person\/image\/\",\"url\":\"https:\/\/secure.gravatar.com\/avatar\/b3f7b6799cd9cf49f1e5691003e23e3cdcfee36272b0a7e3863eb32ccb60b91a?s=96&d=mm&r=g\",\"contentUrl\":\"https:\/\/secure.gravatar.com\/avatar\/b3f7b6799cd9cf49f1e5691003e23e3cdcfee36272b0a7e3863eb32ccb60b91a?s=96&d=mm&r=g\",\"caption\":\"liviu.andrei\"},\"sameAs\":[\"https:\/\/idays.ro\/blog\"]}]}<\/script>\n<!-- \/ Yoast SEO plugin. -->","yoast_head_json":{"title":"Zile libere \u00een ianuarie \u2014 cum s\u0103 \u00ee\u0163i planifici concediul \u00een jurul s\u0103rb\u0103torilor de 1, 6 \u015fi 24 ianuarie - IDAYS.RO BLOG","robots":{"index":"index","follow":"follow","max-snippet":"max-snippet:-1","max-image-preview":"max-image-preview:large","max-video-preview":"max-video-preview:-1"},"canonical":"https:\/\/idays.ro\/blog\/zile-libere-in-ianuarie-cum-sa-iti-planifici-concediul-in-jurul-sarbatorilor-de-1-6-si-24-ianuarie\/","og_locale":"ro_RO","og_type":"article","og_title":"Zile libere \u00een ianuarie \u2014 cum s\u0103 \u00ee\u0163i planifici concediul \u00een jurul s\u0103rb\u0103torilor de 1, 6 \u015fi 24 ianuarie - IDAYS.RO BLOG","og_description":"Ianuarie este o lun\u0103 plin\u0103 de oportunit\u0103\u021bi pentru a-\u021bi planifica concediul. Descoper\u0103 cum s\u0103 \u00ee\u021bi organizezi zilele libere \u00een jurul s\u0103rb\u0103torilor importante din aceast\u0103 lun\u0103.","og_url":"https:\/\/idays.ro\/blog\/zile-libere-in-ianuarie-cum-sa-iti-planifici-concediul-in-jurul-sarbatorilor-de-1-6-si-24-ianuarie\/","og_site_name":"IDAYS.RO BLOG","article_published_time":"2025-12-06T13:16:34+00:00","og_image":[{"width":1900,"height":1267,"url":"https:\/\/idays.ro\/blog\/wp-content\/uploads\/2025\/10\/6902a1ac752fe-pexels-tatianasyrikova-3975589-min.jpg","type":"image\/jpeg"}],"author":"liviu.andrei","twitter_card":"summary_large_image","twitter_misc":{"Scris de":"liviu.andrei","Timp estimat pentru citire":"4 minute"},"schema":{"@context":"https:\/\/schema.org","@graph":[{"@type":"Article","@id":"https:\/\/idays.ro\/blog\/zile-libere-in-ianuarie-cum-sa-iti-planifici-concediul-in-jurul-sarbatorilor-de-1-6-si-24-ianuarie\/#article","isPartOf":{"@id":"https:\/\/idays.ro\/blog\/zile-libere-in-ianuarie-cum-sa-iti-planifici-concediul-in-jurul-sarbatorilor-de-1-6-si-24-ianuarie\/"},"author":{"name":"liviu.andrei","@id":"https:\/\/idays.ro\/blog\/#\/schema\/person\/8b6552e1384e1ab28b8d3dc230212823"},"headline":"Zile libere \u00een ianuarie \u2014 cum s\u0103 \u00ee\u0163i planifici concediul \u00een jurul s\u0103rb\u0103torilor de 1, 6 \u015fi 24 ianuarie","datePublished":"2025-12-06T13:16:34+00:00","mainEntityOfPage":{"@id":"https:\/\/idays.ro\/blog\/zile-libere-in-ianuarie-cum-sa-iti-planifici-concediul-in-jurul-sarbatorilor-de-1-6-si-24-ianuarie\/"},"wordCount":669,"commentCount":0,"image":{"@id":"https:\/\/idays.ro\/blog\/zile-libere-in-ianuarie-cum-sa-iti-planifici-concediul-in-jurul-sarbatorilor-de-1-6-si-24-ianuarie\/#primaryimage"},"thumbnailUrl":"https:\/\/idays.ro\/blog\/wp-content\/uploads\/2025\/10\/6902a1ac752fe-pexels-tatianasyrikova-3975589-min.jpg","articleSection":["Timp liber"],"inLanguage":"ro-RO","potentialAction":[{"@type":"CommentAction","name":"Comment","target":["https:\/\/idays.ro\/blog\/zile-libere-in-ianuarie-cum-sa-iti-planifici-concediul-in-jurul-sarbatorilor-de-1-6-si-24-ianuarie\/#respond"]}]},{"@type":"WebPage","@id":"https:\/\/idays.ro\/blog\/zile-libere-in-ianuarie-cum-sa-iti-planifici-concediul-in-jurul-sarbatorilor-de-1-6-si-24-ianuarie\/","url":"https:\/\/idays.ro\/blog\/zile-libere-in-ianuarie-cum-sa-iti-planifici-concediul-in-jurul-sarbatorilor-de-1-6-si-24-ianuarie\/","name":"Zile libere \u00een ianuarie \u2014 cum s\u0103 \u00ee\u0163i planifici concediul \u00een jurul s\u0103rb\u0103torilor de 1, 6 \u015fi 24 ianuarie - IDAYS.RO BLOG","isPartOf":{"@id":"https:\/\/idays.ro\/blog\/#website"},"primaryImageOfPage":{"@id":"https:\/\/idays.ro\/blog\/zile-libere-in-ianuarie-cum-sa-iti-planifici-concediul-in-jurul-sarbatorilor-de-1-6-si-24-ianuarie\/#primaryimage"},"image":{"@id":"https:\/\/idays.ro\/blog\/zile-libere-in-ianuarie-cum-sa-iti-planifici-concediul-in-jurul-sarbatorilor-de-1-6-si-24-ianuarie\/#primaryimage"},"thumbnailUrl":"https:\/\/idays.ro\/blog\/wp-content\/uploads\/2025\/10\/6902a1ac752fe-pexels-tatianasyrikova-3975589-min.jpg","datePublished":"2025-12-06T13:16:34+00:00","author":{"@id":"https:\/\/idays.ro\/blog\/#\/schema\/person\/8b6552e1384e1ab28b8d3dc230212823"},"breadcrumb":{"@id":"https:\/\/idays.ro\/blog\/zile-libere-in-ianuarie-cum-sa-iti-planifici-concediul-in-jurul-sarbatorilor-de-1-6-si-24-ianuarie\/#breadcrumb"},"inLanguage":"ro-RO","potentialAction":[{"@type":"ReadAction","target":["https:\/\/idays.ro\/blog\/zile-libere-in-ianuarie-cum-sa-iti-planifici-concediul-in-jurul-sarbatorilor-de-1-6-si-24-ianuarie\/"]}]},{"@type":"ImageObject","inLanguage":"ro-RO","@id":"https:\/\/idays.ro\/blog\/zile-libere-in-ianuarie-cum-sa-iti-planifici-concediul-in-jurul-sarbatorilor-de-1-6-si-24-ianuarie\/#primaryimage","url":"https:\/\/idays.ro\/blog\/wp-content\/uploads\/2025\/10\/6902a1ac752fe-pexels-tatianasyrikova-3975589-min.jpg","contentUrl":"https:\/\/idays.ro\/blog\/wp-content\/uploads\/2025\/10\/6902a1ac752fe-pexels-tatianasyrikova-3975589-min.jpg","width":1900,"height":1267},{"@type":"BreadcrumbList","@id":"https:\/\/idays.ro\/blog\/zile-libere-in-ianuarie-cum-sa-iti-planifici-concediul-in-jurul-sarbatorilor-de-1-6-si-24-ianuarie\/#breadcrumb","itemListElement":[{"@type":"ListItem","position":1,"name":"Prima pagin\u0103","item":"https:\/\/idays.ro\/blog\/"},{"@type":"ListItem","position":2,"name":"Zile libere \u00een ianuarie \u2014 cum s\u0103 \u00ee\u0163i planifici concediul \u00een jurul s\u0103rb\u0103torilor de 1, 6 \u015fi 24 ianuarie"}]},{"@type":"WebSite","@id":"https:\/\/idays.ro\/blog\/#website","url":"https:\/\/idays.ro\/blog\/","name":"IDAYS.RO BLOG","description":"","potentialAction":[{"@type":"SearchAction","target":{"@type":"EntryPoint","urlTemplate":"https:\/\/idays.ro\/blog\/?s={search_term_string}"},"query-input":{"@type":"PropertyValueSpecification","valueRequired":true,"valueName":"search_term_string"}}],"inLanguage":"ro-RO"},{"@type":"Person","@id":"https:\/\/idays.ro\/blog\/#\/schema\/person\/8b6552e1384e1ab28b8d3dc230212823","name":"liviu.andrei","image":{"@type":"ImageObject","inLanguage":"ro-RO","@id":"https:\/\/idays.ro\/blog\/#\/schema\/person\/image\/","url":"https:\/\/secure.gravatar.com\/avatar\/b3f7b6799cd9cf49f1e5691003e23e3cdcfee36272b0a7e3863eb32ccb60b91a?s=96&d=mm&r=g","contentUrl":"https:\/\/secure.gravatar.com\/avatar\/b3f7b6799cd9cf49f1e5691003e23e3cdcfee36272b0a7e3863eb32ccb60b91a?s=96&d=mm&r=g","caption":"liviu.andrei"},"sameAs":["https:\/\/idays.ro\/blog"]}]}},"_links":{"self":[{"href":"https:\/\/idays.ro\/blog\/wp-json\/wp\/v2\/posts\/973","targetHints":{"allow":["GET"]}}],"collection":[{"href":"https:\/\/idays.ro\/blog\/wp-json\/wp\/v2\/posts"}],"about":[{"href":"https:\/\/idays.ro\/blog\/wp-json\/wp\/v2\/types\/post"}],"author":[{"embeddable":true,"href":"https:\/\/idays.ro\/blog\/wp-json\/wp\/v2\/users\/1"}],"replies":[{"embeddable":true,"href":"https:\/\/idays.ro\/blog\/wp-json\/wp\/v2\/comments?post=973"}],"version-history":[{"count":1,"href":"https:\/\/idays.ro\/blog\/wp-json\/wp\/v2\/posts\/973\/revisions"}],"predecessor-version":[{"id":982,"href":"https:\/\/idays.ro\/blog\/wp-json\/wp\/v2\/posts\/973\/revisions\/982"}],"wp:featuredmedia":[{"embeddable":true,"href":"https:\/\/idays.ro\/blog\/wp-json\/wp\/v2\/media\/940"}],"wp:attachment":[{"href":"https:\/\/idays.ro\/blog\/wp-json\/wp\/v2\/media?parent=973"}],"wp:term":[{"taxonomy":"category","embeddable":true,"href":"https:\/\/idays.ro\/blog\/wp-json\/wp\/v2\/categories?post=973"},{"taxonomy":"post_tag","embeddable":true,"href":"https:\/\/idays.ro\/blog\/wp-json\/wp\/v2\/tags?post=973"}],"curies":[{"name":"wp","href":"https:\/\/api.w.org\/{rel}","templated":true}]}}