{"id":955,"date":"2025-12-18T15:07:29","date_gmt":"2025-12-18T13:07:29","guid":{"rendered":"https:\/\/idays.ro\/blog\/?p=955"},"modified":"2025-11-07T15:08:32","modified_gmt":"2025-11-07T13:08:32","slug":"cum-sa-transformi-ianuarie-intr-o-luna-de-resetare-mentala","status":"publish","type":"post","link":"https:\/\/idays.ro\/blog\/cum-sa-transformi-ianuarie-intr-o-luna-de-resetare-mentala\/","title":{"rendered":"Cum s\u0103 transformi ianuarie \u00eentr-o lun\u0103 de resetare mental\u0103"},"content":{"rendered":"<p>\u00cen fiecare an, luna ianuarie vine cu un sentiment de re\u00eennoire. Dup\u0103 festivit\u0103\u021bile de sf\u00e2r\u0219it de an, mul\u021bi dintre noi ne sim\u021bim preg\u0103ti\u021bi s\u0103 l\u0103s\u0103m \u00een urm\u0103 vechile obiceiuri \u0219i s\u0103 adopt\u0103m unele noi. Aceasta este o oportunitate excelent\u0103 pentru a face o resetare mental\u0103, a ne concentra asupra obiectivelor personale \u0219i a ne \u00eembun\u0103t\u0103\u021bi starea de bine.<\/p>\n<p>Primul pas \u00een transformarea lunii ianuarie \u00eentr-o lun\u0103 de resetare mental\u0103 este s\u0103 \u00ee\u021bi analizezi g\u00e2ndurile \u0219i emo\u021biile. Este important s\u0103 \u00ee\u021bi acorzi timp pentru a reflecta asupra anului precedent. Ce ai realizat? Ce te-a \u00eempiedicat s\u0103 \u00ee\u021bi atingi anumite obiective? Aceast\u0103 introspec\u021bie te va ajuta s\u0103 identifici zonele \u00een care vrei s\u0103 faci schimb\u0103ri.<\/p>\n<p>Dup\u0103 ce ai realizat o evaluare a anului trecut, este momentul s\u0103 \u00ee\u021bi define\u0219ti obiectivele pentru acest an. Fie c\u0103 este vorba despre \u00eembun\u0103t\u0103\u021birea s\u0103n\u0103t\u0103\u021bii mentale, dezvoltarea personal\u0103 sau profesional\u0103, este esen\u021bial s\u0103 ai o direc\u021bie clar\u0103. Scrie-\u021bi obiectivele \u0219i asigur\u0103-te c\u0103 sunt specifice, m\u0103surabile, realizabile, relevante \u0219i limitate \u00een timp (metoda SMART).<\/p>\n<h2>Stabile\u0219te o rutin\u0103 zilnic\u0103<\/h2>\n<p>O rutin\u0103 bine definit\u0103 poate avea un impact semnificativ asupra st\u0103rii tale mentale. \u00cencepe prin a stabili un program de somn regulat; odihna adecvat\u0103 este esen\u021bial\u0103 pentru o minte s\u0103n\u0103toas\u0103. \u00cencearc\u0103 s\u0103 te treze\u0219ti \u0219i s\u0103 te culci la aceea\u0219i or\u0103 \u00een fiecare zi. Acest lucru va ajuta la reglarea ceasului t\u0103u biologic \u0219i \u00ee\u021bi va \u00eembun\u0103t\u0103\u021bi energia pe parcursul zilei.<\/p>\n<p>\u00cen plus, include \u00een rutina ta zilnic\u0103 activit\u0103\u021bi care \u00ee\u021bi aduc bucurie \u0219i \u00eemplinire. Poate fi vorba despre citit, medita\u021bie, exerci\u021bii fizice sau chiar plimb\u0103ri \u00een natur\u0103. Aceste activit\u0103\u021bi nu doar c\u0103 \u00ee\u021bi vor \u00eembun\u0103t\u0103\u021bi starea de spirit, dar \u00ee\u021bi vor oferi \u0219i un sentiment de realizare.<\/p>\n<h2>Practica recuno\u0219tin\u021bei<\/h2>\n<p>Recuno\u0219tin\u021ba este o practic\u0103 simpl\u0103, dar extrem de eficient\u0103. \u00cen fiecare zi, \u00eencearc\u0103 s\u0103 notezi trei lucruri pentru care e\u0219ti recunosc\u0103tor. Acest exerci\u021biu te va ajuta s\u0103 te concentrezi asupra aspectelor pozitive ale vie\u021bii tale \u0219i s\u0103 \u00ee\u021bi schimbi perspectiva. Studiile arat\u0103 c\u0103 oamenii care practic\u0103 recuno\u0219tin\u021ba au o stare mental\u0103 mai bun\u0103 \u0219i o calitate a vie\u021bii superioar\u0103.<\/p>\n<p>De asemenea, nu uita s\u0103 \u00ee\u021bi acorzi timp pentru tine. Fie c\u0103 alegi s\u0103 petreci timp singur sau s\u0103 socializezi cu prietenii, este important s\u0103 te \u00eengrije\u0219ti de bun\u0103starea ta mental\u0103. Activit\u0103\u021bile de relaxare sunt esen\u021biale pentru a evita stresul \u0219i anxietatea.<\/p>\n<h2>Fii deschis la noi experien\u021be<\/h2>\n<p>Ianuarie este un moment ideal pentru a explora noi hobby-uri sau activit\u0103\u021bi. Fie c\u0103 este vorba despre un curs de g\u0103tit, dans sau chiar voluntariat, a \u00eencerca lucruri noi \u00ee\u021bi va extinde orizonturile \u0219i \u00ee\u021bi va oferi o senza\u021bie de \u00eemplinire. Aceste activit\u0103\u021bi nu doar c\u0103 \u00ee\u021bi vor ocupa timpul, dar te vor ajuta \u0219i s\u0103 \u00eent\u00e2lne\u0219ti oameni noi \u0219i s\u0103 \u00ee\u021bi creezi conexiuni sociale.<\/p>\n<p>\u00cen plus, nu ezita s\u0103 \u00ee\u021bi stabile\u0219ti limite s\u0103n\u0103toase \u00een rela\u021biile tale. \u00cenva\u021b\u0103 s\u0103 spui \u201enu\u201d atunci c\u00e2nd este necesar \u0219i concentreaz\u0103-te asupra celor care \u00ee\u021bi aduc energie pozitiv\u0103. Oamenii din jurul t\u0103u pot influen\u021ba semnificativ starea ta mental\u0103, a\u0219a c\u0103 alege cu \u00een\u021belepciune.<\/p>\n<p>\u00cen concluzie, ianuarie poate fi o lun\u0103 de resetare mental\u0103 dac\u0103 \u00ee\u021bi acorzi timp pentru reflec\u021bie, \u00ee\u021bi stabile\u0219ti obiective clare, \u00ee\u021bi creezi o rutin\u0103 s\u0103n\u0103toas\u0103 \u0219i e\u0219ti deschis la noi experien\u021be. Fiecare pas mic pe care \u00eel faci conteaz\u0103, iar dedicarea pentru bun\u0103starea ta mental\u0103 te va ajuta s\u0103 te sim\u021bi mai bine pe parcursul \u00eentregului an. Aceast\u0103 lun\u0103 este ocazia ta de a \u00eencepe un nou capitol, a\u0219a c\u0103 profit\u0103 la maximum de ea!<\/p>\n","protected":false},"excerpt":{"rendered":"<p>Ianuarie este o lun\u0103 perfect\u0103 pentru a-\u021bi reevalua obiectivele \u0219i a-\u021bi reg\u00e2ndi rutina. Afl\u0103 cum s\u0103 \u00ee\u021bi transformi g\u00e2ndirea \u0219i s\u0103 \u00ee\u021bi \u00eembun\u0103t\u0103\u021be\u0219ti starea mental\u0103 \u00een acest \u00eenceput de an.<\/p>\n","protected":false},"author":1,"featured_media":920,"comment_status":"open","ping_status":"open","sticky":false,"template":"","format":"standard","meta":{"footnotes":""},"categories":[5],"tags":[],"class_list":{"0":"post-955","1":"post","2":"type-post","3":"status-publish","4":"format-standard","5":"has-post-thumbnail","7":"category-timp-liber"},"yoast_head":"<!-- This site is optimized with the Yoast SEO plugin v26.9 - https:\/\/yoast.com\/product\/yoast-seo-wordpress\/ -->\n<title>Cum s\u0103 transformi ianuarie \u00eentr-o lun\u0103 de resetare mental\u0103 - IDAYS.RO BLOG<\/title>\n<meta name=\"robots\" content=\"index, follow, max-snippet:-1, max-image-preview:large, max-video-preview:-1\" \/>\n<link rel=\"canonical\" href=\"https:\/\/idays.ro\/blog\/cum-sa-transformi-ianuarie-intr-o-luna-de-resetare-mentala\/\" \/>\n<meta property=\"og:locale\" content=\"ro_RO\" \/>\n<meta property=\"og:type\" content=\"article\" \/>\n<meta property=\"og:title\" content=\"Cum s\u0103 transformi ianuarie \u00eentr-o lun\u0103 de resetare mental\u0103 - IDAYS.RO BLOG\" \/>\n<meta property=\"og:description\" content=\"Ianuarie este o lun\u0103 perfect\u0103 pentru a-\u021bi reevalua obiectivele \u0219i a-\u021bi reg\u00e2ndi rutina. Afl\u0103 cum s\u0103 \u00ee\u021bi transformi g\u00e2ndirea \u0219i s\u0103 \u00ee\u021bi \u00eembun\u0103t\u0103\u021be\u0219ti starea mental\u0103 \u00een acest \u00eenceput de an.\" \/>\n<meta property=\"og:url\" content=\"https:\/\/idays.ro\/blog\/cum-sa-transformi-ianuarie-intr-o-luna-de-resetare-mentala\/\" \/>\n<meta property=\"og:site_name\" content=\"IDAYS.RO BLOG\" \/>\n<meta property=\"article:published_time\" content=\"2025-12-18T13:07:29+00:00\" \/>\n<meta property=\"og:image\" content=\"https:\/\/idays.ro\/blog\/wp-content\/uploads\/2025\/10\/68fbf5f693ec9-happy-woman-winter-snowy-city-alley-min.jpg\" \/>\n\t<meta property=\"og:image:width\" content=\"1900\" \/>\n\t<meta property=\"og:image:height\" content=\"1267\" \/>\n\t<meta property=\"og:image:type\" content=\"image\/jpeg\" \/>\n<meta name=\"author\" content=\"liviu.andrei\" \/>\n<meta name=\"twitter:card\" content=\"summary_large_image\" \/>\n<meta name=\"twitter:label1\" content=\"Scris de\" \/>\n\t<meta name=\"twitter:data1\" content=\"liviu.andrei\" \/>\n\t<meta name=\"twitter:label2\" content=\"Timp estimat pentru citire\" \/>\n\t<meta name=\"twitter:data2\" content=\"4 minute\" \/>\n<script type=\"application\/ld+json\" class=\"yoast-schema-graph\">{\"@context\":\"https:\/\/schema.org\",\"@graph\":[{\"@type\":\"Article\",\"@id\":\"https:\/\/idays.ro\/blog\/cum-sa-transformi-ianuarie-intr-o-luna-de-resetare-mentala\/#article\",\"isPartOf\":{\"@id\":\"https:\/\/idays.ro\/blog\/cum-sa-transformi-ianuarie-intr-o-luna-de-resetare-mentala\/\"},\"author\":{\"name\":\"liviu.andrei\",\"@id\":\"https:\/\/idays.ro\/blog\/#\/schema\/person\/8b6552e1384e1ab28b8d3dc230212823\"},\"headline\":\"Cum s\u0103 transformi ianuarie \u00eentr-o lun\u0103 de resetare mental\u0103\",\"datePublished\":\"2025-12-18T13:07:29+00:00\",\"mainEntityOfPage\":{\"@id\":\"https:\/\/idays.ro\/blog\/cum-sa-transformi-ianuarie-intr-o-luna-de-resetare-mentala\/\"},\"wordCount\":665,\"commentCount\":0,\"image\":{\"@id\":\"https:\/\/idays.ro\/blog\/cum-sa-transformi-ianuarie-intr-o-luna-de-resetare-mentala\/#primaryimage\"},\"thumbnailUrl\":\"https:\/\/idays.ro\/blog\/wp-content\/uploads\/2025\/10\/68fbf5f693ec9-happy-woman-winter-snowy-city-alley-min.jpg\",\"articleSection\":[\"Timp liber\"],\"inLanguage\":\"ro-RO\",\"potentialAction\":[{\"@type\":\"CommentAction\",\"name\":\"Comment\",\"target\":[\"https:\/\/idays.ro\/blog\/cum-sa-transformi-ianuarie-intr-o-luna-de-resetare-mentala\/#respond\"]}]},{\"@type\":\"WebPage\",\"@id\":\"https:\/\/idays.ro\/blog\/cum-sa-transformi-ianuarie-intr-o-luna-de-resetare-mentala\/\",\"url\":\"https:\/\/idays.ro\/blog\/cum-sa-transformi-ianuarie-intr-o-luna-de-resetare-mentala\/\",\"name\":\"Cum s\u0103 transformi ianuarie \u00eentr-o lun\u0103 de resetare mental\u0103 - IDAYS.RO BLOG\",\"isPartOf\":{\"@id\":\"https:\/\/idays.ro\/blog\/#website\"},\"primaryImageOfPage\":{\"@id\":\"https:\/\/idays.ro\/blog\/cum-sa-transformi-ianuarie-intr-o-luna-de-resetare-mentala\/#primaryimage\"},\"image\":{\"@id\":\"https:\/\/idays.ro\/blog\/cum-sa-transformi-ianuarie-intr-o-luna-de-resetare-mentala\/#primaryimage\"},\"thumbnailUrl\":\"https:\/\/idays.ro\/blog\/wp-content\/uploads\/2025\/10\/68fbf5f693ec9-happy-woman-winter-snowy-city-alley-min.jpg\",\"datePublished\":\"2025-12-18T13:07:29+00:00\",\"author\":{\"@id\":\"https:\/\/idays.ro\/blog\/#\/schema\/person\/8b6552e1384e1ab28b8d3dc230212823\"},\"breadcrumb\":{\"@id\":\"https:\/\/idays.ro\/blog\/cum-sa-transformi-ianuarie-intr-o-luna-de-resetare-mentala\/#breadcrumb\"},\"inLanguage\":\"ro-RO\",\"potentialAction\":[{\"@type\":\"ReadAction\",\"target\":[\"https:\/\/idays.ro\/blog\/cum-sa-transformi-ianuarie-intr-o-luna-de-resetare-mentala\/\"]}]},{\"@type\":\"ImageObject\",\"inLanguage\":\"ro-RO\",\"@id\":\"https:\/\/idays.ro\/blog\/cum-sa-transformi-ianuarie-intr-o-luna-de-resetare-mentala\/#primaryimage\",\"url\":\"https:\/\/idays.ro\/blog\/wp-content\/uploads\/2025\/10\/68fbf5f693ec9-happy-woman-winter-snowy-city-alley-min.jpg\",\"contentUrl\":\"https:\/\/idays.ro\/blog\/wp-content\/uploads\/2025\/10\/68fbf5f693ec9-happy-woman-winter-snowy-city-alley-min.jpg\",\"width\":1900,\"height\":1267},{\"@type\":\"BreadcrumbList\",\"@id\":\"https:\/\/idays.ro\/blog\/cum-sa-transformi-ianuarie-intr-o-luna-de-resetare-mentala\/#breadcrumb\",\"itemListElement\":[{\"@type\":\"ListItem\",\"position\":1,\"name\":\"Prima pagin\u0103\",\"item\":\"https:\/\/idays.ro\/blog\/\"},{\"@type\":\"ListItem\",\"position\":2,\"name\":\"Cum s\u0103 transformi ianuarie \u00eentr-o lun\u0103 de resetare mental\u0103\"}]},{\"@type\":\"WebSite\",\"@id\":\"https:\/\/idays.ro\/blog\/#website\",\"url\":\"https:\/\/idays.ro\/blog\/\",\"name\":\"IDAYS.RO BLOG\",\"description\":\"\",\"potentialAction\":[{\"@type\":\"SearchAction\",\"target\":{\"@type\":\"EntryPoint\",\"urlTemplate\":\"https:\/\/idays.ro\/blog\/?s={search_term_string}\"},\"query-input\":{\"@type\":\"PropertyValueSpecification\",\"valueRequired\":true,\"valueName\":\"search_term_string\"}}],\"inLanguage\":\"ro-RO\"},{\"@type\":\"Person\",\"@id\":\"https:\/\/idays.ro\/blog\/#\/schema\/person\/8b6552e1384e1ab28b8d3dc230212823\",\"name\":\"liviu.andrei\",\"image\":{\"@type\":\"ImageObject\",\"inLanguage\":\"ro-RO\",\"@id\":\"https:\/\/idays.ro\/blog\/#\/schema\/person\/image\/\",\"url\":\"https:\/\/secure.gravatar.com\/avatar\/b3f7b6799cd9cf49f1e5691003e23e3cdcfee36272b0a7e3863eb32ccb60b91a?s=96&d=mm&r=g\",\"contentUrl\":\"https:\/\/secure.gravatar.com\/avatar\/b3f7b6799cd9cf49f1e5691003e23e3cdcfee36272b0a7e3863eb32ccb60b91a?s=96&d=mm&r=g\",\"caption\":\"liviu.andrei\"},\"sameAs\":[\"https:\/\/idays.ro\/blog\"]}]}<\/script>\n<!-- \/ Yoast SEO plugin. -->","yoast_head_json":{"title":"Cum s\u0103 transformi ianuarie \u00eentr-o lun\u0103 de resetare mental\u0103 - IDAYS.RO BLOG","robots":{"index":"index","follow":"follow","max-snippet":"max-snippet:-1","max-image-preview":"max-image-preview:large","max-video-preview":"max-video-preview:-1"},"canonical":"https:\/\/idays.ro\/blog\/cum-sa-transformi-ianuarie-intr-o-luna-de-resetare-mentala\/","og_locale":"ro_RO","og_type":"article","og_title":"Cum s\u0103 transformi ianuarie \u00eentr-o lun\u0103 de resetare mental\u0103 - IDAYS.RO BLOG","og_description":"Ianuarie este o lun\u0103 perfect\u0103 pentru a-\u021bi reevalua obiectivele \u0219i a-\u021bi reg\u00e2ndi rutina. Afl\u0103 cum s\u0103 \u00ee\u021bi transformi g\u00e2ndirea \u0219i s\u0103 \u00ee\u021bi \u00eembun\u0103t\u0103\u021be\u0219ti starea mental\u0103 \u00een acest \u00eenceput de an.","og_url":"https:\/\/idays.ro\/blog\/cum-sa-transformi-ianuarie-intr-o-luna-de-resetare-mentala\/","og_site_name":"IDAYS.RO BLOG","article_published_time":"2025-12-18T13:07:29+00:00","og_image":[{"width":1900,"height":1267,"url":"https:\/\/idays.ro\/blog\/wp-content\/uploads\/2025\/10\/68fbf5f693ec9-happy-woman-winter-snowy-city-alley-min.jpg","type":"image\/jpeg"}],"author":"liviu.andrei","twitter_card":"summary_large_image","twitter_misc":{"Scris de":"liviu.andrei","Timp estimat pentru citire":"4 minute"},"schema":{"@context":"https:\/\/schema.org","@graph":[{"@type":"Article","@id":"https:\/\/idays.ro\/blog\/cum-sa-transformi-ianuarie-intr-o-luna-de-resetare-mentala\/#article","isPartOf":{"@id":"https:\/\/idays.ro\/blog\/cum-sa-transformi-ianuarie-intr-o-luna-de-resetare-mentala\/"},"author":{"name":"liviu.andrei","@id":"https:\/\/idays.ro\/blog\/#\/schema\/person\/8b6552e1384e1ab28b8d3dc230212823"},"headline":"Cum s\u0103 transformi ianuarie \u00eentr-o lun\u0103 de resetare mental\u0103","datePublished":"2025-12-18T13:07:29+00:00","mainEntityOfPage":{"@id":"https:\/\/idays.ro\/blog\/cum-sa-transformi-ianuarie-intr-o-luna-de-resetare-mentala\/"},"wordCount":665,"commentCount":0,"image":{"@id":"https:\/\/idays.ro\/blog\/cum-sa-transformi-ianuarie-intr-o-luna-de-resetare-mentala\/#primaryimage"},"thumbnailUrl":"https:\/\/idays.ro\/blog\/wp-content\/uploads\/2025\/10\/68fbf5f693ec9-happy-woman-winter-snowy-city-alley-min.jpg","articleSection":["Timp liber"],"inLanguage":"ro-RO","potentialAction":[{"@type":"CommentAction","name":"Comment","target":["https:\/\/idays.ro\/blog\/cum-sa-transformi-ianuarie-intr-o-luna-de-resetare-mentala\/#respond"]}]},{"@type":"WebPage","@id":"https:\/\/idays.ro\/blog\/cum-sa-transformi-ianuarie-intr-o-luna-de-resetare-mentala\/","url":"https:\/\/idays.ro\/blog\/cum-sa-transformi-ianuarie-intr-o-luna-de-resetare-mentala\/","name":"Cum s\u0103 transformi ianuarie \u00eentr-o lun\u0103 de resetare mental\u0103 - IDAYS.RO BLOG","isPartOf":{"@id":"https:\/\/idays.ro\/blog\/#website"},"primaryImageOfPage":{"@id":"https:\/\/idays.ro\/blog\/cum-sa-transformi-ianuarie-intr-o-luna-de-resetare-mentala\/#primaryimage"},"image":{"@id":"https:\/\/idays.ro\/blog\/cum-sa-transformi-ianuarie-intr-o-luna-de-resetare-mentala\/#primaryimage"},"thumbnailUrl":"https:\/\/idays.ro\/blog\/wp-content\/uploads\/2025\/10\/68fbf5f693ec9-happy-woman-winter-snowy-city-alley-min.jpg","datePublished":"2025-12-18T13:07:29+00:00","author":{"@id":"https:\/\/idays.ro\/blog\/#\/schema\/person\/8b6552e1384e1ab28b8d3dc230212823"},"breadcrumb":{"@id":"https:\/\/idays.ro\/blog\/cum-sa-transformi-ianuarie-intr-o-luna-de-resetare-mentala\/#breadcrumb"},"inLanguage":"ro-RO","potentialAction":[{"@type":"ReadAction","target":["https:\/\/idays.ro\/blog\/cum-sa-transformi-ianuarie-intr-o-luna-de-resetare-mentala\/"]}]},{"@type":"ImageObject","inLanguage":"ro-RO","@id":"https:\/\/idays.ro\/blog\/cum-sa-transformi-ianuarie-intr-o-luna-de-resetare-mentala\/#primaryimage","url":"https:\/\/idays.ro\/blog\/wp-content\/uploads\/2025\/10\/68fbf5f693ec9-happy-woman-winter-snowy-city-alley-min.jpg","contentUrl":"https:\/\/idays.ro\/blog\/wp-content\/uploads\/2025\/10\/68fbf5f693ec9-happy-woman-winter-snowy-city-alley-min.jpg","width":1900,"height":1267},{"@type":"BreadcrumbList","@id":"https:\/\/idays.ro\/blog\/cum-sa-transformi-ianuarie-intr-o-luna-de-resetare-mentala\/#breadcrumb","itemListElement":[{"@type":"ListItem","position":1,"name":"Prima pagin\u0103","item":"https:\/\/idays.ro\/blog\/"},{"@type":"ListItem","position":2,"name":"Cum s\u0103 transformi ianuarie \u00eentr-o lun\u0103 de resetare mental\u0103"}]},{"@type":"WebSite","@id":"https:\/\/idays.ro\/blog\/#website","url":"https:\/\/idays.ro\/blog\/","name":"IDAYS.RO BLOG","description":"","potentialAction":[{"@type":"SearchAction","target":{"@type":"EntryPoint","urlTemplate":"https:\/\/idays.ro\/blog\/?s={search_term_string}"},"query-input":{"@type":"PropertyValueSpecification","valueRequired":true,"valueName":"search_term_string"}}],"inLanguage":"ro-RO"},{"@type":"Person","@id":"https:\/\/idays.ro\/blog\/#\/schema\/person\/8b6552e1384e1ab28b8d3dc230212823","name":"liviu.andrei","image":{"@type":"ImageObject","inLanguage":"ro-RO","@id":"https:\/\/idays.ro\/blog\/#\/schema\/person\/image\/","url":"https:\/\/secure.gravatar.com\/avatar\/b3f7b6799cd9cf49f1e5691003e23e3cdcfee36272b0a7e3863eb32ccb60b91a?s=96&d=mm&r=g","contentUrl":"https:\/\/secure.gravatar.com\/avatar\/b3f7b6799cd9cf49f1e5691003e23e3cdcfee36272b0a7e3863eb32ccb60b91a?s=96&d=mm&r=g","caption":"liviu.andrei"},"sameAs":["https:\/\/idays.ro\/blog"]}]}},"_links":{"self":[{"href":"https:\/\/idays.ro\/blog\/wp-json\/wp\/v2\/posts\/955","targetHints":{"allow":["GET"]}}],"collection":[{"href":"https:\/\/idays.ro\/blog\/wp-json\/wp\/v2\/posts"}],"about":[{"href":"https:\/\/idays.ro\/blog\/wp-json\/wp\/v2\/types\/post"}],"author":[{"embeddable":true,"href":"https:\/\/idays.ro\/blog\/wp-json\/wp\/v2\/users\/1"}],"replies":[{"embeddable":true,"href":"https:\/\/idays.ro\/blog\/wp-json\/wp\/v2\/comments?post=955"}],"version-history":[{"count":1,"href":"https:\/\/idays.ro\/blog\/wp-json\/wp\/v2\/posts\/955\/revisions"}],"predecessor-version":[{"id":958,"href":"https:\/\/idays.ro\/blog\/wp-json\/wp\/v2\/posts\/955\/revisions\/958"}],"wp:featuredmedia":[{"embeddable":true,"href":"https:\/\/idays.ro\/blog\/wp-json\/wp\/v2\/media\/920"}],"wp:attachment":[{"href":"https:\/\/idays.ro\/blog\/wp-json\/wp\/v2\/media?parent=955"}],"wp:term":[{"taxonomy":"category","embeddable":true,"href":"https:\/\/idays.ro\/blog\/wp-json\/wp\/v2\/categories?post=955"},{"taxonomy":"post_tag","embeddable":true,"href":"https:\/\/idays.ro\/blog\/wp-json\/wp\/v2\/tags?post=955"}],"curies":[{"name":"wp","href":"https:\/\/api.w.org\/{rel}","templated":true}]}}