{"id":939,"date":"2025-11-21T01:22:20","date_gmt":"2025-11-20T23:22:20","guid":{"rendered":"https:\/\/idays.ro\/blog\/?p=939"},"modified":"2025-10-30T02:04:15","modified_gmt":"2025-10-30T00:04:15","slug":"targurile-de-craciun-din-europa-care-se-deschid-devreme-noiembrie-decembrie-2025","status":"publish","type":"post","link":"https:\/\/idays.ro\/blog\/targurile-de-craciun-din-europa-care-se-deschid-devreme-noiembrie-decembrie-2025\/","title":{"rendered":"T\u00e2rgurile de Cr\u0103ciun din Europa care se deschid devreme (noiembrie\u2013decembrie 2025)"},"content":{"rendered":"<p>\u00cen fiecare an, perioada s\u0103rb\u0103torilor de iarn\u0103 aduce cu sine o magie aparte, iar t\u00e2rgurile de Cr\u0103ciun sunt un adev\u0103rat simbol al acestei atmosfere festive. \u00cen Europa, aceste t\u00e2rguri \u00ee\u0219i deschid por\u021bile din ce \u00een ce mai devreme, iar anul 2025 va aduce o serie de evenimente deosebite \u00eencep\u00e2nd cu luna noiembrie. Te invit\u0103m s\u0103 descoperi cele mai frumoase t\u00e2rguri de Cr\u0103ciun din Europa, unde tradi\u021biile, cultura \u0219i bucuria de a d\u0103rui se \u00eembin\u0103 pentru a crea momente memorabile.<\/p>\n<p><strong>1. T\u00e2rgul de Cr\u0103ciun din Viena, Austria<\/strong><\/p>\n<p>Viena este cunoscut\u0103 pentru atmosfera sa de poveste \u00een perioada s\u0103rb\u0103torilor. T\u00e2rgul de Cr\u0103ciun de la Rathausplatz \u00ee\u0219i va deschide por\u021bile \u00een prima s\u0103pt\u0103m\u00e2n\u0103 din noiembrie 2025, oferind vizitatorilor o gam\u0103 variat\u0103 de produse artizanale, decora\u021biuni \u0219i delicatese tradi\u021bionale. Cu lumini str\u0103lucitoare \u0219i colinde care r\u0103sun\u0103 \u00een aer, acest t\u00e2rg promite o experien\u021b\u0103 unic\u0103, fiind locul ideal pentru a te bucura de spiritul Cr\u0103ciunului al\u0103turi de cei dragi.<\/p>\n<p><strong>2. T\u00e2rgul de Cr\u0103ciun de la Strasbourg, Fran\u021ba<\/strong><\/p>\n<p>Strasbourg, considerat capitala Cr\u0103ciunului, \u00ee\u0219i va deschide t\u00e2rgul renumit pe 24 noiembrie 2025. Acesta este unul dintre cele mai vechi t\u00e2rguri de Cr\u0103ciun din Europa, av\u00e2nd o tradi\u021bie de peste 400 de ani. Vizitatorii pot explora standurile pline cu produse locale, de la bijuterii \u0219i juc\u0103rii la delicii culinare, cum ar fi vinul fiert \u0219i turta dulce. Atmosfera feeric\u0103, cu str\u0103zi decorate \u0219i un brad impun\u0103tor, transform\u0103 ora\u0219ul \u00eentr-un loc de poveste.<\/p>\n<p><strong>3. T\u00e2rgul de Cr\u0103ciun din Praga, Cehia<\/strong><\/p>\n<p>Praga devine un ora\u0219 de basm \u00een perioada Cr\u0103ciunului, iar t\u00e2rgul din Pia\u021ba Ora\u0219ului Vechi este cu adev\u0103rat special. \u00cencep\u00e2nd cu 1 decembrie 2025, vizitatorii vor putea savura produse tradi\u021bionale cehe\u0219ti, cum ar fi trdeln\u00edk \u0219i bradul de Cr\u0103ciun din centrul pie\u021bei, care va fi decorat cu lumini str\u0103lucitoare. Atmosfera magic\u0103 a t\u00e2rgului, \u00eempreun\u0103 cu arhitectura gotic\u0103 a ora\u0219ului, fac din Praga o destina\u021bie de neratat \u00een aceast\u0103 perioad\u0103.<\/p>\n<p><strong>4. T\u00e2rgul de Cr\u0103ciun din Nuremberg, Germania<\/strong><\/p>\n<p>Nuremberg este renumit pentru t\u00e2rgul s\u0103u de Cr\u0103ciun, care va debuta pe 28 noiembrie 2025. Acesta este un loc unde tradi\u021biile germane prind via\u021b\u0103, oferind vizitatorilor ocazia de a \u00eencerca celebrele bratwurst \u0219i vin fiert. Decorurile festive \u0219i atmosfera c\u0103lduroas\u0103 fac din acest t\u00e2rg o experien\u021b\u0103 de neuitat. De asemenea, nu rata\u021bi standurile cu produse artizanale, care sunt perfecte pentru cadouri de Cr\u0103ciun.<\/p>\n<p><strong>5. T\u00e2rgul de Cr\u0103ciun din Budapesta, Ungaria<\/strong><\/p>\n<p>Budapesta este o alt\u0103 destina\u021bie fantastic\u0103 \u00een perioada s\u0103rb\u0103torilor. T\u00e2rgul de Cr\u0103ciun din Pia\u021ba V\u00f6r\u00f6smarty se va deschide pe 19 noiembrie 2025, promi\u021b\u00e2nd o atmosfer\u0103 vibrant\u0103 \u0219i plin\u0103 de culoare. Vizitatorii pot explora standurile cu produse artizanale, juc\u0103rii din lemn \u0219i m\u00e2nc\u0103ruri tradi\u021bionale ungure\u0219ti, cum ar fi lango\u0219ul. La fel ca \u00een alte ora\u0219e, muzica de s\u0103rb\u0103toare \u0219i lumini\u021bele vor crea o experien\u021b\u0103 de neuitat.<\/p>\n<p><strong>6. T\u00e2rgul de Cr\u0103ciun din Copenhaga, Danemarca<\/strong><\/p>\n<p>Copenhaga este cunoscut\u0103 pentru atmosfera sa cald\u0103 \u0219i primitoare \u00een perioada s\u0103rb\u0103torilor. T\u00e2rgul de Cr\u0103ciun din Gr\u0103dinile Tuileries se va deschide pe 12 noiembrie 2025 \u0219i va oferi vizitatorilor ocazia de a explora produse artizanale \u0219i de a savura delicii daneze, cum ar fi gl\u00f8gg (vin fiert) \u0219i brio\u0219e de Cr\u0103ciun. \u00cen plus, ora\u0219ul va fi \u00eempodobit cu lumini \u0219i decora\u021biuni festive, oferind o experien\u021b\u0103 de neuitat.<\/p>\n<p>Fiecare dintre aceste t\u00e2rguri de Cr\u0103ciun are farmecul s\u0103u unic \u0219i ofer\u0103 o oportunitate de a tr\u0103i tradi\u021bii locale \u00eentr-un cadru plin de magie. Dac\u0103 ai planuri s\u0103 c\u0103l\u0103tore\u0219ti \u00een Europa \u00een perioada s\u0103rb\u0103torilor, nu rata ocazia de a vizita aceste t\u00e2rguri \u0219i de a te bucura de atmosfera feeric\u0103 pe care o ofer\u0103. Indiferent de destina\u021bie, spiritul Cr\u0103ciunului va fi prezent \u00een fiecare col\u021b, a\u0219tept\u00e2nd s\u0103 fie descoperit.<\/p>\n","protected":false},"excerpt":{"rendered":"<p>Descoper\u0103 cele mai frumoase t\u00e2rguri de Cr\u0103ciun din Europa care \u00ee\u0219i deschid por\u021bile \u00eencep\u00e2nd cu luna noiembrie 2025, oferind o atmosfer\u0103 magic\u0103 \u0219i tradi\u021bii unice.<\/p>\n","protected":false},"author":1,"featured_media":903,"comment_status":"open","ping_status":"open","sticky":false,"template":"","format":"standard","meta":{"footnotes":""},"categories":[5],"tags":[],"class_list":{"0":"post-939","1":"post","2":"type-post","3":"status-publish","4":"format-standard","5":"has-post-thumbnail","7":"category-timp-liber"},"yoast_head":"<!-- This site is optimized with the Yoast SEO plugin v26.9 - https:\/\/yoast.com\/product\/yoast-seo-wordpress\/ -->\n<title>T\u00e2rgurile de Cr\u0103ciun din Europa care se deschid devreme (noiembrie\u2013decembrie 2025) - IDAYS.RO BLOG<\/title>\n<meta name=\"robots\" content=\"index, follow, max-snippet:-1, max-image-preview:large, max-video-preview:-1\" \/>\n<link rel=\"canonical\" href=\"https:\/\/idays.ro\/blog\/targurile-de-craciun-din-europa-care-se-deschid-devreme-noiembrie-decembrie-2025\/\" \/>\n<meta property=\"og:locale\" content=\"ro_RO\" \/>\n<meta property=\"og:type\" content=\"article\" \/>\n<meta property=\"og:title\" content=\"T\u00e2rgurile de Cr\u0103ciun din Europa care se deschid devreme (noiembrie\u2013decembrie 2025) - IDAYS.RO BLOG\" \/>\n<meta property=\"og:description\" content=\"Descoper\u0103 cele mai frumoase t\u00e2rguri de Cr\u0103ciun din Europa care \u00ee\u0219i deschid por\u021bile \u00eencep\u00e2nd cu luna noiembrie 2025, oferind o atmosfer\u0103 magic\u0103 \u0219i tradi\u021bii unice.\" \/>\n<meta property=\"og:url\" content=\"https:\/\/idays.ro\/blog\/targurile-de-craciun-din-europa-care-se-deschid-devreme-noiembrie-decembrie-2025\/\" \/>\n<meta property=\"og:site_name\" content=\"IDAYS.RO BLOG\" \/>\n<meta property=\"article:published_time\" content=\"2025-11-20T23:22:20+00:00\" \/>\n<meta property=\"og:image\" content=\"https:\/\/idays.ro\/blog\/wp-content\/uploads\/2025\/10\/68eebb90eb9d0-four-tourist-friends-walking-path-min.jpg\" \/>\n\t<meta property=\"og:image:width\" content=\"1900\" \/>\n\t<meta property=\"og:image:height\" content=\"1267\" \/>\n\t<meta property=\"og:image:type\" content=\"image\/jpeg\" \/>\n<meta name=\"author\" content=\"liviu.andrei\" \/>\n<meta name=\"twitter:card\" content=\"summary_large_image\" \/>\n<meta name=\"twitter:label1\" content=\"Scris de\" \/>\n\t<meta name=\"twitter:data1\" content=\"liviu.andrei\" \/>\n\t<meta name=\"twitter:label2\" content=\"Timp estimat pentru citire\" \/>\n\t<meta name=\"twitter:data2\" content=\"4 minute\" \/>\n<script type=\"application\/ld+json\" class=\"yoast-schema-graph\">{\"@context\":\"https:\/\/schema.org\",\"@graph\":[{\"@type\":\"Article\",\"@id\":\"https:\/\/idays.ro\/blog\/targurile-de-craciun-din-europa-care-se-deschid-devreme-noiembrie-decembrie-2025\/#article\",\"isPartOf\":{\"@id\":\"https:\/\/idays.ro\/blog\/targurile-de-craciun-din-europa-care-se-deschid-devreme-noiembrie-decembrie-2025\/\"},\"author\":{\"name\":\"liviu.andrei\",\"@id\":\"https:\/\/idays.ro\/blog\/#\/schema\/person\/8b6552e1384e1ab28b8d3dc230212823\"},\"headline\":\"T\u00e2rgurile de Cr\u0103ciun din Europa care se deschid devreme (noiembrie\u2013decembrie 2025)\",\"datePublished\":\"2025-11-20T23:22:20+00:00\",\"mainEntityOfPage\":{\"@id\":\"https:\/\/idays.ro\/blog\/targurile-de-craciun-din-europa-care-se-deschid-devreme-noiembrie-decembrie-2025\/\"},\"wordCount\":707,\"commentCount\":0,\"image\":{\"@id\":\"https:\/\/idays.ro\/blog\/targurile-de-craciun-din-europa-care-se-deschid-devreme-noiembrie-decembrie-2025\/#primaryimage\"},\"thumbnailUrl\":\"https:\/\/idays.ro\/blog\/wp-content\/uploads\/2025\/10\/68eebb90eb9d0-four-tourist-friends-walking-path-min.jpg\",\"articleSection\":[\"Timp liber\"],\"inLanguage\":\"ro-RO\",\"potentialAction\":[{\"@type\":\"CommentAction\",\"name\":\"Comment\",\"target\":[\"https:\/\/idays.ro\/blog\/targurile-de-craciun-din-europa-care-se-deschid-devreme-noiembrie-decembrie-2025\/#respond\"]}]},{\"@type\":\"WebPage\",\"@id\":\"https:\/\/idays.ro\/blog\/targurile-de-craciun-din-europa-care-se-deschid-devreme-noiembrie-decembrie-2025\/\",\"url\":\"https:\/\/idays.ro\/blog\/targurile-de-craciun-din-europa-care-se-deschid-devreme-noiembrie-decembrie-2025\/\",\"name\":\"T\u00e2rgurile de Cr\u0103ciun din Europa care se deschid devreme (noiembrie\u2013decembrie 2025) - IDAYS.RO BLOG\",\"isPartOf\":{\"@id\":\"https:\/\/idays.ro\/blog\/#website\"},\"primaryImageOfPage\":{\"@id\":\"https:\/\/idays.ro\/blog\/targurile-de-craciun-din-europa-care-se-deschid-devreme-noiembrie-decembrie-2025\/#primaryimage\"},\"image\":{\"@id\":\"https:\/\/idays.ro\/blog\/targurile-de-craciun-din-europa-care-se-deschid-devreme-noiembrie-decembrie-2025\/#primaryimage\"},\"thumbnailUrl\":\"https:\/\/idays.ro\/blog\/wp-content\/uploads\/2025\/10\/68eebb90eb9d0-four-tourist-friends-walking-path-min.jpg\",\"datePublished\":\"2025-11-20T23:22:20+00:00\",\"author\":{\"@id\":\"https:\/\/idays.ro\/blog\/#\/schema\/person\/8b6552e1384e1ab28b8d3dc230212823\"},\"breadcrumb\":{\"@id\":\"https:\/\/idays.ro\/blog\/targurile-de-craciun-din-europa-care-se-deschid-devreme-noiembrie-decembrie-2025\/#breadcrumb\"},\"inLanguage\":\"ro-RO\",\"potentialAction\":[{\"@type\":\"ReadAction\",\"target\":[\"https:\/\/idays.ro\/blog\/targurile-de-craciun-din-europa-care-se-deschid-devreme-noiembrie-decembrie-2025\/\"]}]},{\"@type\":\"ImageObject\",\"inLanguage\":\"ro-RO\",\"@id\":\"https:\/\/idays.ro\/blog\/targurile-de-craciun-din-europa-care-se-deschid-devreme-noiembrie-decembrie-2025\/#primaryimage\",\"url\":\"https:\/\/idays.ro\/blog\/wp-content\/uploads\/2025\/10\/68eebb90eb9d0-four-tourist-friends-walking-path-min.jpg\",\"contentUrl\":\"https:\/\/idays.ro\/blog\/wp-content\/uploads\/2025\/10\/68eebb90eb9d0-four-tourist-friends-walking-path-min.jpg\",\"width\":1900,\"height\":1267},{\"@type\":\"BreadcrumbList\",\"@id\":\"https:\/\/idays.ro\/blog\/targurile-de-craciun-din-europa-care-se-deschid-devreme-noiembrie-decembrie-2025\/#breadcrumb\",\"itemListElement\":[{\"@type\":\"ListItem\",\"position\":1,\"name\":\"Prima pagin\u0103\",\"item\":\"https:\/\/idays.ro\/blog\/\"},{\"@type\":\"ListItem\",\"position\":2,\"name\":\"T\u00e2rgurile de Cr\u0103ciun din Europa care se deschid devreme (noiembrie\u2013decembrie 2025)\"}]},{\"@type\":\"WebSite\",\"@id\":\"https:\/\/idays.ro\/blog\/#website\",\"url\":\"https:\/\/idays.ro\/blog\/\",\"name\":\"IDAYS.RO BLOG\",\"description\":\"\",\"potentialAction\":[{\"@type\":\"SearchAction\",\"target\":{\"@type\":\"EntryPoint\",\"urlTemplate\":\"https:\/\/idays.ro\/blog\/?s={search_term_string}\"},\"query-input\":{\"@type\":\"PropertyValueSpecification\",\"valueRequired\":true,\"valueName\":\"search_term_string\"}}],\"inLanguage\":\"ro-RO\"},{\"@type\":\"Person\",\"@id\":\"https:\/\/idays.ro\/blog\/#\/schema\/person\/8b6552e1384e1ab28b8d3dc230212823\",\"name\":\"liviu.andrei\",\"image\":{\"@type\":\"ImageObject\",\"inLanguage\":\"ro-RO\",\"@id\":\"https:\/\/idays.ro\/blog\/#\/schema\/person\/image\/\",\"url\":\"https:\/\/secure.gravatar.com\/avatar\/b3f7b6799cd9cf49f1e5691003e23e3cdcfee36272b0a7e3863eb32ccb60b91a?s=96&d=mm&r=g\",\"contentUrl\":\"https:\/\/secure.gravatar.com\/avatar\/b3f7b6799cd9cf49f1e5691003e23e3cdcfee36272b0a7e3863eb32ccb60b91a?s=96&d=mm&r=g\",\"caption\":\"liviu.andrei\"},\"sameAs\":[\"https:\/\/idays.ro\/blog\"]}]}<\/script>\n<!-- \/ Yoast SEO plugin. -->","yoast_head_json":{"title":"T\u00e2rgurile de Cr\u0103ciun din Europa care se deschid devreme (noiembrie\u2013decembrie 2025) - IDAYS.RO BLOG","robots":{"index":"index","follow":"follow","max-snippet":"max-snippet:-1","max-image-preview":"max-image-preview:large","max-video-preview":"max-video-preview:-1"},"canonical":"https:\/\/idays.ro\/blog\/targurile-de-craciun-din-europa-care-se-deschid-devreme-noiembrie-decembrie-2025\/","og_locale":"ro_RO","og_type":"article","og_title":"T\u00e2rgurile de Cr\u0103ciun din Europa care se deschid devreme (noiembrie\u2013decembrie 2025) - IDAYS.RO BLOG","og_description":"Descoper\u0103 cele mai frumoase t\u00e2rguri de Cr\u0103ciun din Europa care \u00ee\u0219i deschid por\u021bile \u00eencep\u00e2nd cu luna noiembrie 2025, oferind o atmosfer\u0103 magic\u0103 \u0219i tradi\u021bii unice.","og_url":"https:\/\/idays.ro\/blog\/targurile-de-craciun-din-europa-care-se-deschid-devreme-noiembrie-decembrie-2025\/","og_site_name":"IDAYS.RO BLOG","article_published_time":"2025-11-20T23:22:20+00:00","og_image":[{"width":1900,"height":1267,"url":"https:\/\/idays.ro\/blog\/wp-content\/uploads\/2025\/10\/68eebb90eb9d0-four-tourist-friends-walking-path-min.jpg","type":"image\/jpeg"}],"author":"liviu.andrei","twitter_card":"summary_large_image","twitter_misc":{"Scris de":"liviu.andrei","Timp estimat pentru citire":"4 minute"},"schema":{"@context":"https:\/\/schema.org","@graph":[{"@type":"Article","@id":"https:\/\/idays.ro\/blog\/targurile-de-craciun-din-europa-care-se-deschid-devreme-noiembrie-decembrie-2025\/#article","isPartOf":{"@id":"https:\/\/idays.ro\/blog\/targurile-de-craciun-din-europa-care-se-deschid-devreme-noiembrie-decembrie-2025\/"},"author":{"name":"liviu.andrei","@id":"https:\/\/idays.ro\/blog\/#\/schema\/person\/8b6552e1384e1ab28b8d3dc230212823"},"headline":"T\u00e2rgurile de Cr\u0103ciun din Europa care se deschid devreme (noiembrie\u2013decembrie 2025)","datePublished":"2025-11-20T23:22:20+00:00","mainEntityOfPage":{"@id":"https:\/\/idays.ro\/blog\/targurile-de-craciun-din-europa-care-se-deschid-devreme-noiembrie-decembrie-2025\/"},"wordCount":707,"commentCount":0,"image":{"@id":"https:\/\/idays.ro\/blog\/targurile-de-craciun-din-europa-care-se-deschid-devreme-noiembrie-decembrie-2025\/#primaryimage"},"thumbnailUrl":"https:\/\/idays.ro\/blog\/wp-content\/uploads\/2025\/10\/68eebb90eb9d0-four-tourist-friends-walking-path-min.jpg","articleSection":["Timp liber"],"inLanguage":"ro-RO","potentialAction":[{"@type":"CommentAction","name":"Comment","target":["https:\/\/idays.ro\/blog\/targurile-de-craciun-din-europa-care-se-deschid-devreme-noiembrie-decembrie-2025\/#respond"]}]},{"@type":"WebPage","@id":"https:\/\/idays.ro\/blog\/targurile-de-craciun-din-europa-care-se-deschid-devreme-noiembrie-decembrie-2025\/","url":"https:\/\/idays.ro\/blog\/targurile-de-craciun-din-europa-care-se-deschid-devreme-noiembrie-decembrie-2025\/","name":"T\u00e2rgurile de Cr\u0103ciun din Europa care se deschid devreme (noiembrie\u2013decembrie 2025) - IDAYS.RO BLOG","isPartOf":{"@id":"https:\/\/idays.ro\/blog\/#website"},"primaryImageOfPage":{"@id":"https:\/\/idays.ro\/blog\/targurile-de-craciun-din-europa-care-se-deschid-devreme-noiembrie-decembrie-2025\/#primaryimage"},"image":{"@id":"https:\/\/idays.ro\/blog\/targurile-de-craciun-din-europa-care-se-deschid-devreme-noiembrie-decembrie-2025\/#primaryimage"},"thumbnailUrl":"https:\/\/idays.ro\/blog\/wp-content\/uploads\/2025\/10\/68eebb90eb9d0-four-tourist-friends-walking-path-min.jpg","datePublished":"2025-11-20T23:22:20+00:00","author":{"@id":"https:\/\/idays.ro\/blog\/#\/schema\/person\/8b6552e1384e1ab28b8d3dc230212823"},"breadcrumb":{"@id":"https:\/\/idays.ro\/blog\/targurile-de-craciun-din-europa-care-se-deschid-devreme-noiembrie-decembrie-2025\/#breadcrumb"},"inLanguage":"ro-RO","potentialAction":[{"@type":"ReadAction","target":["https:\/\/idays.ro\/blog\/targurile-de-craciun-din-europa-care-se-deschid-devreme-noiembrie-decembrie-2025\/"]}]},{"@type":"ImageObject","inLanguage":"ro-RO","@id":"https:\/\/idays.ro\/blog\/targurile-de-craciun-din-europa-care-se-deschid-devreme-noiembrie-decembrie-2025\/#primaryimage","url":"https:\/\/idays.ro\/blog\/wp-content\/uploads\/2025\/10\/68eebb90eb9d0-four-tourist-friends-walking-path-min.jpg","contentUrl":"https:\/\/idays.ro\/blog\/wp-content\/uploads\/2025\/10\/68eebb90eb9d0-four-tourist-friends-walking-path-min.jpg","width":1900,"height":1267},{"@type":"BreadcrumbList","@id":"https:\/\/idays.ro\/blog\/targurile-de-craciun-din-europa-care-se-deschid-devreme-noiembrie-decembrie-2025\/#breadcrumb","itemListElement":[{"@type":"ListItem","position":1,"name":"Prima pagin\u0103","item":"https:\/\/idays.ro\/blog\/"},{"@type":"ListItem","position":2,"name":"T\u00e2rgurile de Cr\u0103ciun din Europa care se deschid devreme (noiembrie\u2013decembrie 2025)"}]},{"@type":"WebSite","@id":"https:\/\/idays.ro\/blog\/#website","url":"https:\/\/idays.ro\/blog\/","name":"IDAYS.RO BLOG","description":"","potentialAction":[{"@type":"SearchAction","target":{"@type":"EntryPoint","urlTemplate":"https:\/\/idays.ro\/blog\/?s={search_term_string}"},"query-input":{"@type":"PropertyValueSpecification","valueRequired":true,"valueName":"search_term_string"}}],"inLanguage":"ro-RO"},{"@type":"Person","@id":"https:\/\/idays.ro\/blog\/#\/schema\/person\/8b6552e1384e1ab28b8d3dc230212823","name":"liviu.andrei","image":{"@type":"ImageObject","inLanguage":"ro-RO","@id":"https:\/\/idays.ro\/blog\/#\/schema\/person\/image\/","url":"https:\/\/secure.gravatar.com\/avatar\/b3f7b6799cd9cf49f1e5691003e23e3cdcfee36272b0a7e3863eb32ccb60b91a?s=96&d=mm&r=g","contentUrl":"https:\/\/secure.gravatar.com\/avatar\/b3f7b6799cd9cf49f1e5691003e23e3cdcfee36272b0a7e3863eb32ccb60b91a?s=96&d=mm&r=g","caption":"liviu.andrei"},"sameAs":["https:\/\/idays.ro\/blog"]}]}},"_links":{"self":[{"href":"https:\/\/idays.ro\/blog\/wp-json\/wp\/v2\/posts\/939","targetHints":{"allow":["GET"]}}],"collection":[{"href":"https:\/\/idays.ro\/blog\/wp-json\/wp\/v2\/posts"}],"about":[{"href":"https:\/\/idays.ro\/blog\/wp-json\/wp\/v2\/types\/post"}],"author":[{"embeddable":true,"href":"https:\/\/idays.ro\/blog\/wp-json\/wp\/v2\/users\/1"}],"replies":[{"embeddable":true,"href":"https:\/\/idays.ro\/blog\/wp-json\/wp\/v2\/comments?post=939"}],"version-history":[{"count":1,"href":"https:\/\/idays.ro\/blog\/wp-json\/wp\/v2\/posts\/939\/revisions"}],"predecessor-version":[{"id":943,"href":"https:\/\/idays.ro\/blog\/wp-json\/wp\/v2\/posts\/939\/revisions\/943"}],"wp:featuredmedia":[{"embeddable":true,"href":"https:\/\/idays.ro\/blog\/wp-json\/wp\/v2\/media\/903"}],"wp:attachment":[{"href":"https:\/\/idays.ro\/blog\/wp-json\/wp\/v2\/media?parent=939"}],"wp:term":[{"taxonomy":"category","embeddable":true,"href":"https:\/\/idays.ro\/blog\/wp-json\/wp\/v2\/categories?post=939"},{"taxonomy":"post_tag","embeddable":true,"href":"https:\/\/idays.ro\/blog\/wp-json\/wp\/v2\/tags?post=939"}],"curies":[{"name":"wp","href":"https:\/\/api.w.org\/{rel}","templated":true}]}}