{"id":937,"date":"2025-11-23T01:21:58","date_gmt":"2025-11-22T23:21:58","guid":{"rendered":"https:\/\/idays.ro\/blog\/?p=937"},"modified":"2025-11-02T01:09:17","modified_gmt":"2025-11-01T23:09:17","slug":"top-cabane-si-pensiuni-cu-atmosfera-de-craciun-deschise-din-noiembrie","status":"publish","type":"post","link":"https:\/\/idays.ro\/blog\/top-cabane-si-pensiuni-cu-atmosfera-de-craciun-deschise-din-noiembrie\/","title":{"rendered":"Top cabane \u0219i pensiuni cu atmosfer\u0103 de Cr\u0103ciun deschise din noiembrie"},"content":{"rendered":"<p>Se apropie sezonul s\u0103rb\u0103torilor de iarn\u0103, iar atmosfera de Cr\u0103ciun \u00eencepe s\u0103 se instaleze treptat \u00een aer. Dac\u0103 e\u0219ti \u00een c\u0103utarea unei evad\u0103ri departe de agita\u021bia ora\u0219ului, cabanele \u0219i pensiunile din Rom\u00e2nia \u00ee\u021bi pot oferi cadrul ideal pentru a te bucura de magia Cr\u0103ciunului. \u00cencep\u00e2nd cu luna noiembrie, multe dintre aceste loca\u021bii sunt deja decorate festiv, oferind o experien\u021b\u0103 autentic\u0103 de s\u0103rb\u0103toare.<\/p>\n<p>\u00cen continuare, \u00ee\u021bi vom prezenta c\u00e2teva dintre cele mai frumoase cabane \u0219i pensiuni care te a\u0219teapt\u0103 s\u0103 le descoperi.<\/p>\n<p><strong>1. Cabana Poiana cu Brazi<\/strong><\/p>\n<p>Aflat\u0103 \u00een inima Carpa\u021bilor, Cabana Poiana cu Brazi este locul perfect pentru o escapad\u0103 de Cr\u0103ciun. Aceast\u0103 caban\u0103 tradi\u021bional\u0103 ofer\u0103 nu doar confort \u0219i ospitalitate, ci \u0219i o priveli\u0219te de neuitat asupra peisajului montan. \u00cencep\u00e2nd cu luna noiembrie, cabana se \u00eembrac\u0103 \u00een straie festive, iar oaspe\u021bii pot savura preparate tradi\u021bionale g\u0103tite cu ingrediente locale. De asemenea, atmosfera c\u0103lduroas\u0103 \u0219i prietenoas\u0103 te va face s\u0103 te sim\u021bi ca acas\u0103.<\/p>\n<p><strong>2. Pensiunea Muntele Verde<\/strong><\/p>\n<p>Situat\u0103 \u00een apropierea unui p\u00e2r\u00e2u cristalin, Pensiunea Muntele Verde este ideal\u0103 pentru iubitorii de natur\u0103. \u00cen perioada s\u0103rb\u0103torilor, pensiunea organizeaz\u0103 activit\u0103\u021bi specifice, cum ar fi plimb\u0103ri cu sania tras\u0103 de cai \u0219i seri de poveste \u00een jurul focului de tab\u0103r\u0103. Decorul festiv \u0219i mirosul de brad proasp\u0103t te vor \u00eenv\u0103lui imediat ce p\u0103\u0219e\u0219ti \u00een interior. Oaspe\u021bii pot s\u0103 se relaxeze \u00een camerele confortabile \u0219i s\u0103 se bucure de preparate culinare delicioase, care \u00eembin\u0103 tradi\u021bia cu inova\u021bia.<\/p>\n<p><strong>3. Cabana La R\u0103scruce<\/strong><\/p>\n<p>Cabana La R\u0103scruce, situat\u0103 pe drumul care duce c\u0103tre cele mai populare sta\u021biuni de schi din zona Bra\u0219ovului, ofer\u0103 o atmosfer\u0103 de poveste \u00een fiecare an. \u00cencep\u00e2nd din noiembrie, cabana este decorat\u0103 cu lumini\u021be \u0219i ornamente de Cr\u0103ciun, cre\u00e2nd un cadru feeric. Oaspe\u021bii se pot bucura de activit\u0103\u021bi precum schi, drume\u021bii sau pur \u0219i simplu relaxare la gura \u0219emineului. Restaurantul cabanei serve\u0219te preparate tradi\u021bionale rom\u00e2ne\u0219ti, iar micul dejun este un adev\u0103rat festin.<\/p>\n<p><strong>4. Pensiunea Valea Iederii<\/strong><\/p>\n<p>Aceast\u0103 pensiune pitoreasc\u0103 se afl\u0103 \u00eentr-o zon\u0103 retras\u0103, perfect\u0103 pentru cei care doresc s\u0103 scape de zgomotul cotidian. Valea Iederii ofer\u0103 o atmosfer\u0103 cald\u0103 \u0219i primitoare, iar \u00een perioada s\u0103rb\u0103torilor, pensiunea este decorat\u0103 cu aten\u021bie la detalii. Oaspe\u021bii pot participa la ateliere de crea\u021bie pentru a-\u0219i prepara propriile decora\u021biuni de Cr\u0103ciun sau pot savura un ceai cald \u00een fa\u021ba \u0219emineului. De asemenea, pensiunea organizeaz\u0103 seri de jocuri \u0219i povestiri, aduc\u00e2nd \u00eempreun\u0103 familii \u0219i prieteni.<\/p>\n<p><strong>5. Cabana V\u00e2rfu\u2019 Muntelui<\/strong><\/p>\n<p>Cabana V\u00e2rfu\u2019 Muntelui este o alt\u0103 destina\u021bie de vis, situat\u0103 pe un v\u00e2rf montan care ofer\u0103 priveli\u0219ti spectaculoase asupra \u00eemprejurimilor. \u00cen perioada s\u0103rb\u0103torilor, cabana devine un loc de \u00eent\u00e2lnire pentru pasiona\u021bii de schi, dar \u0219i pentru cei care doresc s\u0103 se bucure de lini\u0219tea naturii. Atmosfera festiv\u0103 este completat\u0103 de muzica tradi\u021bional\u0103 \u0219i preparatele g\u0103tite cu drag de gazde. Oaspe\u021bii se pot bucura de plimb\u0103ri prin z\u0103pad\u0103 \u0219i de seri magice petrecute \u00een compania celor dragi.<\/p>\n<p>Indiferent de alegerea ta, fiecare dintre aceste cabane \u0219i pensiuni \u00ee\u021bi va oferi o experien\u021b\u0103 unic\u0103, plin\u0103 de momente de neuitat. Este timpul s\u0103 te bucuri de atmosfera de Cr\u0103ciun \u0219i s\u0103 creezi amintiri frumoase al\u0103turi de cei dragi. O escapad\u0103 \u00een mijlocul naturii, \u00eenconjurat de peisaje de poveste \u0219i c\u0103ldura tradi\u021biilor rom\u00e2ne\u0219ti, este exact ceea ce ai nevoie pentru a te reconecta cu spiritul s\u0103rb\u0103torilor.<\/p>\n<p>Rezerv\u0103-\u021bi din timp locul la una dintre aceste minunate loca\u021bii \u0219i preg\u0103te\u0219te-te pentru o experien\u021b\u0103 de neuitat!<\/p>\n","protected":false},"excerpt":{"rendered":"<p>Descoper\u0103 cele mai frumoase cabane \u0219i pensiuni din Rom\u00e2nia, unde po\u021bi sim\u021bi magia s\u0103rb\u0103torilor de iarn\u0103 \u00eenc\u0103 din noiembrie. Aceste loca\u021bii ofer\u0103 un cadru perfect pentru o escapad\u0103 de neuitat.<\/p>\n","protected":false},"author":1,"featured_media":892,"comment_status":"open","ping_status":"open","sticky":false,"template":"","format":"standard","meta":{"footnotes":""},"categories":[5],"tags":[],"class_list":{"0":"post-937","1":"post","2":"type-post","3":"status-publish","4":"format-standard","5":"has-post-thumbnail","7":"category-timp-liber"},"yoast_head":"<!-- This site is optimized with the Yoast SEO plugin v26.9 - https:\/\/yoast.com\/product\/yoast-seo-wordpress\/ -->\n<title>Top cabane \u0219i pensiuni cu atmosfer\u0103 de Cr\u0103ciun deschise din noiembrie - IDAYS.RO BLOG<\/title>\n<meta name=\"robots\" content=\"index, follow, max-snippet:-1, max-image-preview:large, max-video-preview:-1\" \/>\n<link rel=\"canonical\" href=\"https:\/\/idays.ro\/blog\/top-cabane-si-pensiuni-cu-atmosfera-de-craciun-deschise-din-noiembrie\/\" \/>\n<meta property=\"og:locale\" content=\"ro_RO\" \/>\n<meta property=\"og:type\" content=\"article\" \/>\n<meta property=\"og:title\" content=\"Top cabane \u0219i pensiuni cu atmosfer\u0103 de Cr\u0103ciun deschise din noiembrie - IDAYS.RO BLOG\" \/>\n<meta property=\"og:description\" content=\"Descoper\u0103 cele mai frumoase cabane \u0219i pensiuni din Rom\u00e2nia, unde po\u021bi sim\u021bi magia s\u0103rb\u0103torilor de iarn\u0103 \u00eenc\u0103 din noiembrie. Aceste loca\u021bii ofer\u0103 un cadru perfect pentru o escapad\u0103 de neuitat.\" \/>\n<meta property=\"og:url\" content=\"https:\/\/idays.ro\/blog\/top-cabane-si-pensiuni-cu-atmosfera-de-craciun-deschise-din-noiembrie\/\" \/>\n<meta property=\"og:site_name\" content=\"IDAYS.RO BLOG\" \/>\n<meta property=\"article:published_time\" content=\"2025-11-22T23:21:58+00:00\" \/>\n<meta property=\"og:image\" content=\"https:\/\/idays.ro\/blog\/wp-content\/uploads\/2025\/10\/copii-brad-min.jpg\" \/>\n\t<meta property=\"og:image:width\" content=\"1800\" \/>\n\t<meta property=\"og:image:height\" content=\"1200\" \/>\n\t<meta property=\"og:image:type\" content=\"image\/jpeg\" \/>\n<meta name=\"author\" content=\"liviu.andrei\" \/>\n<meta name=\"twitter:card\" content=\"summary_large_image\" \/>\n<meta name=\"twitter:label1\" content=\"Scris de\" \/>\n\t<meta name=\"twitter:data1\" content=\"liviu.andrei\" \/>\n\t<meta name=\"twitter:label2\" content=\"Timp estimat pentru citire\" \/>\n\t<meta name=\"twitter:data2\" content=\"4 minute\" \/>\n<script type=\"application\/ld+json\" class=\"yoast-schema-graph\">{\"@context\":\"https:\/\/schema.org\",\"@graph\":[{\"@type\":\"Article\",\"@id\":\"https:\/\/idays.ro\/blog\/top-cabane-si-pensiuni-cu-atmosfera-de-craciun-deschise-din-noiembrie\/#article\",\"isPartOf\":{\"@id\":\"https:\/\/idays.ro\/blog\/top-cabane-si-pensiuni-cu-atmosfera-de-craciun-deschise-din-noiembrie\/\"},\"author\":{\"name\":\"liviu.andrei\",\"@id\":\"https:\/\/idays.ro\/blog\/#\/schema\/person\/8b6552e1384e1ab28b8d3dc230212823\"},\"headline\":\"Top cabane \u0219i pensiuni cu atmosfer\u0103 de Cr\u0103ciun deschise din noiembrie\",\"datePublished\":\"2025-11-22T23:21:58+00:00\",\"mainEntityOfPage\":{\"@id\":\"https:\/\/idays.ro\/blog\/top-cabane-si-pensiuni-cu-atmosfera-de-craciun-deschise-din-noiembrie\/\"},\"wordCount\":653,\"commentCount\":0,\"image\":{\"@id\":\"https:\/\/idays.ro\/blog\/top-cabane-si-pensiuni-cu-atmosfera-de-craciun-deschise-din-noiembrie\/#primaryimage\"},\"thumbnailUrl\":\"https:\/\/idays.ro\/blog\/wp-content\/uploads\/2025\/10\/copii-brad-min.jpg\",\"articleSection\":[\"Timp liber\"],\"inLanguage\":\"ro-RO\",\"potentialAction\":[{\"@type\":\"CommentAction\",\"name\":\"Comment\",\"target\":[\"https:\/\/idays.ro\/blog\/top-cabane-si-pensiuni-cu-atmosfera-de-craciun-deschise-din-noiembrie\/#respond\"]}]},{\"@type\":\"WebPage\",\"@id\":\"https:\/\/idays.ro\/blog\/top-cabane-si-pensiuni-cu-atmosfera-de-craciun-deschise-din-noiembrie\/\",\"url\":\"https:\/\/idays.ro\/blog\/top-cabane-si-pensiuni-cu-atmosfera-de-craciun-deschise-din-noiembrie\/\",\"name\":\"Top cabane \u0219i pensiuni cu atmosfer\u0103 de Cr\u0103ciun deschise din noiembrie - IDAYS.RO BLOG\",\"isPartOf\":{\"@id\":\"https:\/\/idays.ro\/blog\/#website\"},\"primaryImageOfPage\":{\"@id\":\"https:\/\/idays.ro\/blog\/top-cabane-si-pensiuni-cu-atmosfera-de-craciun-deschise-din-noiembrie\/#primaryimage\"},\"image\":{\"@id\":\"https:\/\/idays.ro\/blog\/top-cabane-si-pensiuni-cu-atmosfera-de-craciun-deschise-din-noiembrie\/#primaryimage\"},\"thumbnailUrl\":\"https:\/\/idays.ro\/blog\/wp-content\/uploads\/2025\/10\/copii-brad-min.jpg\",\"datePublished\":\"2025-11-22T23:21:58+00:00\",\"author\":{\"@id\":\"https:\/\/idays.ro\/blog\/#\/schema\/person\/8b6552e1384e1ab28b8d3dc230212823\"},\"breadcrumb\":{\"@id\":\"https:\/\/idays.ro\/blog\/top-cabane-si-pensiuni-cu-atmosfera-de-craciun-deschise-din-noiembrie\/#breadcrumb\"},\"inLanguage\":\"ro-RO\",\"potentialAction\":[{\"@type\":\"ReadAction\",\"target\":[\"https:\/\/idays.ro\/blog\/top-cabane-si-pensiuni-cu-atmosfera-de-craciun-deschise-din-noiembrie\/\"]}]},{\"@type\":\"ImageObject\",\"inLanguage\":\"ro-RO\",\"@id\":\"https:\/\/idays.ro\/blog\/top-cabane-si-pensiuni-cu-atmosfera-de-craciun-deschise-din-noiembrie\/#primaryimage\",\"url\":\"https:\/\/idays.ro\/blog\/wp-content\/uploads\/2025\/10\/copii-brad-min.jpg\",\"contentUrl\":\"https:\/\/idays.ro\/blog\/wp-content\/uploads\/2025\/10\/copii-brad-min.jpg\",\"width\":1800,\"height\":1200},{\"@type\":\"BreadcrumbList\",\"@id\":\"https:\/\/idays.ro\/blog\/top-cabane-si-pensiuni-cu-atmosfera-de-craciun-deschise-din-noiembrie\/#breadcrumb\",\"itemListElement\":[{\"@type\":\"ListItem\",\"position\":1,\"name\":\"Prima pagin\u0103\",\"item\":\"https:\/\/idays.ro\/blog\/\"},{\"@type\":\"ListItem\",\"position\":2,\"name\":\"Top cabane \u0219i pensiuni cu atmosfer\u0103 de Cr\u0103ciun deschise din noiembrie\"}]},{\"@type\":\"WebSite\",\"@id\":\"https:\/\/idays.ro\/blog\/#website\",\"url\":\"https:\/\/idays.ro\/blog\/\",\"name\":\"IDAYS.RO BLOG\",\"description\":\"\",\"potentialAction\":[{\"@type\":\"SearchAction\",\"target\":{\"@type\":\"EntryPoint\",\"urlTemplate\":\"https:\/\/idays.ro\/blog\/?s={search_term_string}\"},\"query-input\":{\"@type\":\"PropertyValueSpecification\",\"valueRequired\":true,\"valueName\":\"search_term_string\"}}],\"inLanguage\":\"ro-RO\"},{\"@type\":\"Person\",\"@id\":\"https:\/\/idays.ro\/blog\/#\/schema\/person\/8b6552e1384e1ab28b8d3dc230212823\",\"name\":\"liviu.andrei\",\"image\":{\"@type\":\"ImageObject\",\"inLanguage\":\"ro-RO\",\"@id\":\"https:\/\/idays.ro\/blog\/#\/schema\/person\/image\/\",\"url\":\"https:\/\/secure.gravatar.com\/avatar\/b3f7b6799cd9cf49f1e5691003e23e3cdcfee36272b0a7e3863eb32ccb60b91a?s=96&d=mm&r=g\",\"contentUrl\":\"https:\/\/secure.gravatar.com\/avatar\/b3f7b6799cd9cf49f1e5691003e23e3cdcfee36272b0a7e3863eb32ccb60b91a?s=96&d=mm&r=g\",\"caption\":\"liviu.andrei\"},\"sameAs\":[\"https:\/\/idays.ro\/blog\"]}]}<\/script>\n<!-- \/ Yoast SEO plugin. -->","yoast_head_json":{"title":"Top cabane \u0219i pensiuni cu atmosfer\u0103 de Cr\u0103ciun deschise din noiembrie - IDAYS.RO BLOG","robots":{"index":"index","follow":"follow","max-snippet":"max-snippet:-1","max-image-preview":"max-image-preview:large","max-video-preview":"max-video-preview:-1"},"canonical":"https:\/\/idays.ro\/blog\/top-cabane-si-pensiuni-cu-atmosfera-de-craciun-deschise-din-noiembrie\/","og_locale":"ro_RO","og_type":"article","og_title":"Top cabane \u0219i pensiuni cu atmosfer\u0103 de Cr\u0103ciun deschise din noiembrie - IDAYS.RO BLOG","og_description":"Descoper\u0103 cele mai frumoase cabane \u0219i pensiuni din Rom\u00e2nia, unde po\u021bi sim\u021bi magia s\u0103rb\u0103torilor de iarn\u0103 \u00eenc\u0103 din noiembrie. Aceste loca\u021bii ofer\u0103 un cadru perfect pentru o escapad\u0103 de neuitat.","og_url":"https:\/\/idays.ro\/blog\/top-cabane-si-pensiuni-cu-atmosfera-de-craciun-deschise-din-noiembrie\/","og_site_name":"IDAYS.RO BLOG","article_published_time":"2025-11-22T23:21:58+00:00","og_image":[{"width":1800,"height":1200,"url":"https:\/\/idays.ro\/blog\/wp-content\/uploads\/2025\/10\/copii-brad-min.jpg","type":"image\/jpeg"}],"author":"liviu.andrei","twitter_card":"summary_large_image","twitter_misc":{"Scris de":"liviu.andrei","Timp estimat pentru citire":"4 minute"},"schema":{"@context":"https:\/\/schema.org","@graph":[{"@type":"Article","@id":"https:\/\/idays.ro\/blog\/top-cabane-si-pensiuni-cu-atmosfera-de-craciun-deschise-din-noiembrie\/#article","isPartOf":{"@id":"https:\/\/idays.ro\/blog\/top-cabane-si-pensiuni-cu-atmosfera-de-craciun-deschise-din-noiembrie\/"},"author":{"name":"liviu.andrei","@id":"https:\/\/idays.ro\/blog\/#\/schema\/person\/8b6552e1384e1ab28b8d3dc230212823"},"headline":"Top cabane \u0219i pensiuni cu atmosfer\u0103 de Cr\u0103ciun deschise din noiembrie","datePublished":"2025-11-22T23:21:58+00:00","mainEntityOfPage":{"@id":"https:\/\/idays.ro\/blog\/top-cabane-si-pensiuni-cu-atmosfera-de-craciun-deschise-din-noiembrie\/"},"wordCount":653,"commentCount":0,"image":{"@id":"https:\/\/idays.ro\/blog\/top-cabane-si-pensiuni-cu-atmosfera-de-craciun-deschise-din-noiembrie\/#primaryimage"},"thumbnailUrl":"https:\/\/idays.ro\/blog\/wp-content\/uploads\/2025\/10\/copii-brad-min.jpg","articleSection":["Timp liber"],"inLanguage":"ro-RO","potentialAction":[{"@type":"CommentAction","name":"Comment","target":["https:\/\/idays.ro\/blog\/top-cabane-si-pensiuni-cu-atmosfera-de-craciun-deschise-din-noiembrie\/#respond"]}]},{"@type":"WebPage","@id":"https:\/\/idays.ro\/blog\/top-cabane-si-pensiuni-cu-atmosfera-de-craciun-deschise-din-noiembrie\/","url":"https:\/\/idays.ro\/blog\/top-cabane-si-pensiuni-cu-atmosfera-de-craciun-deschise-din-noiembrie\/","name":"Top cabane \u0219i pensiuni cu atmosfer\u0103 de Cr\u0103ciun deschise din noiembrie - IDAYS.RO BLOG","isPartOf":{"@id":"https:\/\/idays.ro\/blog\/#website"},"primaryImageOfPage":{"@id":"https:\/\/idays.ro\/blog\/top-cabane-si-pensiuni-cu-atmosfera-de-craciun-deschise-din-noiembrie\/#primaryimage"},"image":{"@id":"https:\/\/idays.ro\/blog\/top-cabane-si-pensiuni-cu-atmosfera-de-craciun-deschise-din-noiembrie\/#primaryimage"},"thumbnailUrl":"https:\/\/idays.ro\/blog\/wp-content\/uploads\/2025\/10\/copii-brad-min.jpg","datePublished":"2025-11-22T23:21:58+00:00","author":{"@id":"https:\/\/idays.ro\/blog\/#\/schema\/person\/8b6552e1384e1ab28b8d3dc230212823"},"breadcrumb":{"@id":"https:\/\/idays.ro\/blog\/top-cabane-si-pensiuni-cu-atmosfera-de-craciun-deschise-din-noiembrie\/#breadcrumb"},"inLanguage":"ro-RO","potentialAction":[{"@type":"ReadAction","target":["https:\/\/idays.ro\/blog\/top-cabane-si-pensiuni-cu-atmosfera-de-craciun-deschise-din-noiembrie\/"]}]},{"@type":"ImageObject","inLanguage":"ro-RO","@id":"https:\/\/idays.ro\/blog\/top-cabane-si-pensiuni-cu-atmosfera-de-craciun-deschise-din-noiembrie\/#primaryimage","url":"https:\/\/idays.ro\/blog\/wp-content\/uploads\/2025\/10\/copii-brad-min.jpg","contentUrl":"https:\/\/idays.ro\/blog\/wp-content\/uploads\/2025\/10\/copii-brad-min.jpg","width":1800,"height":1200},{"@type":"BreadcrumbList","@id":"https:\/\/idays.ro\/blog\/top-cabane-si-pensiuni-cu-atmosfera-de-craciun-deschise-din-noiembrie\/#breadcrumb","itemListElement":[{"@type":"ListItem","position":1,"name":"Prima pagin\u0103","item":"https:\/\/idays.ro\/blog\/"},{"@type":"ListItem","position":2,"name":"Top cabane \u0219i pensiuni cu atmosfer\u0103 de Cr\u0103ciun deschise din noiembrie"}]},{"@type":"WebSite","@id":"https:\/\/idays.ro\/blog\/#website","url":"https:\/\/idays.ro\/blog\/","name":"IDAYS.RO BLOG","description":"","potentialAction":[{"@type":"SearchAction","target":{"@type":"EntryPoint","urlTemplate":"https:\/\/idays.ro\/blog\/?s={search_term_string}"},"query-input":{"@type":"PropertyValueSpecification","valueRequired":true,"valueName":"search_term_string"}}],"inLanguage":"ro-RO"},{"@type":"Person","@id":"https:\/\/idays.ro\/blog\/#\/schema\/person\/8b6552e1384e1ab28b8d3dc230212823","name":"liviu.andrei","image":{"@type":"ImageObject","inLanguage":"ro-RO","@id":"https:\/\/idays.ro\/blog\/#\/schema\/person\/image\/","url":"https:\/\/secure.gravatar.com\/avatar\/b3f7b6799cd9cf49f1e5691003e23e3cdcfee36272b0a7e3863eb32ccb60b91a?s=96&d=mm&r=g","contentUrl":"https:\/\/secure.gravatar.com\/avatar\/b3f7b6799cd9cf49f1e5691003e23e3cdcfee36272b0a7e3863eb32ccb60b91a?s=96&d=mm&r=g","caption":"liviu.andrei"},"sameAs":["https:\/\/idays.ro\/blog"]}]}},"_links":{"self":[{"href":"https:\/\/idays.ro\/blog\/wp-json\/wp\/v2\/posts\/937","targetHints":{"allow":["GET"]}}],"collection":[{"href":"https:\/\/idays.ro\/blog\/wp-json\/wp\/v2\/posts"}],"about":[{"href":"https:\/\/idays.ro\/blog\/wp-json\/wp\/v2\/types\/post"}],"author":[{"embeddable":true,"href":"https:\/\/idays.ro\/blog\/wp-json\/wp\/v2\/users\/1"}],"replies":[{"embeddable":true,"href":"https:\/\/idays.ro\/blog\/wp-json\/wp\/v2\/comments?post=937"}],"version-history":[{"count":1,"href":"https:\/\/idays.ro\/blog\/wp-json\/wp\/v2\/posts\/937\/revisions"}],"predecessor-version":[{"id":945,"href":"https:\/\/idays.ro\/blog\/wp-json\/wp\/v2\/posts\/937\/revisions\/945"}],"wp:featuredmedia":[{"embeddable":true,"href":"https:\/\/idays.ro\/blog\/wp-json\/wp\/v2\/media\/892"}],"wp:attachment":[{"href":"https:\/\/idays.ro\/blog\/wp-json\/wp\/v2\/media?parent=937"}],"wp:term":[{"taxonomy":"category","embeddable":true,"href":"https:\/\/idays.ro\/blog\/wp-json\/wp\/v2\/categories?post=937"},{"taxonomy":"post_tag","embeddable":true,"href":"https:\/\/idays.ro\/blog\/wp-json\/wp\/v2\/tags?post=937"}],"curies":[{"name":"wp","href":"https:\/\/api.w.org\/{rel}","templated":true}]}}