{"id":879,"date":"2025-11-19T23:42:30","date_gmt":"2025-11-19T21:42:30","guid":{"rendered":"https:\/\/idays.ro\/blog\/?p=879"},"modified":"2025-10-14T23:42:58","modified_gmt":"2025-10-14T20:42:58","slug":"cum-traim-decembrie-2025-tendinte-atmosfera-recomandari-de-activitati-in-sezonul-rece","status":"publish","type":"post","link":"https:\/\/idays.ro\/blog\/cum-traim-decembrie-2025-tendinte-atmosfera-recomandari-de-activitati-in-sezonul-rece\/","title":{"rendered":"Cum tr\u0103im decembrie 2025: tendin\u021be, atmosfer\u0103, recomand\u0103ri de activit\u0103\u021bi \u00een sezonul rece"},"content":{"rendered":"<p>Decembrie este o lun\u0103 special\u0103, plin\u0103 de magie \u0219i anticipare, iar \u00een 2025, aceasta promite s\u0103 fie mai fascinant\u0103 ca niciodat\u0103. Oamenii se preg\u0103tesc s\u0103 petreac\u0103 s\u0103rb\u0103torile de iarn\u0103 \u00eentr-un mod care \u00eembin\u0103 tradi\u021bia cu inova\u021bia. Deci, cum ne vom bucura de aceast\u0103 lun\u0103 \u00een 2025? S\u0103 explor\u0103m tendin\u021bele, atmosfera \u0219i recomand\u0103rile de activit\u0103\u021bi!<\/p>\n<p>\u00cen primul r\u00e2nd, este important de men\u021bionat c\u0103 decembrie 2025 va fi marcat de o tendin\u021b\u0103 tot mai mare c\u0103tre sustenabilitate. Multe ora\u0219e din \u00eentreaga lume, inclusiv cele din Rom\u00e2nia, \u00ee\u0219i propun s\u0103 \u00ee\u0219i reduc\u0103 amprenta de carbon \u0219i s\u0103 promoveze un stil de via\u021b\u0103 mai ecologic. De exemplu, pie\u021bele de Cr\u0103ciun vor fi decorate cu iluminat LED ecologic \u0219i ornamente realizate din materiale reciclate. Aceste ini\u021biative nu doar c\u0103 ajut\u0103 mediul, dar contribuie \u0219i la crearea unei atmosfere mai calde \u0219i mai primitoare.<\/p>\n<p>Atmosfera din ora\u0219e \u00een decembrie va fi cu siguran\u021b\u0103 una de s\u0103rb\u0103toare. Str\u0103zile vor fi \u00eempodobite cu lumini colorate, iar colind\u0103torii vor umple aerul cu melodii tradi\u021bionale. Totodat\u0103, comunit\u0103\u021bile locale vor organiza evenimente festive care s\u0103 aduc\u0103 oamenii \u00eempreun\u0103. Aceasta va fi ocazia perfect\u0103 de a petrece timp cu familia \u0219i prietenii, dar \u0219i de a face noi cuno\u0219tin\u021be.<\/p>\n<p>Un alt aspect important al lunii decembrie 2025 va fi accentul pus pe activit\u0103\u021bile \u00een aer liber. Chiar dac\u0103 temperaturile pot fi sc\u0103zute, multe persoane vor alege s\u0103 profite de iarna magic\u0103 \u0219i de peisajele de poveste. Activit\u0103\u021bile precum patinajul pe ghea\u021b\u0103, schiatul sau plimb\u0103rile cu s\u0103niile vor deveni din ce \u00een ce mai populare. \u00cen marile ora\u0219e, vor fi organizate evenimente de patinaj \u00een aer liber, unde familiile pot veni s\u0103 se distreze, s\u0103 se bucure de ciocolat\u0103 cald\u0103 \u0219i s\u0103 admire decorurile festive.<\/p>\n<h2>Recomand\u0103ri de activit\u0103\u021bi \u00een sezonul rece<\/h2>\n<p>Pentru a profita din plin de decembrie 2025, iat\u0103 c\u00e2teva activit\u0103\u021bi pe care le po\u021bi lua \u00een considerare:<\/p>\n<ul>\n<li><strong>Viziteaz\u0103 pie\u021bele de Cr\u0103ciun:<\/strong> Acestea sunt locuri minunate unde po\u021bi g\u0103si cadouri unice, produse locale \u0219i delicatese tradi\u021bionale. Nu rata ocazia de a savura un vin fiert sau un cozonac proasp\u0103t!<\/li>\n<li><strong>Particip\u0103 la evenimente culturale:<\/strong> Teatrele \u0219i s\u0103lile de concert vor oferi spectacole \u0219i concerte tematice. O sear\u0103 de oper\u0103 sau un concert de colinde poate fi o experien\u021b\u0103 de neuitat.<\/li>\n<li><strong>Planific\u0103 o excursie la munte:<\/strong> Dac\u0103 e\u0219ti pasionat de sporturile de iarn\u0103, o excursie la o sta\u021biune montan\u0103 poate fi perfect\u0103. Fie c\u0103 schiezi sau pur \u0219i simplu te bucuri de peisaj, natura de iarn\u0103 are un farmec aparte.<\/li>\n<li><strong>Organizeaz\u0103 o sear\u0103 de filme acas\u0103:<\/strong> \u00centr-o sear\u0103 rece, nu exist\u0103 nimic mai pl\u0103cut dec\u00e2t s\u0103 te cuib\u0103re\u0219ti sub o p\u0103tur\u0103 cald\u0103, s\u0103 te ui\u021bi la filme de Cr\u0103ciun \u0219i s\u0103 savurezi popcorn \u0219i ciocolat\u0103 cald\u0103.<\/li>\n<\/ul>\n<p>Pe l\u00e2ng\u0103 aceste activit\u0103\u021bi, comunit\u0103\u021bile locale pot organiza \u0219i evenimente caritabile, unde oamenii pot contribui la ajutorarea celor mai pu\u021bin noroco\u0219i. Aceasta este o modalitate excelent\u0103 de a r\u0103sp\u00e2ndi bucuria \u0219i de a aduce un z\u00e2mbet pe chipurile celor care au nevoie. \u00cen 2025, se va pune un accent tot mai mare pe solidaritate \u0219i sprijin reciproc, ceea ce va face ca atmosfera s\u0103rb\u0103torilor s\u0103 fie \u0219i mai special\u0103.<\/p>\n<p>\u00cen concluzie, decembrie 2025 va fi o lun\u0103 plin\u0103 de oportunit\u0103\u021bi de a te bucura de sezonul rece. Fie c\u0103 alegi s\u0103 petreci timp \u00een aer liber, s\u0103 te bucuri de atmosfera pie\u021belor de Cr\u0103ciun sau s\u0103 te implici \u00een activit\u0103\u021bi comunitare, important este s\u0103 \u00eembr\u0103\u021bi\u0219ezi spiritul s\u0103rb\u0103torilor. S\u0103rb\u0103torile de iarn\u0103 sunt despre conexiune, bucurie \u0219i d\u0103ruire, iar \u00een 2025, aceste valori vor str\u0103luci mai puternic ca niciodat\u0103.<\/p>\n","protected":false},"excerpt":{"rendered":"<p>Descoper\u0103 cum va ar\u0103ta luna decembrie 2025, cu tendin\u021be inovatoare, atmosfer\u0103 festiv\u0103 \u0219i activit\u0103\u021bi variate pentru a te bucura de sezonul rece.<\/p>\n","protected":false},"author":1,"featured_media":470,"comment_status":"open","ping_status":"open","sticky":false,"template":"","format":"standard","meta":{"footnotes":""},"categories":[5],"tags":[],"class_list":{"0":"post-879","1":"post","2":"type-post","3":"status-publish","4":"format-standard","5":"has-post-thumbnail","7":"category-timp-liber"},"yoast_head":"<!-- This site is optimized with the Yoast SEO plugin v26.9 - https:\/\/yoast.com\/product\/yoast-seo-wordpress\/ -->\n<title>Cum tr\u0103im decembrie 2025: tendin\u021be, atmosfer\u0103, recomand\u0103ri de activit\u0103\u021bi \u00een sezonul rece - IDAYS.RO BLOG<\/title>\n<meta name=\"robots\" content=\"index, follow, max-snippet:-1, max-image-preview:large, max-video-preview:-1\" \/>\n<link rel=\"canonical\" href=\"https:\/\/idays.ro\/blog\/cum-traim-decembrie-2025-tendinte-atmosfera-recomandari-de-activitati-in-sezonul-rece\/\" \/>\n<meta property=\"og:locale\" content=\"ro_RO\" \/>\n<meta property=\"og:type\" content=\"article\" \/>\n<meta property=\"og:title\" content=\"Cum tr\u0103im decembrie 2025: tendin\u021be, atmosfer\u0103, recomand\u0103ri de activit\u0103\u021bi \u00een sezonul rece - IDAYS.RO BLOG\" \/>\n<meta property=\"og:description\" content=\"Descoper\u0103 cum va ar\u0103ta luna decembrie 2025, cu tendin\u021be inovatoare, atmosfer\u0103 festiv\u0103 \u0219i activit\u0103\u021bi variate pentru a te bucura de sezonul rece.\" \/>\n<meta property=\"og:url\" content=\"https:\/\/idays.ro\/blog\/cum-traim-decembrie-2025-tendinte-atmosfera-recomandari-de-activitati-in-sezonul-rece\/\" \/>\n<meta property=\"og:site_name\" content=\"IDAYS.RO BLOG\" \/>\n<meta property=\"article:published_time\" content=\"2025-11-19T21:42:30+00:00\" \/>\n<meta property=\"og:image\" content=\"https:\/\/idays.ro\/blog\/wp-content\/uploads\/2025\/09\/muntii-leaota-min.jpg\" \/>\n\t<meta property=\"og:image:width\" content=\"1800\" \/>\n\t<meta property=\"og:image:height\" content=\"1350\" \/>\n\t<meta property=\"og:image:type\" content=\"image\/jpeg\" \/>\n<meta name=\"author\" content=\"liviu.andrei\" \/>\n<meta name=\"twitter:card\" content=\"summary_large_image\" \/>\n<meta name=\"twitter:label1\" content=\"Scris de\" \/>\n\t<meta name=\"twitter:data1\" content=\"liviu.andrei\" \/>\n\t<meta name=\"twitter:label2\" content=\"Timp estimat pentru citire\" \/>\n\t<meta name=\"twitter:data2\" content=\"4 minute\" \/>\n<script type=\"application\/ld+json\" class=\"yoast-schema-graph\">{\"@context\":\"https:\/\/schema.org\",\"@graph\":[{\"@type\":\"Article\",\"@id\":\"https:\/\/idays.ro\/blog\/cum-traim-decembrie-2025-tendinte-atmosfera-recomandari-de-activitati-in-sezonul-rece\/#article\",\"isPartOf\":{\"@id\":\"https:\/\/idays.ro\/blog\/cum-traim-decembrie-2025-tendinte-atmosfera-recomandari-de-activitati-in-sezonul-rece\/\"},\"author\":{\"name\":\"liviu.andrei\",\"@id\":\"https:\/\/idays.ro\/blog\/#\/schema\/person\/8b6552e1384e1ab28b8d3dc230212823\"},\"headline\":\"Cum tr\u0103im decembrie 2025: tendin\u021be, atmosfer\u0103, recomand\u0103ri de activit\u0103\u021bi \u00een sezonul rece\",\"datePublished\":\"2025-11-19T21:42:30+00:00\",\"mainEntityOfPage\":{\"@id\":\"https:\/\/idays.ro\/blog\/cum-traim-decembrie-2025-tendinte-atmosfera-recomandari-de-activitati-in-sezonul-rece\/\"},\"wordCount\":661,\"commentCount\":0,\"image\":{\"@id\":\"https:\/\/idays.ro\/blog\/cum-traim-decembrie-2025-tendinte-atmosfera-recomandari-de-activitati-in-sezonul-rece\/#primaryimage\"},\"thumbnailUrl\":\"https:\/\/idays.ro\/blog\/wp-content\/uploads\/2025\/09\/muntii-leaota-min.jpg\",\"articleSection\":[\"Timp liber\"],\"inLanguage\":\"ro-RO\",\"potentialAction\":[{\"@type\":\"CommentAction\",\"name\":\"Comment\",\"target\":[\"https:\/\/idays.ro\/blog\/cum-traim-decembrie-2025-tendinte-atmosfera-recomandari-de-activitati-in-sezonul-rece\/#respond\"]}]},{\"@type\":\"WebPage\",\"@id\":\"https:\/\/idays.ro\/blog\/cum-traim-decembrie-2025-tendinte-atmosfera-recomandari-de-activitati-in-sezonul-rece\/\",\"url\":\"https:\/\/idays.ro\/blog\/cum-traim-decembrie-2025-tendinte-atmosfera-recomandari-de-activitati-in-sezonul-rece\/\",\"name\":\"Cum tr\u0103im decembrie 2025: tendin\u021be, atmosfer\u0103, recomand\u0103ri de activit\u0103\u021bi \u00een sezonul rece - IDAYS.RO BLOG\",\"isPartOf\":{\"@id\":\"https:\/\/idays.ro\/blog\/#website\"},\"primaryImageOfPage\":{\"@id\":\"https:\/\/idays.ro\/blog\/cum-traim-decembrie-2025-tendinte-atmosfera-recomandari-de-activitati-in-sezonul-rece\/#primaryimage\"},\"image\":{\"@id\":\"https:\/\/idays.ro\/blog\/cum-traim-decembrie-2025-tendinte-atmosfera-recomandari-de-activitati-in-sezonul-rece\/#primaryimage\"},\"thumbnailUrl\":\"https:\/\/idays.ro\/blog\/wp-content\/uploads\/2025\/09\/muntii-leaota-min.jpg\",\"datePublished\":\"2025-11-19T21:42:30+00:00\",\"author\":{\"@id\":\"https:\/\/idays.ro\/blog\/#\/schema\/person\/8b6552e1384e1ab28b8d3dc230212823\"},\"breadcrumb\":{\"@id\":\"https:\/\/idays.ro\/blog\/cum-traim-decembrie-2025-tendinte-atmosfera-recomandari-de-activitati-in-sezonul-rece\/#breadcrumb\"},\"inLanguage\":\"ro-RO\",\"potentialAction\":[{\"@type\":\"ReadAction\",\"target\":[\"https:\/\/idays.ro\/blog\/cum-traim-decembrie-2025-tendinte-atmosfera-recomandari-de-activitati-in-sezonul-rece\/\"]}]},{\"@type\":\"ImageObject\",\"inLanguage\":\"ro-RO\",\"@id\":\"https:\/\/idays.ro\/blog\/cum-traim-decembrie-2025-tendinte-atmosfera-recomandari-de-activitati-in-sezonul-rece\/#primaryimage\",\"url\":\"https:\/\/idays.ro\/blog\/wp-content\/uploads\/2025\/09\/muntii-leaota-min.jpg\",\"contentUrl\":\"https:\/\/idays.ro\/blog\/wp-content\/uploads\/2025\/09\/muntii-leaota-min.jpg\",\"width\":1800,\"height\":1350,\"caption\":\"Muntii Leaota\"},{\"@type\":\"BreadcrumbList\",\"@id\":\"https:\/\/idays.ro\/blog\/cum-traim-decembrie-2025-tendinte-atmosfera-recomandari-de-activitati-in-sezonul-rece\/#breadcrumb\",\"itemListElement\":[{\"@type\":\"ListItem\",\"position\":1,\"name\":\"Prima pagin\u0103\",\"item\":\"https:\/\/idays.ro\/blog\/\"},{\"@type\":\"ListItem\",\"position\":2,\"name\":\"Cum tr\u0103im decembrie 2025: tendin\u021be, atmosfer\u0103, recomand\u0103ri de activit\u0103\u021bi \u00een sezonul rece\"}]},{\"@type\":\"WebSite\",\"@id\":\"https:\/\/idays.ro\/blog\/#website\",\"url\":\"https:\/\/idays.ro\/blog\/\",\"name\":\"IDAYS.RO BLOG\",\"description\":\"\",\"potentialAction\":[{\"@type\":\"SearchAction\",\"target\":{\"@type\":\"EntryPoint\",\"urlTemplate\":\"https:\/\/idays.ro\/blog\/?s={search_term_string}\"},\"query-input\":{\"@type\":\"PropertyValueSpecification\",\"valueRequired\":true,\"valueName\":\"search_term_string\"}}],\"inLanguage\":\"ro-RO\"},{\"@type\":\"Person\",\"@id\":\"https:\/\/idays.ro\/blog\/#\/schema\/person\/8b6552e1384e1ab28b8d3dc230212823\",\"name\":\"liviu.andrei\",\"image\":{\"@type\":\"ImageObject\",\"inLanguage\":\"ro-RO\",\"@id\":\"https:\/\/idays.ro\/blog\/#\/schema\/person\/image\/\",\"url\":\"https:\/\/secure.gravatar.com\/avatar\/b3f7b6799cd9cf49f1e5691003e23e3cdcfee36272b0a7e3863eb32ccb60b91a?s=96&d=mm&r=g\",\"contentUrl\":\"https:\/\/secure.gravatar.com\/avatar\/b3f7b6799cd9cf49f1e5691003e23e3cdcfee36272b0a7e3863eb32ccb60b91a?s=96&d=mm&r=g\",\"caption\":\"liviu.andrei\"},\"sameAs\":[\"https:\/\/idays.ro\/blog\"]}]}<\/script>\n<!-- \/ Yoast SEO plugin. -->","yoast_head_json":{"title":"Cum tr\u0103im decembrie 2025: tendin\u021be, atmosfer\u0103, recomand\u0103ri de activit\u0103\u021bi \u00een sezonul rece - IDAYS.RO BLOG","robots":{"index":"index","follow":"follow","max-snippet":"max-snippet:-1","max-image-preview":"max-image-preview:large","max-video-preview":"max-video-preview:-1"},"canonical":"https:\/\/idays.ro\/blog\/cum-traim-decembrie-2025-tendinte-atmosfera-recomandari-de-activitati-in-sezonul-rece\/","og_locale":"ro_RO","og_type":"article","og_title":"Cum tr\u0103im decembrie 2025: tendin\u021be, atmosfer\u0103, recomand\u0103ri de activit\u0103\u021bi \u00een sezonul rece - IDAYS.RO BLOG","og_description":"Descoper\u0103 cum va ar\u0103ta luna decembrie 2025, cu tendin\u021be inovatoare, atmosfer\u0103 festiv\u0103 \u0219i activit\u0103\u021bi variate pentru a te bucura de sezonul rece.","og_url":"https:\/\/idays.ro\/blog\/cum-traim-decembrie-2025-tendinte-atmosfera-recomandari-de-activitati-in-sezonul-rece\/","og_site_name":"IDAYS.RO BLOG","article_published_time":"2025-11-19T21:42:30+00:00","og_image":[{"width":1800,"height":1350,"url":"https:\/\/idays.ro\/blog\/wp-content\/uploads\/2025\/09\/muntii-leaota-min.jpg","type":"image\/jpeg"}],"author":"liviu.andrei","twitter_card":"summary_large_image","twitter_misc":{"Scris de":"liviu.andrei","Timp estimat pentru citire":"4 minute"},"schema":{"@context":"https:\/\/schema.org","@graph":[{"@type":"Article","@id":"https:\/\/idays.ro\/blog\/cum-traim-decembrie-2025-tendinte-atmosfera-recomandari-de-activitati-in-sezonul-rece\/#article","isPartOf":{"@id":"https:\/\/idays.ro\/blog\/cum-traim-decembrie-2025-tendinte-atmosfera-recomandari-de-activitati-in-sezonul-rece\/"},"author":{"name":"liviu.andrei","@id":"https:\/\/idays.ro\/blog\/#\/schema\/person\/8b6552e1384e1ab28b8d3dc230212823"},"headline":"Cum tr\u0103im decembrie 2025: tendin\u021be, atmosfer\u0103, recomand\u0103ri de activit\u0103\u021bi \u00een sezonul rece","datePublished":"2025-11-19T21:42:30+00:00","mainEntityOfPage":{"@id":"https:\/\/idays.ro\/blog\/cum-traim-decembrie-2025-tendinte-atmosfera-recomandari-de-activitati-in-sezonul-rece\/"},"wordCount":661,"commentCount":0,"image":{"@id":"https:\/\/idays.ro\/blog\/cum-traim-decembrie-2025-tendinte-atmosfera-recomandari-de-activitati-in-sezonul-rece\/#primaryimage"},"thumbnailUrl":"https:\/\/idays.ro\/blog\/wp-content\/uploads\/2025\/09\/muntii-leaota-min.jpg","articleSection":["Timp liber"],"inLanguage":"ro-RO","potentialAction":[{"@type":"CommentAction","name":"Comment","target":["https:\/\/idays.ro\/blog\/cum-traim-decembrie-2025-tendinte-atmosfera-recomandari-de-activitati-in-sezonul-rece\/#respond"]}]},{"@type":"WebPage","@id":"https:\/\/idays.ro\/blog\/cum-traim-decembrie-2025-tendinte-atmosfera-recomandari-de-activitati-in-sezonul-rece\/","url":"https:\/\/idays.ro\/blog\/cum-traim-decembrie-2025-tendinte-atmosfera-recomandari-de-activitati-in-sezonul-rece\/","name":"Cum tr\u0103im decembrie 2025: tendin\u021be, atmosfer\u0103, recomand\u0103ri de activit\u0103\u021bi \u00een sezonul rece - IDAYS.RO BLOG","isPartOf":{"@id":"https:\/\/idays.ro\/blog\/#website"},"primaryImageOfPage":{"@id":"https:\/\/idays.ro\/blog\/cum-traim-decembrie-2025-tendinte-atmosfera-recomandari-de-activitati-in-sezonul-rece\/#primaryimage"},"image":{"@id":"https:\/\/idays.ro\/blog\/cum-traim-decembrie-2025-tendinte-atmosfera-recomandari-de-activitati-in-sezonul-rece\/#primaryimage"},"thumbnailUrl":"https:\/\/idays.ro\/blog\/wp-content\/uploads\/2025\/09\/muntii-leaota-min.jpg","datePublished":"2025-11-19T21:42:30+00:00","author":{"@id":"https:\/\/idays.ro\/blog\/#\/schema\/person\/8b6552e1384e1ab28b8d3dc230212823"},"breadcrumb":{"@id":"https:\/\/idays.ro\/blog\/cum-traim-decembrie-2025-tendinte-atmosfera-recomandari-de-activitati-in-sezonul-rece\/#breadcrumb"},"inLanguage":"ro-RO","potentialAction":[{"@type":"ReadAction","target":["https:\/\/idays.ro\/blog\/cum-traim-decembrie-2025-tendinte-atmosfera-recomandari-de-activitati-in-sezonul-rece\/"]}]},{"@type":"ImageObject","inLanguage":"ro-RO","@id":"https:\/\/idays.ro\/blog\/cum-traim-decembrie-2025-tendinte-atmosfera-recomandari-de-activitati-in-sezonul-rece\/#primaryimage","url":"https:\/\/idays.ro\/blog\/wp-content\/uploads\/2025\/09\/muntii-leaota-min.jpg","contentUrl":"https:\/\/idays.ro\/blog\/wp-content\/uploads\/2025\/09\/muntii-leaota-min.jpg","width":1800,"height":1350,"caption":"Muntii Leaota"},{"@type":"BreadcrumbList","@id":"https:\/\/idays.ro\/blog\/cum-traim-decembrie-2025-tendinte-atmosfera-recomandari-de-activitati-in-sezonul-rece\/#breadcrumb","itemListElement":[{"@type":"ListItem","position":1,"name":"Prima pagin\u0103","item":"https:\/\/idays.ro\/blog\/"},{"@type":"ListItem","position":2,"name":"Cum tr\u0103im decembrie 2025: tendin\u021be, atmosfer\u0103, recomand\u0103ri de activit\u0103\u021bi \u00een sezonul rece"}]},{"@type":"WebSite","@id":"https:\/\/idays.ro\/blog\/#website","url":"https:\/\/idays.ro\/blog\/","name":"IDAYS.RO BLOG","description":"","potentialAction":[{"@type":"SearchAction","target":{"@type":"EntryPoint","urlTemplate":"https:\/\/idays.ro\/blog\/?s={search_term_string}"},"query-input":{"@type":"PropertyValueSpecification","valueRequired":true,"valueName":"search_term_string"}}],"inLanguage":"ro-RO"},{"@type":"Person","@id":"https:\/\/idays.ro\/blog\/#\/schema\/person\/8b6552e1384e1ab28b8d3dc230212823","name":"liviu.andrei","image":{"@type":"ImageObject","inLanguage":"ro-RO","@id":"https:\/\/idays.ro\/blog\/#\/schema\/person\/image\/","url":"https:\/\/secure.gravatar.com\/avatar\/b3f7b6799cd9cf49f1e5691003e23e3cdcfee36272b0a7e3863eb32ccb60b91a?s=96&d=mm&r=g","contentUrl":"https:\/\/secure.gravatar.com\/avatar\/b3f7b6799cd9cf49f1e5691003e23e3cdcfee36272b0a7e3863eb32ccb60b91a?s=96&d=mm&r=g","caption":"liviu.andrei"},"sameAs":["https:\/\/idays.ro\/blog"]}]}},"_links":{"self":[{"href":"https:\/\/idays.ro\/blog\/wp-json\/wp\/v2\/posts\/879","targetHints":{"allow":["GET"]}}],"collection":[{"href":"https:\/\/idays.ro\/blog\/wp-json\/wp\/v2\/posts"}],"about":[{"href":"https:\/\/idays.ro\/blog\/wp-json\/wp\/v2\/types\/post"}],"author":[{"embeddable":true,"href":"https:\/\/idays.ro\/blog\/wp-json\/wp\/v2\/users\/1"}],"replies":[{"embeddable":true,"href":"https:\/\/idays.ro\/blog\/wp-json\/wp\/v2\/comments?post=879"}],"version-history":[{"count":1,"href":"https:\/\/idays.ro\/blog\/wp-json\/wp\/v2\/posts\/879\/revisions"}],"predecessor-version":[{"id":881,"href":"https:\/\/idays.ro\/blog\/wp-json\/wp\/v2\/posts\/879\/revisions\/881"}],"wp:featuredmedia":[{"embeddable":true,"href":"https:\/\/idays.ro\/blog\/wp-json\/wp\/v2\/media\/470"}],"wp:attachment":[{"href":"https:\/\/idays.ro\/blog\/wp-json\/wp\/v2\/media?parent=879"}],"wp:term":[{"taxonomy":"category","embeddable":true,"href":"https:\/\/idays.ro\/blog\/wp-json\/wp\/v2\/categories?post=879"},{"taxonomy":"post_tag","embeddable":true,"href":"https:\/\/idays.ro\/blog\/wp-json\/wp\/v2\/tags?post=879"}],"curies":[{"name":"wp","href":"https:\/\/api.w.org\/{rel}","templated":true}]}}