{"id":875,"date":"2025-11-18T23:42:00","date_gmt":"2025-11-18T21:42:00","guid":{"rendered":"https:\/\/idays.ro\/blog\/?p=875"},"modified":"2025-10-14T23:42:27","modified_gmt":"2025-10-14T20:42:27","slug":"calendar-crestin-ortodox-decembrie-2025-sarbatori-posturi-si-zile-cu-dezlegare","status":"publish","type":"post","link":"https:\/\/idays.ro\/blog\/calendar-crestin-ortodox-decembrie-2025-sarbatori-posturi-si-zile-cu-dezlegare\/","title":{"rendered":"Calendar cre\u0219tin-ortodox decembrie 2025: s\u0103rb\u0103tori, posturi \u0219i zile cu dezlegare"},"content":{"rendered":"<p>Decembrie este o lun\u0103 special\u0103 \u00een calendarul cre\u0219tin-ortodox, marcat\u0103 de s\u0103rb\u0103tori importante, tradi\u021bii \u0219i momente de reflec\u021bie spiritual\u0103. \u00cen aceast\u0103 lun\u0103, cre\u0219tinii s\u0103rb\u0103toresc Na\u0219terea Domnului, dar \u0219i alte evenimente semnificative. Iat\u0103 o privire detaliat\u0103 asupra s\u0103rb\u0103torilor, posturilor \u0219i zilelor cu dezlegare din decembrie 2025.<\/p>\n<p><strong>1 Decembrie &#8211; Ziua Na\u021bional\u0103 a Rom\u00e2niei<\/strong><\/p>\n<p>De\u0219i nu este o s\u0103rb\u0103toare religioas\u0103, 1 Decembrie este o zi important\u0103 pentru rom\u00e2ni, marc\u00e2nd Unirea Transilvaniei cu Rom\u00e2nia \u00een 1918. Aceast\u0103 zi este s\u0103rb\u0103torit\u0103 cu parade, festivit\u0103\u021bi \u0219i evenimente culturale, aduc\u00e2nd \u00eempreun\u0103 comunit\u0103\u021bile pentru a celebra identitatea na\u021bional\u0103.<\/p>\n<p><strong>6 Decembrie &#8211; Sf\u00e2ntul Nicolae<\/strong><\/p>\n<p>Pe 6 decembrie, cre\u0219tinii ortodoc\u0219i \u00eel s\u0103rb\u0103toresc pe Sf\u00e2ntul Nicolae, un sf\u00e2nt venerat pentru generozitatea sa \u0219i pentru minunile s\u0103v\u00e2r\u0219ite \u00een via\u021b\u0103. Aceast\u0103 zi este asociat\u0103 cu tradi\u021bia de a oferi cadouri copiilor, iar cei mai mul\u021bi dintre noi \u00ee\u0219i pun ghetele la u\u0219\u0103 \u00een speran\u021ba c\u0103 Sf\u00e2ntul Nicolae le va aduce daruri.<\/p>\n<p><strong>12 Decembrie &#8211; Sf\u00e2nta Ana<\/strong><\/p>\n<p>Pe 12 decembrie, Biserica Ortodox\u0103 \u00eel s\u0103rb\u0103tore\u0219te pe Sf\u00e2nta Ana, mama Fecioarei Maria. Aceast\u0103 s\u0103rb\u0103toare este un prilej de a ne aminti de rolul esen\u021bial pe care \u00eel are familia \u00een via\u021ba spiritual\u0103 \u0219i de a ne ruga pentru binecuv\u00e2ntarea \u0219i protec\u021bia celor dragi. Este o zi de post, iar credincio\u0219ii sunt \u00eencuraja\u021bi s\u0103 participe la slujbe speciale.<\/p>\n<p><strong>25 Decembrie &#8211; Na\u0219terea Domnului<\/strong><\/p>\n<p>Na\u0219terea Domnului, cunoscut\u0103 \u0219i sub numele de Cr\u0103ciun, este cea mai mare s\u0103rb\u0103toare a cre\u0219tinismului. \u00cen aceast\u0103 zi, credincio\u0219ii comemoreaz\u0103 venirea lui Hristos pe lume, iar tradi\u021biile de Cr\u0103ciun includ colindele, masa de Cr\u0103ciun \u0219i \u00eent\u00e2lnirile cu familia. Este o vreme de bucurie, dar \u0219i de reflec\u021bie, \u00een care credincio\u0219ii \u00ee\u0219i re\u00eennoiesc credin\u021ba \u0219i speran\u021ba.<\/p>\n<p><strong>Postul Cr\u0103ciunului<\/strong><\/p>\n<p>Postul Cr\u0103ciunului, care \u00eencepe pe 15 noiembrie \u0219i se \u00eencheie pe 24 decembrie, este o perioad\u0103 de preg\u0103tire spiritual\u0103 pentru Na\u0219terea Domnului. Este un timp de abstinen\u021b\u0103 de la anumite alimente \u0219i de intensificare a rug\u0103ciunii \u0219i a faptei bune. \u00cen decembrie 2025, credincio\u0219ii vor continua s\u0103 observe acest post, av\u00e2nd \u00een vedere zilele de dezlegare care sunt permise.<\/p>\n<p><strong>26 Decembrie &#8211; Sf\u00e2ntul \u0218tefan<\/strong><\/p>\n<p>Dup\u0103 Cr\u0103ciun, pe 26 decembrie, este s\u0103rb\u0103torit Sf\u00e2ntul \u0218tefan, primul martir cre\u0219tin. Aceast\u0103 zi este un prilej de a ne aminti de sacrificiul \u0219i devotamentul celor care au ap\u0103rat credin\u021ba. Este o continuare a bucuriei de Cr\u0103ciun, iar tradi\u021biile includ \u00eent\u00e2lniri cu familia \u0219i prietenii, dar \u0219i participarea la slujbe religioase.<\/p>\n<p><strong>31 Decembrie &#8211; Ajunul Anului Nou<\/strong><\/p>\n<p>Ultima zi a anului este adesea marcat\u0103 de tradi\u021bii \u0219i obiceiuri care variaz\u0103 de la o regiune la alta. Credincio\u0219ii se preg\u0103tesc s\u0103 \u00eent\u00e2mpine anul nou cu speran\u021b\u0103 \u0219i rug\u0103ciune, iar multe comunit\u0103\u021bi organizeaz\u0103 slujbe speciale pentru a binecuv\u00e2nta noul an ce vine. Este un moment de reflec\u021bie asupra anului care a trecut \u0219i de planificare pentru viitor.<\/p>\n<p>Decembrie 2025 va fi o lun\u0103 plin\u0103 de tradi\u021bii \u0219i evenimente importante \u00een via\u021ba credincio\u0219ilor ortodoc\u0219i. Fiecare s\u0103rb\u0103toare aduce cu sine nu doar bucurie, ci \u0219i oportunitatea de a ne \u00eent\u0103ri credin\u021ba \u0219i de a ne conecta cu cei dragi. \u00cen aceast\u0103 perioad\u0103, este esen\u021bial s\u0103 ne amintim de valorile spirituale \u0219i de importan\u021ba comunit\u0103\u021bii, \u00eembog\u0103\u021bindu-ne astfel sufletul \u0219i via\u021ba.<\/p>\n","protected":false},"excerpt":{"rendered":"<p>Descoper\u0103 s\u0103rb\u0103torile \u0219i tradi\u021biile cre\u0219tin-ortodoxe din decembrie 2025, inclusiv zilele de post \u0219i dezlegare.<\/p>\n","protected":false},"author":1,"featured_media":872,"comment_status":"open","ping_status":"open","sticky":false,"template":"","format":"standard","meta":{"footnotes":""},"categories":[7],"tags":[],"class_list":{"0":"post-875","1":"post","2":"type-post","3":"status-publish","4":"format-standard","5":"has-post-thumbnail","7":"category-resurse-utile"},"yoast_head":"<!-- This site is optimized with the Yoast SEO plugin v26.9 - https:\/\/yoast.com\/product\/yoast-seo-wordpress\/ -->\n<title>Calendar cre\u0219tin-ortodox decembrie 2025: s\u0103rb\u0103tori, posturi \u0219i zile cu dezlegare - IDAYS.RO BLOG<\/title>\n<meta name=\"robots\" content=\"index, follow, max-snippet:-1, max-image-preview:large, max-video-preview:-1\" \/>\n<link rel=\"canonical\" href=\"https:\/\/idays.ro\/blog\/calendar-crestin-ortodox-decembrie-2025-sarbatori-posturi-si-zile-cu-dezlegare\/\" \/>\n<meta property=\"og:locale\" content=\"ro_RO\" \/>\n<meta property=\"og:type\" content=\"article\" \/>\n<meta property=\"og:title\" content=\"Calendar cre\u0219tin-ortodox decembrie 2025: s\u0103rb\u0103tori, posturi \u0219i zile cu dezlegare - IDAYS.RO BLOG\" \/>\n<meta property=\"og:description\" content=\"Descoper\u0103 s\u0103rb\u0103torile \u0219i tradi\u021biile cre\u0219tin-ortodoxe din decembrie 2025, inclusiv zilele de post \u0219i dezlegare.\" \/>\n<meta property=\"og:url\" content=\"https:\/\/idays.ro\/blog\/calendar-crestin-ortodox-decembrie-2025-sarbatori-posturi-si-zile-cu-dezlegare\/\" \/>\n<meta property=\"og:site_name\" content=\"IDAYS.RO BLOG\" \/>\n<meta property=\"article:published_time\" content=\"2025-11-18T21:42:00+00:00\" \/>\n<meta property=\"og:image\" content=\"https:\/\/idays.ro\/blog\/wp-content\/uploads\/2026\/09\/biserica-exterior-min.jpg\" \/>\n\t<meta property=\"og:image:width\" content=\"1800\" \/>\n\t<meta property=\"og:image:height\" content=\"1200\" \/>\n\t<meta property=\"og:image:type\" content=\"image\/jpeg\" \/>\n<meta name=\"author\" content=\"liviu.andrei\" \/>\n<meta name=\"twitter:card\" content=\"summary_large_image\" \/>\n<meta name=\"twitter:label1\" content=\"Scris de\" \/>\n\t<meta name=\"twitter:data1\" content=\"liviu.andrei\" \/>\n\t<meta name=\"twitter:label2\" content=\"Timp estimat pentru citire\" \/>\n\t<meta name=\"twitter:data2\" content=\"3 minute\" \/>\n<script type=\"application\/ld+json\" class=\"yoast-schema-graph\">{\"@context\":\"https:\/\/schema.org\",\"@graph\":[{\"@type\":\"Article\",\"@id\":\"https:\/\/idays.ro\/blog\/calendar-crestin-ortodox-decembrie-2025-sarbatori-posturi-si-zile-cu-dezlegare\/#article\",\"isPartOf\":{\"@id\":\"https:\/\/idays.ro\/blog\/calendar-crestin-ortodox-decembrie-2025-sarbatori-posturi-si-zile-cu-dezlegare\/\"},\"author\":{\"name\":\"liviu.andrei\",\"@id\":\"https:\/\/idays.ro\/blog\/#\/schema\/person\/8b6552e1384e1ab28b8d3dc230212823\"},\"headline\":\"Calendar cre\u0219tin-ortodox decembrie 2025: s\u0103rb\u0103tori, posturi \u0219i zile cu dezlegare\",\"datePublished\":\"2025-11-18T21:42:00+00:00\",\"mainEntityOfPage\":{\"@id\":\"https:\/\/idays.ro\/blog\/calendar-crestin-ortodox-decembrie-2025-sarbatori-posturi-si-zile-cu-dezlegare\/\"},\"wordCount\":615,\"commentCount\":0,\"image\":{\"@id\":\"https:\/\/idays.ro\/blog\/calendar-crestin-ortodox-decembrie-2025-sarbatori-posturi-si-zile-cu-dezlegare\/#primaryimage\"},\"thumbnailUrl\":\"https:\/\/idays.ro\/blog\/wp-content\/uploads\/2026\/09\/biserica-exterior-min.jpg\",\"articleSection\":[\"Resurse utile\"],\"inLanguage\":\"ro-RO\",\"potentialAction\":[{\"@type\":\"CommentAction\",\"name\":\"Comment\",\"target\":[\"https:\/\/idays.ro\/blog\/calendar-crestin-ortodox-decembrie-2025-sarbatori-posturi-si-zile-cu-dezlegare\/#respond\"]}]},{\"@type\":\"WebPage\",\"@id\":\"https:\/\/idays.ro\/blog\/calendar-crestin-ortodox-decembrie-2025-sarbatori-posturi-si-zile-cu-dezlegare\/\",\"url\":\"https:\/\/idays.ro\/blog\/calendar-crestin-ortodox-decembrie-2025-sarbatori-posturi-si-zile-cu-dezlegare\/\",\"name\":\"Calendar cre\u0219tin-ortodox decembrie 2025: s\u0103rb\u0103tori, posturi \u0219i zile cu dezlegare - IDAYS.RO BLOG\",\"isPartOf\":{\"@id\":\"https:\/\/idays.ro\/blog\/#website\"},\"primaryImageOfPage\":{\"@id\":\"https:\/\/idays.ro\/blog\/calendar-crestin-ortodox-decembrie-2025-sarbatori-posturi-si-zile-cu-dezlegare\/#primaryimage\"},\"image\":{\"@id\":\"https:\/\/idays.ro\/blog\/calendar-crestin-ortodox-decembrie-2025-sarbatori-posturi-si-zile-cu-dezlegare\/#primaryimage\"},\"thumbnailUrl\":\"https:\/\/idays.ro\/blog\/wp-content\/uploads\/2026\/09\/biserica-exterior-min.jpg\",\"datePublished\":\"2025-11-18T21:42:00+00:00\",\"author\":{\"@id\":\"https:\/\/idays.ro\/blog\/#\/schema\/person\/8b6552e1384e1ab28b8d3dc230212823\"},\"breadcrumb\":{\"@id\":\"https:\/\/idays.ro\/blog\/calendar-crestin-ortodox-decembrie-2025-sarbatori-posturi-si-zile-cu-dezlegare\/#breadcrumb\"},\"inLanguage\":\"ro-RO\",\"potentialAction\":[{\"@type\":\"ReadAction\",\"target\":[\"https:\/\/idays.ro\/blog\/calendar-crestin-ortodox-decembrie-2025-sarbatori-posturi-si-zile-cu-dezlegare\/\"]}]},{\"@type\":\"ImageObject\",\"inLanguage\":\"ro-RO\",\"@id\":\"https:\/\/idays.ro\/blog\/calendar-crestin-ortodox-decembrie-2025-sarbatori-posturi-si-zile-cu-dezlegare\/#primaryimage\",\"url\":\"https:\/\/idays.ro\/blog\/wp-content\/uploads\/2026\/09\/biserica-exterior-min.jpg\",\"contentUrl\":\"https:\/\/idays.ro\/blog\/wp-content\/uploads\/2026\/09\/biserica-exterior-min.jpg\",\"width\":1800,\"height\":1200,\"caption\":\"Biserica exterior\"},{\"@type\":\"BreadcrumbList\",\"@id\":\"https:\/\/idays.ro\/blog\/calendar-crestin-ortodox-decembrie-2025-sarbatori-posturi-si-zile-cu-dezlegare\/#breadcrumb\",\"itemListElement\":[{\"@type\":\"ListItem\",\"position\":1,\"name\":\"Prima pagin\u0103\",\"item\":\"https:\/\/idays.ro\/blog\/\"},{\"@type\":\"ListItem\",\"position\":2,\"name\":\"Calendar cre\u0219tin-ortodox decembrie 2025: s\u0103rb\u0103tori, posturi \u0219i zile cu dezlegare\"}]},{\"@type\":\"WebSite\",\"@id\":\"https:\/\/idays.ro\/blog\/#website\",\"url\":\"https:\/\/idays.ro\/blog\/\",\"name\":\"IDAYS.RO BLOG\",\"description\":\"\",\"potentialAction\":[{\"@type\":\"SearchAction\",\"target\":{\"@type\":\"EntryPoint\",\"urlTemplate\":\"https:\/\/idays.ro\/blog\/?s={search_term_string}\"},\"query-input\":{\"@type\":\"PropertyValueSpecification\",\"valueRequired\":true,\"valueName\":\"search_term_string\"}}],\"inLanguage\":\"ro-RO\"},{\"@type\":\"Person\",\"@id\":\"https:\/\/idays.ro\/blog\/#\/schema\/person\/8b6552e1384e1ab28b8d3dc230212823\",\"name\":\"liviu.andrei\",\"image\":{\"@type\":\"ImageObject\",\"inLanguage\":\"ro-RO\",\"@id\":\"https:\/\/idays.ro\/blog\/#\/schema\/person\/image\/\",\"url\":\"https:\/\/secure.gravatar.com\/avatar\/b3f7b6799cd9cf49f1e5691003e23e3cdcfee36272b0a7e3863eb32ccb60b91a?s=96&d=mm&r=g\",\"contentUrl\":\"https:\/\/secure.gravatar.com\/avatar\/b3f7b6799cd9cf49f1e5691003e23e3cdcfee36272b0a7e3863eb32ccb60b91a?s=96&d=mm&r=g\",\"caption\":\"liviu.andrei\"},\"sameAs\":[\"https:\/\/idays.ro\/blog\"]}]}<\/script>\n<!-- \/ Yoast SEO plugin. -->","yoast_head_json":{"title":"Calendar cre\u0219tin-ortodox decembrie 2025: s\u0103rb\u0103tori, posturi \u0219i zile cu dezlegare - IDAYS.RO BLOG","robots":{"index":"index","follow":"follow","max-snippet":"max-snippet:-1","max-image-preview":"max-image-preview:large","max-video-preview":"max-video-preview:-1"},"canonical":"https:\/\/idays.ro\/blog\/calendar-crestin-ortodox-decembrie-2025-sarbatori-posturi-si-zile-cu-dezlegare\/","og_locale":"ro_RO","og_type":"article","og_title":"Calendar cre\u0219tin-ortodox decembrie 2025: s\u0103rb\u0103tori, posturi \u0219i zile cu dezlegare - IDAYS.RO BLOG","og_description":"Descoper\u0103 s\u0103rb\u0103torile \u0219i tradi\u021biile cre\u0219tin-ortodoxe din decembrie 2025, inclusiv zilele de post \u0219i dezlegare.","og_url":"https:\/\/idays.ro\/blog\/calendar-crestin-ortodox-decembrie-2025-sarbatori-posturi-si-zile-cu-dezlegare\/","og_site_name":"IDAYS.RO BLOG","article_published_time":"2025-11-18T21:42:00+00:00","og_image":[{"width":1800,"height":1200,"url":"https:\/\/idays.ro\/blog\/wp-content\/uploads\/2026\/09\/biserica-exterior-min.jpg","type":"image\/jpeg"}],"author":"liviu.andrei","twitter_card":"summary_large_image","twitter_misc":{"Scris de":"liviu.andrei","Timp estimat pentru citire":"3 minute"},"schema":{"@context":"https:\/\/schema.org","@graph":[{"@type":"Article","@id":"https:\/\/idays.ro\/blog\/calendar-crestin-ortodox-decembrie-2025-sarbatori-posturi-si-zile-cu-dezlegare\/#article","isPartOf":{"@id":"https:\/\/idays.ro\/blog\/calendar-crestin-ortodox-decembrie-2025-sarbatori-posturi-si-zile-cu-dezlegare\/"},"author":{"name":"liviu.andrei","@id":"https:\/\/idays.ro\/blog\/#\/schema\/person\/8b6552e1384e1ab28b8d3dc230212823"},"headline":"Calendar cre\u0219tin-ortodox decembrie 2025: s\u0103rb\u0103tori, posturi \u0219i zile cu dezlegare","datePublished":"2025-11-18T21:42:00+00:00","mainEntityOfPage":{"@id":"https:\/\/idays.ro\/blog\/calendar-crestin-ortodox-decembrie-2025-sarbatori-posturi-si-zile-cu-dezlegare\/"},"wordCount":615,"commentCount":0,"image":{"@id":"https:\/\/idays.ro\/blog\/calendar-crestin-ortodox-decembrie-2025-sarbatori-posturi-si-zile-cu-dezlegare\/#primaryimage"},"thumbnailUrl":"https:\/\/idays.ro\/blog\/wp-content\/uploads\/2026\/09\/biserica-exterior-min.jpg","articleSection":["Resurse utile"],"inLanguage":"ro-RO","potentialAction":[{"@type":"CommentAction","name":"Comment","target":["https:\/\/idays.ro\/blog\/calendar-crestin-ortodox-decembrie-2025-sarbatori-posturi-si-zile-cu-dezlegare\/#respond"]}]},{"@type":"WebPage","@id":"https:\/\/idays.ro\/blog\/calendar-crestin-ortodox-decembrie-2025-sarbatori-posturi-si-zile-cu-dezlegare\/","url":"https:\/\/idays.ro\/blog\/calendar-crestin-ortodox-decembrie-2025-sarbatori-posturi-si-zile-cu-dezlegare\/","name":"Calendar cre\u0219tin-ortodox decembrie 2025: s\u0103rb\u0103tori, posturi \u0219i zile cu dezlegare - IDAYS.RO BLOG","isPartOf":{"@id":"https:\/\/idays.ro\/blog\/#website"},"primaryImageOfPage":{"@id":"https:\/\/idays.ro\/blog\/calendar-crestin-ortodox-decembrie-2025-sarbatori-posturi-si-zile-cu-dezlegare\/#primaryimage"},"image":{"@id":"https:\/\/idays.ro\/blog\/calendar-crestin-ortodox-decembrie-2025-sarbatori-posturi-si-zile-cu-dezlegare\/#primaryimage"},"thumbnailUrl":"https:\/\/idays.ro\/blog\/wp-content\/uploads\/2026\/09\/biserica-exterior-min.jpg","datePublished":"2025-11-18T21:42:00+00:00","author":{"@id":"https:\/\/idays.ro\/blog\/#\/schema\/person\/8b6552e1384e1ab28b8d3dc230212823"},"breadcrumb":{"@id":"https:\/\/idays.ro\/blog\/calendar-crestin-ortodox-decembrie-2025-sarbatori-posturi-si-zile-cu-dezlegare\/#breadcrumb"},"inLanguage":"ro-RO","potentialAction":[{"@type":"ReadAction","target":["https:\/\/idays.ro\/blog\/calendar-crestin-ortodox-decembrie-2025-sarbatori-posturi-si-zile-cu-dezlegare\/"]}]},{"@type":"ImageObject","inLanguage":"ro-RO","@id":"https:\/\/idays.ro\/blog\/calendar-crestin-ortodox-decembrie-2025-sarbatori-posturi-si-zile-cu-dezlegare\/#primaryimage","url":"https:\/\/idays.ro\/blog\/wp-content\/uploads\/2026\/09\/biserica-exterior-min.jpg","contentUrl":"https:\/\/idays.ro\/blog\/wp-content\/uploads\/2026\/09\/biserica-exterior-min.jpg","width":1800,"height":1200,"caption":"Biserica exterior"},{"@type":"BreadcrumbList","@id":"https:\/\/idays.ro\/blog\/calendar-crestin-ortodox-decembrie-2025-sarbatori-posturi-si-zile-cu-dezlegare\/#breadcrumb","itemListElement":[{"@type":"ListItem","position":1,"name":"Prima pagin\u0103","item":"https:\/\/idays.ro\/blog\/"},{"@type":"ListItem","position":2,"name":"Calendar cre\u0219tin-ortodox decembrie 2025: s\u0103rb\u0103tori, posturi \u0219i zile cu dezlegare"}]},{"@type":"WebSite","@id":"https:\/\/idays.ro\/blog\/#website","url":"https:\/\/idays.ro\/blog\/","name":"IDAYS.RO BLOG","description":"","potentialAction":[{"@type":"SearchAction","target":{"@type":"EntryPoint","urlTemplate":"https:\/\/idays.ro\/blog\/?s={search_term_string}"},"query-input":{"@type":"PropertyValueSpecification","valueRequired":true,"valueName":"search_term_string"}}],"inLanguage":"ro-RO"},{"@type":"Person","@id":"https:\/\/idays.ro\/blog\/#\/schema\/person\/8b6552e1384e1ab28b8d3dc230212823","name":"liviu.andrei","image":{"@type":"ImageObject","inLanguage":"ro-RO","@id":"https:\/\/idays.ro\/blog\/#\/schema\/person\/image\/","url":"https:\/\/secure.gravatar.com\/avatar\/b3f7b6799cd9cf49f1e5691003e23e3cdcfee36272b0a7e3863eb32ccb60b91a?s=96&d=mm&r=g","contentUrl":"https:\/\/secure.gravatar.com\/avatar\/b3f7b6799cd9cf49f1e5691003e23e3cdcfee36272b0a7e3863eb32ccb60b91a?s=96&d=mm&r=g","caption":"liviu.andrei"},"sameAs":["https:\/\/idays.ro\/blog"]}]}},"_links":{"self":[{"href":"https:\/\/idays.ro\/blog\/wp-json\/wp\/v2\/posts\/875","targetHints":{"allow":["GET"]}}],"collection":[{"href":"https:\/\/idays.ro\/blog\/wp-json\/wp\/v2\/posts"}],"about":[{"href":"https:\/\/idays.ro\/blog\/wp-json\/wp\/v2\/types\/post"}],"author":[{"embeddable":true,"href":"https:\/\/idays.ro\/blog\/wp-json\/wp\/v2\/users\/1"}],"replies":[{"embeddable":true,"href":"https:\/\/idays.ro\/blog\/wp-json\/wp\/v2\/comments?post=875"}],"version-history":[{"count":1,"href":"https:\/\/idays.ro\/blog\/wp-json\/wp\/v2\/posts\/875\/revisions"}],"predecessor-version":[{"id":878,"href":"https:\/\/idays.ro\/blog\/wp-json\/wp\/v2\/posts\/875\/revisions\/878"}],"wp:featuredmedia":[{"embeddable":true,"href":"https:\/\/idays.ro\/blog\/wp-json\/wp\/v2\/media\/872"}],"wp:attachment":[{"href":"https:\/\/idays.ro\/blog\/wp-json\/wp\/v2\/media?parent=875"}],"wp:term":[{"taxonomy":"category","embeddable":true,"href":"https:\/\/idays.ro\/blog\/wp-json\/wp\/v2\/categories?post=875"},{"taxonomy":"post_tag","embeddable":true,"href":"https:\/\/idays.ro\/blog\/wp-json\/wp\/v2\/tags?post=875"}],"curies":[{"name":"wp","href":"https:\/\/api.w.org\/{rel}","templated":true}]}}