{"id":835,"date":"2025-11-07T22:37:47","date_gmt":"2025-11-07T20:37:47","guid":{"rendered":"https:\/\/idays.ro\/blog\/?p=835"},"modified":"2025-11-02T01:11:54","modified_gmt":"2025-11-01T23:11:54","slug":"zile-libere-de-1-decembrie-2025-cum-pica-si-cate-zile-libere-avem-de-ziua-nationala","status":"publish","type":"post","link":"https:\/\/idays.ro\/blog\/zile-libere-de-1-decembrie-2025-cum-pica-si-cate-zile-libere-avem-de-ziua-nationala\/","title":{"rendered":"Zile libere de 1 Decembrie 2025 \u2013 cum pic\u0103 \u0219i c\u00e2te zile libere avem de Ziua Na\u021bional\u0103"},"content":{"rendered":"\n<p>1 Decembrie este o dat\u0103 important\u0103 \u00een calendarul rom\u00e2nesc, marc\u00e2nd Ziua Na\u021bional\u0103 a Rom\u00e2niei. Aceast\u0103 zi este s\u0103rb\u0103torit\u0103 cu fast \u00een \u00eentreaga \u021bar\u0103 \u0219i este un moment de reflec\u021bie asupra istoriei \u0219i unit\u0103\u021bii na\u021bionale. \u00cen 2025, 1 Decembrie va c\u0103dea \u00eentr-o zi de luni, oferind astfel rom\u00e2nilor o oportunitate excelent\u0103 de a se bucura de un weekend prelungit.<\/p>\n\n\n\n<p>\u00cen Rom\u00e2nia, 1 <a href=\"https:\/\/idays.ro\/zile\/libere-pe-luni\/decembrie-2025\">Decembrie <\/a>este considerat\u0103 zi liber\u0103 prin lege, ceea ce \u00eenseamn\u0103 c\u0103 to\u021bi angaja\u021bii au dreptul s\u0103 nu lucreze \u00een aceast\u0103 zi. Aceasta este o ocazie de a participa la diverse activit\u0103\u021bi festive, parade \u0219i evenimente culturale, care aduc laolalt\u0103 comunit\u0103\u021bi \u00eentregi pentru a celebra patriotismul \u0219i unitatea na\u021bional\u0103.<\/p>\n\n\n\n<p>Dar c\u00e2t de mult ne va influen\u021ba acest lucru programul de lucru \u00een 2025? Av\u00e2nd \u00een vedere c\u0103 1 Decembrie este o zi de luni, mul\u021bi angaja\u021bi vor avea parte de un weekend prelungit, av\u00e2nd liber de s\u00e2mb\u0103t\u0103 p\u00e2n\u0103 luni. Aceasta \u00eenseamn\u0103 c\u0103, \u00een total, rom\u00e2nii se pot bucura de trei zile libere consecutive, o oportunitate perfect\u0103 pentru escapade de weekend sau pentru a petrece timp cu familia.<\/p>\n\n\n\n<p>Pe l\u00e2ng\u0103 1 Decembrie, este important s\u0103 men\u021bion\u0103m \u0219i alte zile libere legale care pot c\u0103dea \u00een apropierea acestei date. De exemplu, 30 Noiembrie este Ziua Sf\u00e2ntului Andrei, o alt\u0103 zi liber\u0103, care va c\u0103dea \u00een 2025 \u00eentr-o zi de duminic\u0103. Aceasta \u00eenseamn\u0103 c\u0103 nu se va ad\u0103uga la zilele libere, dar este totu\u0219i o s\u0103rb\u0103toare important\u0103, dat fiind c\u0103 este asociat\u0103 cu tradi\u021bii populare \u0219i obiceiuri \u00een Rom\u00e2nia.<\/p>\n\n\n\n<p>\u00cen plus, trebuie s\u0103 lu\u0103m \u00een considerare \u0219i alte zile de s\u0103rb\u0103toare care ar putea influen\u021ba programul de lucru. De exemplu, 25 \u0219i 26 decembrie sunt <a href=\"https:\/\/idays.ro\">zile libere<\/a> de Cr\u0103ciun, iar 1 \u0219i 2 ianuarie sunt zile libere de Anul Nou. Astfel, perioada de sf\u00e2r\u0219it de an devine una foarte favorabil\u0103 pentru cei care \u00ee\u0219i planific\u0103 concedii, av\u00e2nd \u00een vedere c\u0103 multe dintre aceste zile libere sunt concentrate \u00een jurul s\u0103rb\u0103torilor de iarn\u0103.<\/p>\n\n\n\n<p>\u00cen concluzie, 2025 va aduce o oportunitate excelent\u0103 pentru a celebra Ziua Na\u021bional\u0103 a Rom\u00e2niei, cu 1 Decembrie c\u0103z\u00e2nd \u00eentr-o zi de luni. Aceasta permite rom\u00e2nilor s\u0103 se bucure de un weekend prelungit de s\u0103rb\u0103toare, al\u0103turi de familie \u0219i prieteni. Este o ocazie de a reflecta asupra valorilor na\u021bionale, dar \u0219i de a profita de timpul liber pentru a c\u0103l\u0103tori sau a se relaxa. Asigura\u021bi-v\u0103 c\u0103 v\u0103 planifica\u021bi din timp activit\u0103\u021bile \u0219i s\u0103rb\u0103torile, pentru a profita la maximum de aceste zile libere!<\/p>\n","protected":false},"excerpt":{"rendered":"<p>Afl\u0103 cum pic\u0103 Ziua Na\u021bional\u0103 a Rom\u00e2niei \u00een 2025 \u0219i c\u00e2te zile libere sunt acordate. Detalii importante despre programul din acea perioad\u0103.<\/p>\n","protected":false},"author":1,"featured_media":829,"comment_status":"open","ping_status":"open","sticky":false,"template":"","format":"standard","meta":{"footnotes":""},"categories":[7],"tags":[],"class_list":{"0":"post-835","1":"post","2":"type-post","3":"status-publish","4":"format-standard","5":"has-post-thumbnail","7":"category-resurse-utile"},"yoast_head":"<!-- This site is optimized with the Yoast SEO plugin v26.9 - https:\/\/yoast.com\/product\/yoast-seo-wordpress\/ -->\n<title>Zile libere de 1 Decembrie 2025 \u2013 cum pic\u0103 \u0219i c\u00e2te zile libere avem de Ziua Na\u021bional\u0103 - IDAYS.RO BLOG<\/title>\n<meta name=\"robots\" content=\"index, follow, max-snippet:-1, max-image-preview:large, max-video-preview:-1\" \/>\n<link rel=\"canonical\" href=\"https:\/\/idays.ro\/blog\/zile-libere-de-1-decembrie-2025-cum-pica-si-cate-zile-libere-avem-de-ziua-nationala\/\" \/>\n<meta property=\"og:locale\" content=\"ro_RO\" \/>\n<meta property=\"og:type\" content=\"article\" \/>\n<meta property=\"og:title\" content=\"Zile libere de 1 Decembrie 2025 \u2013 cum pic\u0103 \u0219i c\u00e2te zile libere avem de Ziua Na\u021bional\u0103 - IDAYS.RO BLOG\" \/>\n<meta property=\"og:description\" content=\"Afl\u0103 cum pic\u0103 Ziua Na\u021bional\u0103 a Rom\u00e2niei \u00een 2025 \u0219i c\u00e2te zile libere sunt acordate. Detalii importante despre programul din acea perioad\u0103.\" \/>\n<meta property=\"og:url\" content=\"https:\/\/idays.ro\/blog\/zile-libere-de-1-decembrie-2025-cum-pica-si-cate-zile-libere-avem-de-ziua-nationala\/\" \/>\n<meta property=\"og:site_name\" content=\"IDAYS.RO BLOG\" \/>\n<meta property=\"article:published_time\" content=\"2025-11-07T20:37:47+00:00\" \/>\n<meta property=\"og:image\" content=\"https:\/\/idays.ro\/blog\/wp-content\/uploads\/2025\/10\/oameni-la-tv-min.jpeg\" \/>\n\t<meta property=\"og:image:width\" content=\"1800\" \/>\n\t<meta property=\"og:image:height\" content=\"1088\" \/>\n\t<meta property=\"og:image:type\" content=\"image\/jpeg\" \/>\n<meta name=\"author\" content=\"liviu.andrei\" \/>\n<meta name=\"twitter:card\" content=\"summary_large_image\" \/>\n<meta name=\"twitter:label1\" content=\"Scris de\" \/>\n\t<meta name=\"twitter:data1\" content=\"liviu.andrei\" \/>\n\t<meta name=\"twitter:label2\" content=\"Timp estimat pentru citire\" \/>\n\t<meta name=\"twitter:data2\" content=\"3 minute\" \/>\n<script type=\"application\/ld+json\" class=\"yoast-schema-graph\">{\"@context\":\"https:\/\/schema.org\",\"@graph\":[{\"@type\":\"Article\",\"@id\":\"https:\/\/idays.ro\/blog\/zile-libere-de-1-decembrie-2025-cum-pica-si-cate-zile-libere-avem-de-ziua-nationala\/#article\",\"isPartOf\":{\"@id\":\"https:\/\/idays.ro\/blog\/zile-libere-de-1-decembrie-2025-cum-pica-si-cate-zile-libere-avem-de-ziua-nationala\/\"},\"author\":{\"name\":\"liviu.andrei\",\"@id\":\"https:\/\/idays.ro\/blog\/#\/schema\/person\/8b6552e1384e1ab28b8d3dc230212823\"},\"headline\":\"Zile libere de 1 Decembrie 2025 \u2013 cum pic\u0103 \u0219i c\u00e2te zile libere avem de Ziua Na\u021bional\u0103\",\"datePublished\":\"2025-11-07T20:37:47+00:00\",\"mainEntityOfPage\":{\"@id\":\"https:\/\/idays.ro\/blog\/zile-libere-de-1-decembrie-2025-cum-pica-si-cate-zile-libere-avem-de-ziua-nationala\/\"},\"wordCount\":467,\"commentCount\":0,\"image\":{\"@id\":\"https:\/\/idays.ro\/blog\/zile-libere-de-1-decembrie-2025-cum-pica-si-cate-zile-libere-avem-de-ziua-nationala\/#primaryimage\"},\"thumbnailUrl\":\"https:\/\/idays.ro\/blog\/wp-content\/uploads\/2025\/10\/oameni-la-tv-min.jpeg\",\"articleSection\":[\"Resurse utile\"],\"inLanguage\":\"ro-RO\",\"potentialAction\":[{\"@type\":\"CommentAction\",\"name\":\"Comment\",\"target\":[\"https:\/\/idays.ro\/blog\/zile-libere-de-1-decembrie-2025-cum-pica-si-cate-zile-libere-avem-de-ziua-nationala\/#respond\"]}]},{\"@type\":\"WebPage\",\"@id\":\"https:\/\/idays.ro\/blog\/zile-libere-de-1-decembrie-2025-cum-pica-si-cate-zile-libere-avem-de-ziua-nationala\/\",\"url\":\"https:\/\/idays.ro\/blog\/zile-libere-de-1-decembrie-2025-cum-pica-si-cate-zile-libere-avem-de-ziua-nationala\/\",\"name\":\"Zile libere de 1 Decembrie 2025 \u2013 cum pic\u0103 \u0219i c\u00e2te zile libere avem de Ziua Na\u021bional\u0103 - IDAYS.RO BLOG\",\"isPartOf\":{\"@id\":\"https:\/\/idays.ro\/blog\/#website\"},\"primaryImageOfPage\":{\"@id\":\"https:\/\/idays.ro\/blog\/zile-libere-de-1-decembrie-2025-cum-pica-si-cate-zile-libere-avem-de-ziua-nationala\/#primaryimage\"},\"image\":{\"@id\":\"https:\/\/idays.ro\/blog\/zile-libere-de-1-decembrie-2025-cum-pica-si-cate-zile-libere-avem-de-ziua-nationala\/#primaryimage\"},\"thumbnailUrl\":\"https:\/\/idays.ro\/blog\/wp-content\/uploads\/2025\/10\/oameni-la-tv-min.jpeg\",\"datePublished\":\"2025-11-07T20:37:47+00:00\",\"author\":{\"@id\":\"https:\/\/idays.ro\/blog\/#\/schema\/person\/8b6552e1384e1ab28b8d3dc230212823\"},\"breadcrumb\":{\"@id\":\"https:\/\/idays.ro\/blog\/zile-libere-de-1-decembrie-2025-cum-pica-si-cate-zile-libere-avem-de-ziua-nationala\/#breadcrumb\"},\"inLanguage\":\"ro-RO\",\"potentialAction\":[{\"@type\":\"ReadAction\",\"target\":[\"https:\/\/idays.ro\/blog\/zile-libere-de-1-decembrie-2025-cum-pica-si-cate-zile-libere-avem-de-ziua-nationala\/\"]}]},{\"@type\":\"ImageObject\",\"inLanguage\":\"ro-RO\",\"@id\":\"https:\/\/idays.ro\/blog\/zile-libere-de-1-decembrie-2025-cum-pica-si-cate-zile-libere-avem-de-ziua-nationala\/#primaryimage\",\"url\":\"https:\/\/idays.ro\/blog\/wp-content\/uploads\/2025\/10\/oameni-la-tv-min.jpeg\",\"contentUrl\":\"https:\/\/idays.ro\/blog\/wp-content\/uploads\/2025\/10\/oameni-la-tv-min.jpeg\",\"width\":1800,\"height\":1088,\"caption\":\"Oameni la TV\"},{\"@type\":\"BreadcrumbList\",\"@id\":\"https:\/\/idays.ro\/blog\/zile-libere-de-1-decembrie-2025-cum-pica-si-cate-zile-libere-avem-de-ziua-nationala\/#breadcrumb\",\"itemListElement\":[{\"@type\":\"ListItem\",\"position\":1,\"name\":\"Prima pagin\u0103\",\"item\":\"https:\/\/idays.ro\/blog\/\"},{\"@type\":\"ListItem\",\"position\":2,\"name\":\"Zile libere de 1 Decembrie 2025 \u2013 cum pic\u0103 \u0219i c\u00e2te zile libere avem de Ziua Na\u021bional\u0103\"}]},{\"@type\":\"WebSite\",\"@id\":\"https:\/\/idays.ro\/blog\/#website\",\"url\":\"https:\/\/idays.ro\/blog\/\",\"name\":\"IDAYS.RO BLOG\",\"description\":\"\",\"potentialAction\":[{\"@type\":\"SearchAction\",\"target\":{\"@type\":\"EntryPoint\",\"urlTemplate\":\"https:\/\/idays.ro\/blog\/?s={search_term_string}\"},\"query-input\":{\"@type\":\"PropertyValueSpecification\",\"valueRequired\":true,\"valueName\":\"search_term_string\"}}],\"inLanguage\":\"ro-RO\"},{\"@type\":\"Person\",\"@id\":\"https:\/\/idays.ro\/blog\/#\/schema\/person\/8b6552e1384e1ab28b8d3dc230212823\",\"name\":\"liviu.andrei\",\"image\":{\"@type\":\"ImageObject\",\"inLanguage\":\"ro-RO\",\"@id\":\"https:\/\/idays.ro\/blog\/#\/schema\/person\/image\/\",\"url\":\"https:\/\/secure.gravatar.com\/avatar\/b3f7b6799cd9cf49f1e5691003e23e3cdcfee36272b0a7e3863eb32ccb60b91a?s=96&d=mm&r=g\",\"contentUrl\":\"https:\/\/secure.gravatar.com\/avatar\/b3f7b6799cd9cf49f1e5691003e23e3cdcfee36272b0a7e3863eb32ccb60b91a?s=96&d=mm&r=g\",\"caption\":\"liviu.andrei\"},\"sameAs\":[\"https:\/\/idays.ro\/blog\"]}]}<\/script>\n<!-- \/ Yoast SEO plugin. -->","yoast_head_json":{"title":"Zile libere de 1 Decembrie 2025 \u2013 cum pic\u0103 \u0219i c\u00e2te zile libere avem de Ziua Na\u021bional\u0103 - IDAYS.RO BLOG","robots":{"index":"index","follow":"follow","max-snippet":"max-snippet:-1","max-image-preview":"max-image-preview:large","max-video-preview":"max-video-preview:-1"},"canonical":"https:\/\/idays.ro\/blog\/zile-libere-de-1-decembrie-2025-cum-pica-si-cate-zile-libere-avem-de-ziua-nationala\/","og_locale":"ro_RO","og_type":"article","og_title":"Zile libere de 1 Decembrie 2025 \u2013 cum pic\u0103 \u0219i c\u00e2te zile libere avem de Ziua Na\u021bional\u0103 - IDAYS.RO BLOG","og_description":"Afl\u0103 cum pic\u0103 Ziua Na\u021bional\u0103 a Rom\u00e2niei \u00een 2025 \u0219i c\u00e2te zile libere sunt acordate. Detalii importante despre programul din acea perioad\u0103.","og_url":"https:\/\/idays.ro\/blog\/zile-libere-de-1-decembrie-2025-cum-pica-si-cate-zile-libere-avem-de-ziua-nationala\/","og_site_name":"IDAYS.RO BLOG","article_published_time":"2025-11-07T20:37:47+00:00","og_image":[{"width":1800,"height":1088,"url":"https:\/\/idays.ro\/blog\/wp-content\/uploads\/2025\/10\/oameni-la-tv-min.jpeg","type":"image\/jpeg"}],"author":"liviu.andrei","twitter_card":"summary_large_image","twitter_misc":{"Scris de":"liviu.andrei","Timp estimat pentru citire":"3 minute"},"schema":{"@context":"https:\/\/schema.org","@graph":[{"@type":"Article","@id":"https:\/\/idays.ro\/blog\/zile-libere-de-1-decembrie-2025-cum-pica-si-cate-zile-libere-avem-de-ziua-nationala\/#article","isPartOf":{"@id":"https:\/\/idays.ro\/blog\/zile-libere-de-1-decembrie-2025-cum-pica-si-cate-zile-libere-avem-de-ziua-nationala\/"},"author":{"name":"liviu.andrei","@id":"https:\/\/idays.ro\/blog\/#\/schema\/person\/8b6552e1384e1ab28b8d3dc230212823"},"headline":"Zile libere de 1 Decembrie 2025 \u2013 cum pic\u0103 \u0219i c\u00e2te zile libere avem de Ziua Na\u021bional\u0103","datePublished":"2025-11-07T20:37:47+00:00","mainEntityOfPage":{"@id":"https:\/\/idays.ro\/blog\/zile-libere-de-1-decembrie-2025-cum-pica-si-cate-zile-libere-avem-de-ziua-nationala\/"},"wordCount":467,"commentCount":0,"image":{"@id":"https:\/\/idays.ro\/blog\/zile-libere-de-1-decembrie-2025-cum-pica-si-cate-zile-libere-avem-de-ziua-nationala\/#primaryimage"},"thumbnailUrl":"https:\/\/idays.ro\/blog\/wp-content\/uploads\/2025\/10\/oameni-la-tv-min.jpeg","articleSection":["Resurse utile"],"inLanguage":"ro-RO","potentialAction":[{"@type":"CommentAction","name":"Comment","target":["https:\/\/idays.ro\/blog\/zile-libere-de-1-decembrie-2025-cum-pica-si-cate-zile-libere-avem-de-ziua-nationala\/#respond"]}]},{"@type":"WebPage","@id":"https:\/\/idays.ro\/blog\/zile-libere-de-1-decembrie-2025-cum-pica-si-cate-zile-libere-avem-de-ziua-nationala\/","url":"https:\/\/idays.ro\/blog\/zile-libere-de-1-decembrie-2025-cum-pica-si-cate-zile-libere-avem-de-ziua-nationala\/","name":"Zile libere de 1 Decembrie 2025 \u2013 cum pic\u0103 \u0219i c\u00e2te zile libere avem de Ziua Na\u021bional\u0103 - IDAYS.RO BLOG","isPartOf":{"@id":"https:\/\/idays.ro\/blog\/#website"},"primaryImageOfPage":{"@id":"https:\/\/idays.ro\/blog\/zile-libere-de-1-decembrie-2025-cum-pica-si-cate-zile-libere-avem-de-ziua-nationala\/#primaryimage"},"image":{"@id":"https:\/\/idays.ro\/blog\/zile-libere-de-1-decembrie-2025-cum-pica-si-cate-zile-libere-avem-de-ziua-nationala\/#primaryimage"},"thumbnailUrl":"https:\/\/idays.ro\/blog\/wp-content\/uploads\/2025\/10\/oameni-la-tv-min.jpeg","datePublished":"2025-11-07T20:37:47+00:00","author":{"@id":"https:\/\/idays.ro\/blog\/#\/schema\/person\/8b6552e1384e1ab28b8d3dc230212823"},"breadcrumb":{"@id":"https:\/\/idays.ro\/blog\/zile-libere-de-1-decembrie-2025-cum-pica-si-cate-zile-libere-avem-de-ziua-nationala\/#breadcrumb"},"inLanguage":"ro-RO","potentialAction":[{"@type":"ReadAction","target":["https:\/\/idays.ro\/blog\/zile-libere-de-1-decembrie-2025-cum-pica-si-cate-zile-libere-avem-de-ziua-nationala\/"]}]},{"@type":"ImageObject","inLanguage":"ro-RO","@id":"https:\/\/idays.ro\/blog\/zile-libere-de-1-decembrie-2025-cum-pica-si-cate-zile-libere-avem-de-ziua-nationala\/#primaryimage","url":"https:\/\/idays.ro\/blog\/wp-content\/uploads\/2025\/10\/oameni-la-tv-min.jpeg","contentUrl":"https:\/\/idays.ro\/blog\/wp-content\/uploads\/2025\/10\/oameni-la-tv-min.jpeg","width":1800,"height":1088,"caption":"Oameni la TV"},{"@type":"BreadcrumbList","@id":"https:\/\/idays.ro\/blog\/zile-libere-de-1-decembrie-2025-cum-pica-si-cate-zile-libere-avem-de-ziua-nationala\/#breadcrumb","itemListElement":[{"@type":"ListItem","position":1,"name":"Prima pagin\u0103","item":"https:\/\/idays.ro\/blog\/"},{"@type":"ListItem","position":2,"name":"Zile libere de 1 Decembrie 2025 \u2013 cum pic\u0103 \u0219i c\u00e2te zile libere avem de Ziua Na\u021bional\u0103"}]},{"@type":"WebSite","@id":"https:\/\/idays.ro\/blog\/#website","url":"https:\/\/idays.ro\/blog\/","name":"IDAYS.RO BLOG","description":"","potentialAction":[{"@type":"SearchAction","target":{"@type":"EntryPoint","urlTemplate":"https:\/\/idays.ro\/blog\/?s={search_term_string}"},"query-input":{"@type":"PropertyValueSpecification","valueRequired":true,"valueName":"search_term_string"}}],"inLanguage":"ro-RO"},{"@type":"Person","@id":"https:\/\/idays.ro\/blog\/#\/schema\/person\/8b6552e1384e1ab28b8d3dc230212823","name":"liviu.andrei","image":{"@type":"ImageObject","inLanguage":"ro-RO","@id":"https:\/\/idays.ro\/blog\/#\/schema\/person\/image\/","url":"https:\/\/secure.gravatar.com\/avatar\/b3f7b6799cd9cf49f1e5691003e23e3cdcfee36272b0a7e3863eb32ccb60b91a?s=96&d=mm&r=g","contentUrl":"https:\/\/secure.gravatar.com\/avatar\/b3f7b6799cd9cf49f1e5691003e23e3cdcfee36272b0a7e3863eb32ccb60b91a?s=96&d=mm&r=g","caption":"liviu.andrei"},"sameAs":["https:\/\/idays.ro\/blog"]}]}},"_links":{"self":[{"href":"https:\/\/idays.ro\/blog\/wp-json\/wp\/v2\/posts\/835","targetHints":{"allow":["GET"]}}],"collection":[{"href":"https:\/\/idays.ro\/blog\/wp-json\/wp\/v2\/posts"}],"about":[{"href":"https:\/\/idays.ro\/blog\/wp-json\/wp\/v2\/types\/post"}],"author":[{"embeddable":true,"href":"https:\/\/idays.ro\/blog\/wp-json\/wp\/v2\/users\/1"}],"replies":[{"embeddable":true,"href":"https:\/\/idays.ro\/blog\/wp-json\/wp\/v2\/comments?post=835"}],"version-history":[{"count":2,"href":"https:\/\/idays.ro\/blog\/wp-json\/wp\/v2\/posts\/835\/revisions"}],"predecessor-version":[{"id":948,"href":"https:\/\/idays.ro\/blog\/wp-json\/wp\/v2\/posts\/835\/revisions\/948"}],"wp:featuredmedia":[{"embeddable":true,"href":"https:\/\/idays.ro\/blog\/wp-json\/wp\/v2\/media\/829"}],"wp:attachment":[{"href":"https:\/\/idays.ro\/blog\/wp-json\/wp\/v2\/media?parent=835"}],"wp:term":[{"taxonomy":"category","embeddable":true,"href":"https:\/\/idays.ro\/blog\/wp-json\/wp\/v2\/categories?post=835"},{"taxonomy":"post_tag","embeddable":true,"href":"https:\/\/idays.ro\/blog\/wp-json\/wp\/v2\/tags?post=835"}],"curies":[{"name":"wp","href":"https:\/\/api.w.org\/{rel}","templated":true}]}}