{"id":284,"date":"2025-10-07T01:51:40","date_gmt":"2025-10-06T22:51:40","guid":{"rendered":"https:\/\/idays.ro\/blog\/?p=284"},"modified":"2025-09-28T20:33:06","modified_gmt":"2025-09-28T17:33:06","slug":"cum-sa-iti-planifici-concediul-de-vara-cu-zilele-libere-legale","status":"publish","type":"post","link":"https:\/\/idays.ro\/blog\/cum-sa-iti-planifici-concediul-de-vara-cu-zilele-libere-legale\/","title":{"rendered":"Cum s\u0103 \u00ee\u021bi planifici concediul de var\u0103 cu zilele libere legale"},"content":{"rendered":"\n<p>Concediul de var\u0103 este perioada mult a\u0219teptat\u0103 de to\u021bi angaja\u021bii, un moment perfect pentru a te relaxa, a c\u0103l\u0103tori sau pur \u0219i simplu a te bucura de timpul liber al\u0103turi de familie \u0219i prieteni. Totu\u0219i, pentru a profita la maximum de zilele tale libere, este esen\u021bial s\u0103 \u0219tii cum s\u0103 \u00ee\u021bi planifici concediul, mai ales \u00een contextul zilelor libere legale. \u00cen acest articol, \u00ee\u021bi vom oferi c\u00e2teva sfaturi utile pentru o planificare eficient\u0103, astfel \u00eenc\u00e2t s\u0103 ai un concediu de vis.<\/p>\n\n\n\n<h2 class=\"wp-block-heading\">1. Cunoa\u0219te zilele libere legale<\/h2>\n\n\n\n<p>Primul pas \u00een planificarea concediului t\u0103u de var\u0103 este s\u0103 te familiarizezi cu zilele libere legale din \u021bara ta. \u00cen Rom\u00e2nia, exist\u0103 mai multe zile libere na\u021bionale, iar acestea pot varia de la an la an. De obicei, zilele de s\u0103rb\u0103toare sunt stabilite prin lege \u0219i includ, printre altele, Ziua Na\u021bional\u0103, Cr\u0103ciunul \u0219i Pa\u0219tele. Verific\u0103 calendarul oficial pentru a te asigura c\u0103 e\u0219ti la curent cu toate zilele libere.<\/p>\n\n\n\n<h2 class=\"wp-block-heading\">2. Alege perioada potrivit\u0103 pentru concediu<\/h2>\n\n\n\n<p>Odat\u0103 ce ai identificat zilele libere legale, urm\u0103torul pas este s\u0103 alegi perioada \u00een care dore\u0219ti s\u0103 \u00ee\u021bi iei concediu. Este important s\u0103 iei \u00een considerare at\u00e2t preferin\u021bele tale personale, c\u00e2t \u0219i programul de lucru. De exemplu, dac\u0103 ai o zi liber\u0103 \u00een mijlocul s\u0103pt\u0103m\u00e2nii, po\u021bi s\u0103 \u00ee\u021bi iei c\u00e2teva zile de concediu \u00eenainte sau dup\u0103 acea zi pentru a crea un mini-sejur de cinci zile. Acest lucru \u00ee\u021bi va permite s\u0103 te bucuri de o vacan\u021b\u0103 mai lung\u0103 f\u0103r\u0103 a folosi prea multe zile de concediu.<\/p>\n\n\n\n<h2 class=\"wp-block-heading\">3. Planific\u0103-\u021bi activit\u0103\u021bile<\/h2>\n\n\n\n<p>Odat\u0103 ce ai stabilit perioada concediului, este timpul s\u0103 g\u00e2nde\u0219ti la activit\u0103\u021bile pe care dore\u0219ti s\u0103 le faci. Fie c\u0103 vrei s\u0103 c\u0103l\u0103tore\u0219ti, s\u0103 te relaxezi acas\u0103 sau s\u0103 participi la evenimente locale, este bine s\u0103 \u00ee\u021bi faci o list\u0103 cu ceea ce \u00ee\u021bi dore\u0219ti. De asemenea, verific\u0103 evenimentele care se desf\u0103\u0219oar\u0103 \u00een perioada respectiv\u0103, cum ar fi festivaluri, concerte sau expozi\u021bii, pentru a profita de tot ce \u00ee\u021bi poate oferi destina\u021bia ta.<\/p>\n\n\n\n<h2 class=\"wp-block-heading\">4. Rezerv\u0103 din timp<\/h2>\n\n\n\n<p>\u00cen special \u00een sezonul de var\u0103, tarifele la cazare \u0219i transport pot cre\u0219te considerabil, iar locurile se pot ocupa rapid. De aceea, este recomandat s\u0103 \u00ee\u021bi faci rezerv\u0103rile din timp. Caut\u0103 oferte, compar\u0103 pre\u021buri \u0219i nu ezita s\u0103 folose\u0219ti aplica\u021bii sau site-uri de specialitate pentru a g\u0103si cele mai bune oferte. Nu uita s\u0103 verifici politica de anulare, \u00een caz c\u0103 planurile tale se schimb\u0103.<\/p>\n\n\n\n<h2 class=\"wp-block-heading\">5. Informeaz\u0103-\u021bi angajatorul<\/h2>\n\n\n\n<p>Dup\u0103 ce ai stabilit toate detaliile concediului, asigur\u0103-te c\u0103 \u00ee\u021bi informezi angajatorul. Este indicat s\u0103 faci acest lucru cu c\u00e2teva s\u0103pt\u0103m\u00e2ni \u00eenainte, astfel \u00eenc\u00e2t s\u0103 le oferi timp s\u0103 se organizeze \u00een absen\u021ba ta. Respectarea termenelor limit\u0103 \u0219i a procedurilor interne ale companiei este esen\u021bial\u0103 pentru o planificare eficient\u0103 a concediului.<\/p>\n\n\n\n<h2 class=\"wp-block-heading\">6. Fii flexibil<\/h2>\n\n\n\n<p>Chiar dac\u0103 planificarea este important\u0103, este bine s\u0103 fii flexibil. Se pot \u00eent\u00e2mpla diverse situa\u021bii neprev\u0103zute, a\u0219a c\u0103 este bine s\u0103 ai un plan de rezerv\u0103. Fie c\u0103 este vorba despre o schimbare de destina\u021bie sau despre am\u00e2narea concediului, adaptabilitatea \u00ee\u021bi va permite s\u0103 te bucuri de timpul liber, indiferent de circumstan\u021be.<\/p>\n\n\n\n<h2 class=\"wp-block-heading\">7. Bucur\u0103-te de vacan\u021b\u0103!<\/h2>\n\n\n\n<p>\u00cen cele din urm\u0103, nu uita c\u0103 scopul concediului este s\u0103 te relaxezi \u0219i s\u0103 te bucuri de timpul liber. A\u0219adar, odat\u0103 ce ai planificat totul, este timpul s\u0103 te deconectezi de la munc\u0103 \u0219i s\u0103 te bucuri de fiecare moment. Fie c\u0103 alegi s\u0103 c\u0103l\u0103tore\u0219ti sau s\u0103 te relaxezi acas\u0103, asigur\u0103-te c\u0103 \u00ee\u021bi oferi timp pentru a te re\u00eenc\u0103rca \u0219i a te bucura de zilele de var\u0103.<\/p>\n\n\n\n<p>Planificarea concediului de var\u0103 poate p\u0103rea o provocare, dar cu pu\u021bin timp \u0219i efort, po\u021bi s\u0103 \u00ee\u021bi organizezi o vacan\u021b\u0103 de neuitat. \u00cencepe chiar acum s\u0103 \u00ee\u021bi faci planurile \u0219i s\u0103 te preg\u0103te\u0219ti pentru o var\u0103 plin\u0103 de aventuri!<\/p>\n","protected":false},"excerpt":{"rendered":"<p>Planificarea concediului de var\u0103 poate fi o provocare, dar cu c\u00e2teva trucuri \u0219i informa\u021bii utile, po\u021bi s\u0103 te asiguri c\u0103 te bucuri de o vacan\u021b\u0103 bine meritat\u0103. Afl\u0103 cum s\u0103 \u00ee\u021bi organizezi zilele libere legale pentru a maximiza timpul liber.<\/p>\n","protected":false},"author":1,"featured_media":285,"comment_status":"open","ping_status":"open","sticky":false,"template":"","format":"standard","meta":{"footnotes":""},"categories":[5],"tags":[],"class_list":{"0":"post-284","1":"post","2":"type-post","3":"status-publish","4":"format-standard","5":"has-post-thumbnail","7":"category-timp-liber"},"yoast_head":"<!-- This site is optimized with the Yoast SEO plugin v26.9 - https:\/\/yoast.com\/product\/yoast-seo-wordpress\/ -->\n<title>Cum s\u0103 \u00ee\u021bi planifici concediul de var\u0103 cu zilele libere legale - IDAYS.RO BLOG<\/title>\n<meta name=\"robots\" content=\"index, follow, max-snippet:-1, max-image-preview:large, max-video-preview:-1\" \/>\n<link rel=\"canonical\" href=\"https:\/\/idays.ro\/blog\/cum-sa-iti-planifici-concediul-de-vara-cu-zilele-libere-legale\/\" \/>\n<meta property=\"og:locale\" content=\"ro_RO\" \/>\n<meta property=\"og:type\" content=\"article\" \/>\n<meta property=\"og:title\" content=\"Cum s\u0103 \u00ee\u021bi planifici concediul de var\u0103 cu zilele libere legale - IDAYS.RO BLOG\" \/>\n<meta property=\"og:description\" content=\"Planificarea concediului de var\u0103 poate fi o provocare, dar cu c\u00e2teva trucuri \u0219i informa\u021bii utile, po\u021bi s\u0103 te asiguri c\u0103 te bucuri de o vacan\u021b\u0103 bine meritat\u0103. Afl\u0103 cum s\u0103 \u00ee\u021bi organizezi zilele libere legale pentru a maximiza timpul liber.\" \/>\n<meta property=\"og:url\" content=\"https:\/\/idays.ro\/blog\/cum-sa-iti-planifici-concediul-de-vara-cu-zilele-libere-legale\/\" \/>\n<meta property=\"og:site_name\" content=\"IDAYS.RO BLOG\" \/>\n<meta property=\"article:published_time\" content=\"2025-10-06T22:51:40+00:00\" \/>\n<meta property=\"og:image\" content=\"https:\/\/idays.ro\/blog\/wp-content\/uploads\/2025\/09\/beach-4329694_1280-min.jpg\" \/>\n\t<meta property=\"og:image:width\" content=\"1280\" \/>\n\t<meta property=\"og:image:height\" content=\"853\" \/>\n\t<meta property=\"og:image:type\" content=\"image\/jpeg\" \/>\n<meta name=\"author\" content=\"liviu.andrei\" \/>\n<meta name=\"twitter:card\" content=\"summary_large_image\" \/>\n<meta name=\"twitter:label1\" content=\"Scris de\" \/>\n\t<meta name=\"twitter:data1\" content=\"liviu.andrei\" \/>\n\t<meta name=\"twitter:label2\" content=\"Timp estimat pentru citire\" \/>\n\t<meta name=\"twitter:data2\" content=\"4 minute\" \/>\n<script type=\"application\/ld+json\" class=\"yoast-schema-graph\">{\"@context\":\"https:\/\/schema.org\",\"@graph\":[{\"@type\":\"Article\",\"@id\":\"https:\/\/idays.ro\/blog\/cum-sa-iti-planifici-concediul-de-vara-cu-zilele-libere-legale\/#article\",\"isPartOf\":{\"@id\":\"https:\/\/idays.ro\/blog\/cum-sa-iti-planifici-concediul-de-vara-cu-zilele-libere-legale\/\"},\"author\":{\"name\":\"liviu.andrei\",\"@id\":\"https:\/\/idays.ro\/blog\/#\/schema\/person\/8b6552e1384e1ab28b8d3dc230212823\"},\"headline\":\"Cum s\u0103 \u00ee\u021bi planifici concediul de var\u0103 cu zilele libere legale\",\"datePublished\":\"2025-10-06T22:51:40+00:00\",\"mainEntityOfPage\":{\"@id\":\"https:\/\/idays.ro\/blog\/cum-sa-iti-planifici-concediul-de-vara-cu-zilele-libere-legale\/\"},\"wordCount\":698,\"commentCount\":0,\"image\":{\"@id\":\"https:\/\/idays.ro\/blog\/cum-sa-iti-planifici-concediul-de-vara-cu-zilele-libere-legale\/#primaryimage\"},\"thumbnailUrl\":\"https:\/\/idays.ro\/blog\/wp-content\/uploads\/2025\/09\/beach-4329694_1280-min.jpg\",\"articleSection\":[\"Timp liber\"],\"inLanguage\":\"ro-RO\",\"potentialAction\":[{\"@type\":\"CommentAction\",\"name\":\"Comment\",\"target\":[\"https:\/\/idays.ro\/blog\/cum-sa-iti-planifici-concediul-de-vara-cu-zilele-libere-legale\/#respond\"]}]},{\"@type\":\"WebPage\",\"@id\":\"https:\/\/idays.ro\/blog\/cum-sa-iti-planifici-concediul-de-vara-cu-zilele-libere-legale\/\",\"url\":\"https:\/\/idays.ro\/blog\/cum-sa-iti-planifici-concediul-de-vara-cu-zilele-libere-legale\/\",\"name\":\"Cum s\u0103 \u00ee\u021bi planifici concediul de var\u0103 cu zilele libere legale - IDAYS.RO BLOG\",\"isPartOf\":{\"@id\":\"https:\/\/idays.ro\/blog\/#website\"},\"primaryImageOfPage\":{\"@id\":\"https:\/\/idays.ro\/blog\/cum-sa-iti-planifici-concediul-de-vara-cu-zilele-libere-legale\/#primaryimage\"},\"image\":{\"@id\":\"https:\/\/idays.ro\/blog\/cum-sa-iti-planifici-concediul-de-vara-cu-zilele-libere-legale\/#primaryimage\"},\"thumbnailUrl\":\"https:\/\/idays.ro\/blog\/wp-content\/uploads\/2025\/09\/beach-4329694_1280-min.jpg\",\"datePublished\":\"2025-10-06T22:51:40+00:00\",\"author\":{\"@id\":\"https:\/\/idays.ro\/blog\/#\/schema\/person\/8b6552e1384e1ab28b8d3dc230212823\"},\"breadcrumb\":{\"@id\":\"https:\/\/idays.ro\/blog\/cum-sa-iti-planifici-concediul-de-vara-cu-zilele-libere-legale\/#breadcrumb\"},\"inLanguage\":\"ro-RO\",\"potentialAction\":[{\"@type\":\"ReadAction\",\"target\":[\"https:\/\/idays.ro\/blog\/cum-sa-iti-planifici-concediul-de-vara-cu-zilele-libere-legale\/\"]}]},{\"@type\":\"ImageObject\",\"inLanguage\":\"ro-RO\",\"@id\":\"https:\/\/idays.ro\/blog\/cum-sa-iti-planifici-concediul-de-vara-cu-zilele-libere-legale\/#primaryimage\",\"url\":\"https:\/\/idays.ro\/blog\/wp-content\/uploads\/2025\/09\/beach-4329694_1280-min.jpg\",\"contentUrl\":\"https:\/\/idays.ro\/blog\/wp-content\/uploads\/2025\/09\/beach-4329694_1280-min.jpg\",\"width\":1280,\"height\":853},{\"@type\":\"BreadcrumbList\",\"@id\":\"https:\/\/idays.ro\/blog\/cum-sa-iti-planifici-concediul-de-vara-cu-zilele-libere-legale\/#breadcrumb\",\"itemListElement\":[{\"@type\":\"ListItem\",\"position\":1,\"name\":\"Prima pagin\u0103\",\"item\":\"https:\/\/idays.ro\/blog\/\"},{\"@type\":\"ListItem\",\"position\":2,\"name\":\"Cum s\u0103 \u00ee\u021bi planifici concediul de var\u0103 cu zilele libere legale\"}]},{\"@type\":\"WebSite\",\"@id\":\"https:\/\/idays.ro\/blog\/#website\",\"url\":\"https:\/\/idays.ro\/blog\/\",\"name\":\"IDAYS.RO BLOG\",\"description\":\"\",\"potentialAction\":[{\"@type\":\"SearchAction\",\"target\":{\"@type\":\"EntryPoint\",\"urlTemplate\":\"https:\/\/idays.ro\/blog\/?s={search_term_string}\"},\"query-input\":{\"@type\":\"PropertyValueSpecification\",\"valueRequired\":true,\"valueName\":\"search_term_string\"}}],\"inLanguage\":\"ro-RO\"},{\"@type\":\"Person\",\"@id\":\"https:\/\/idays.ro\/blog\/#\/schema\/person\/8b6552e1384e1ab28b8d3dc230212823\",\"name\":\"liviu.andrei\",\"image\":{\"@type\":\"ImageObject\",\"inLanguage\":\"ro-RO\",\"@id\":\"https:\/\/idays.ro\/blog\/#\/schema\/person\/image\/\",\"url\":\"https:\/\/secure.gravatar.com\/avatar\/b3f7b6799cd9cf49f1e5691003e23e3cdcfee36272b0a7e3863eb32ccb60b91a?s=96&d=mm&r=g\",\"contentUrl\":\"https:\/\/secure.gravatar.com\/avatar\/b3f7b6799cd9cf49f1e5691003e23e3cdcfee36272b0a7e3863eb32ccb60b91a?s=96&d=mm&r=g\",\"caption\":\"liviu.andrei\"},\"sameAs\":[\"https:\/\/idays.ro\/blog\"]}]}<\/script>\n<!-- \/ Yoast SEO plugin. -->","yoast_head_json":{"title":"Cum s\u0103 \u00ee\u021bi planifici concediul de var\u0103 cu zilele libere legale - IDAYS.RO BLOG","robots":{"index":"index","follow":"follow","max-snippet":"max-snippet:-1","max-image-preview":"max-image-preview:large","max-video-preview":"max-video-preview:-1"},"canonical":"https:\/\/idays.ro\/blog\/cum-sa-iti-planifici-concediul-de-vara-cu-zilele-libere-legale\/","og_locale":"ro_RO","og_type":"article","og_title":"Cum s\u0103 \u00ee\u021bi planifici concediul de var\u0103 cu zilele libere legale - IDAYS.RO BLOG","og_description":"Planificarea concediului de var\u0103 poate fi o provocare, dar cu c\u00e2teva trucuri \u0219i informa\u021bii utile, po\u021bi s\u0103 te asiguri c\u0103 te bucuri de o vacan\u021b\u0103 bine meritat\u0103. Afl\u0103 cum s\u0103 \u00ee\u021bi organizezi zilele libere legale pentru a maximiza timpul liber.","og_url":"https:\/\/idays.ro\/blog\/cum-sa-iti-planifici-concediul-de-vara-cu-zilele-libere-legale\/","og_site_name":"IDAYS.RO BLOG","article_published_time":"2025-10-06T22:51:40+00:00","og_image":[{"width":1280,"height":853,"url":"https:\/\/idays.ro\/blog\/wp-content\/uploads\/2025\/09\/beach-4329694_1280-min.jpg","type":"image\/jpeg"}],"author":"liviu.andrei","twitter_card":"summary_large_image","twitter_misc":{"Scris de":"liviu.andrei","Timp estimat pentru citire":"4 minute"},"schema":{"@context":"https:\/\/schema.org","@graph":[{"@type":"Article","@id":"https:\/\/idays.ro\/blog\/cum-sa-iti-planifici-concediul-de-vara-cu-zilele-libere-legale\/#article","isPartOf":{"@id":"https:\/\/idays.ro\/blog\/cum-sa-iti-planifici-concediul-de-vara-cu-zilele-libere-legale\/"},"author":{"name":"liviu.andrei","@id":"https:\/\/idays.ro\/blog\/#\/schema\/person\/8b6552e1384e1ab28b8d3dc230212823"},"headline":"Cum s\u0103 \u00ee\u021bi planifici concediul de var\u0103 cu zilele libere legale","datePublished":"2025-10-06T22:51:40+00:00","mainEntityOfPage":{"@id":"https:\/\/idays.ro\/blog\/cum-sa-iti-planifici-concediul-de-vara-cu-zilele-libere-legale\/"},"wordCount":698,"commentCount":0,"image":{"@id":"https:\/\/idays.ro\/blog\/cum-sa-iti-planifici-concediul-de-vara-cu-zilele-libere-legale\/#primaryimage"},"thumbnailUrl":"https:\/\/idays.ro\/blog\/wp-content\/uploads\/2025\/09\/beach-4329694_1280-min.jpg","articleSection":["Timp liber"],"inLanguage":"ro-RO","potentialAction":[{"@type":"CommentAction","name":"Comment","target":["https:\/\/idays.ro\/blog\/cum-sa-iti-planifici-concediul-de-vara-cu-zilele-libere-legale\/#respond"]}]},{"@type":"WebPage","@id":"https:\/\/idays.ro\/blog\/cum-sa-iti-planifici-concediul-de-vara-cu-zilele-libere-legale\/","url":"https:\/\/idays.ro\/blog\/cum-sa-iti-planifici-concediul-de-vara-cu-zilele-libere-legale\/","name":"Cum s\u0103 \u00ee\u021bi planifici concediul de var\u0103 cu zilele libere legale - IDAYS.RO BLOG","isPartOf":{"@id":"https:\/\/idays.ro\/blog\/#website"},"primaryImageOfPage":{"@id":"https:\/\/idays.ro\/blog\/cum-sa-iti-planifici-concediul-de-vara-cu-zilele-libere-legale\/#primaryimage"},"image":{"@id":"https:\/\/idays.ro\/blog\/cum-sa-iti-planifici-concediul-de-vara-cu-zilele-libere-legale\/#primaryimage"},"thumbnailUrl":"https:\/\/idays.ro\/blog\/wp-content\/uploads\/2025\/09\/beach-4329694_1280-min.jpg","datePublished":"2025-10-06T22:51:40+00:00","author":{"@id":"https:\/\/idays.ro\/blog\/#\/schema\/person\/8b6552e1384e1ab28b8d3dc230212823"},"breadcrumb":{"@id":"https:\/\/idays.ro\/blog\/cum-sa-iti-planifici-concediul-de-vara-cu-zilele-libere-legale\/#breadcrumb"},"inLanguage":"ro-RO","potentialAction":[{"@type":"ReadAction","target":["https:\/\/idays.ro\/blog\/cum-sa-iti-planifici-concediul-de-vara-cu-zilele-libere-legale\/"]}]},{"@type":"ImageObject","inLanguage":"ro-RO","@id":"https:\/\/idays.ro\/blog\/cum-sa-iti-planifici-concediul-de-vara-cu-zilele-libere-legale\/#primaryimage","url":"https:\/\/idays.ro\/blog\/wp-content\/uploads\/2025\/09\/beach-4329694_1280-min.jpg","contentUrl":"https:\/\/idays.ro\/blog\/wp-content\/uploads\/2025\/09\/beach-4329694_1280-min.jpg","width":1280,"height":853},{"@type":"BreadcrumbList","@id":"https:\/\/idays.ro\/blog\/cum-sa-iti-planifici-concediul-de-vara-cu-zilele-libere-legale\/#breadcrumb","itemListElement":[{"@type":"ListItem","position":1,"name":"Prima pagin\u0103","item":"https:\/\/idays.ro\/blog\/"},{"@type":"ListItem","position":2,"name":"Cum s\u0103 \u00ee\u021bi planifici concediul de var\u0103 cu zilele libere legale"}]},{"@type":"WebSite","@id":"https:\/\/idays.ro\/blog\/#website","url":"https:\/\/idays.ro\/blog\/","name":"IDAYS.RO BLOG","description":"","potentialAction":[{"@type":"SearchAction","target":{"@type":"EntryPoint","urlTemplate":"https:\/\/idays.ro\/blog\/?s={search_term_string}"},"query-input":{"@type":"PropertyValueSpecification","valueRequired":true,"valueName":"search_term_string"}}],"inLanguage":"ro-RO"},{"@type":"Person","@id":"https:\/\/idays.ro\/blog\/#\/schema\/person\/8b6552e1384e1ab28b8d3dc230212823","name":"liviu.andrei","image":{"@type":"ImageObject","inLanguage":"ro-RO","@id":"https:\/\/idays.ro\/blog\/#\/schema\/person\/image\/","url":"https:\/\/secure.gravatar.com\/avatar\/b3f7b6799cd9cf49f1e5691003e23e3cdcfee36272b0a7e3863eb32ccb60b91a?s=96&d=mm&r=g","contentUrl":"https:\/\/secure.gravatar.com\/avatar\/b3f7b6799cd9cf49f1e5691003e23e3cdcfee36272b0a7e3863eb32ccb60b91a?s=96&d=mm&r=g","caption":"liviu.andrei"},"sameAs":["https:\/\/idays.ro\/blog"]}]}},"_links":{"self":[{"href":"https:\/\/idays.ro\/blog\/wp-json\/wp\/v2\/posts\/284","targetHints":{"allow":["GET"]}}],"collection":[{"href":"https:\/\/idays.ro\/blog\/wp-json\/wp\/v2\/posts"}],"about":[{"href":"https:\/\/idays.ro\/blog\/wp-json\/wp\/v2\/types\/post"}],"author":[{"embeddable":true,"href":"https:\/\/idays.ro\/blog\/wp-json\/wp\/v2\/users\/1"}],"replies":[{"embeddable":true,"href":"https:\/\/idays.ro\/blog\/wp-json\/wp\/v2\/comments?post=284"}],"version-history":[{"count":1,"href":"https:\/\/idays.ro\/blog\/wp-json\/wp\/v2\/posts\/284\/revisions"}],"predecessor-version":[{"id":566,"href":"https:\/\/idays.ro\/blog\/wp-json\/wp\/v2\/posts\/284\/revisions\/566"}],"wp:featuredmedia":[{"embeddable":true,"href":"https:\/\/idays.ro\/blog\/wp-json\/wp\/v2\/media\/285"}],"wp:attachment":[{"href":"https:\/\/idays.ro\/blog\/wp-json\/wp\/v2\/media?parent=284"}],"wp:term":[{"taxonomy":"category","embeddable":true,"href":"https:\/\/idays.ro\/blog\/wp-json\/wp\/v2\/categories?post=284"},{"taxonomy":"post_tag","embeddable":true,"href":"https:\/\/idays.ro\/blog\/wp-json\/wp\/v2\/tags?post=284"}],"curies":[{"name":"wp","href":"https:\/\/api.w.org\/{rel}","templated":true}]}}