{"id":225,"date":"2025-10-05T01:15:23","date_gmt":"2025-10-04T22:15:23","guid":{"rendered":"https:\/\/idays.ro\/blog\/?p=225"},"modified":"2025-09-28T01:18:00","modified_gmt":"2025-09-27T22:18:00","slug":"cum-sa-profiti-de-zilele-de-punte-pentru-o-minivacanta-in-europa","status":"publish","type":"post","link":"https:\/\/idays.ro\/blog\/cum-sa-profiti-de-zilele-de-punte-pentru-o-minivacanta-in-europa\/","title":{"rendered":"Cum s\u0103 profi\u021bi de zilele de punte pentru o minivacan\u021b\u0103 \u00een Europa"},"content":{"rendered":"\n<p>Planificarea unei vacan\u021be poate p\u0103rea o sarcin\u0103 complicat\u0103, dar exist\u0103 modalit\u0103\u021bi ingenioase de a profita de zilele de punte pentru a te bucura de escapade scurte \u00een Europa. Zilele de punte sunt acele zile care leag\u0103 un weekend de o s\u0103rb\u0103toare, oferindu-\u021bi oportunitatea perfect\u0103 de a te relaxa f\u0103r\u0103 a folosi prea multe zile de concediu. \u00cen acest articol, \u00ee\u021bi vom oferi sfaturi utile despre cum s\u0103 \u00ee\u021bi organizezi o minivacan\u021b\u0103 eficient\u0103, explor\u00e2nd cele mai frumoase destina\u021bii europene.<\/p>\n\n\n\n<h2 class=\"wp-block-heading\">Identific\u0103 zilele de punte<\/h2>\n\n\n\n<p>Primul pas \u00een organizarea unei minivacan\u021be este s\u0103 identifici zilele de punte din calendarul t\u0103u. Verific\u0103 s\u0103rb\u0103torile na\u021bionale \u0219i <a href=\"https:\/\/idays.ro\/zile\/libere\">zilele libere legale<\/a> din \u021bara ta, precum \u0219i posibilele combina\u021bii cu weekendurile. De exemplu, dac\u0103 o s\u0103rb\u0103toare cade \u00eentr-o zi de joi, po\u021bi lua vineri liber \u0219i te po\u021bi bucura de un weekend prelungit.<\/p>\n\n\n\n<h2 class=\"wp-block-heading\">Alege o destina\u021bie potrivit\u0103<\/h2>\n\n\n\n<p>Odat\u0103 ce ai identificat zilele de punte, este timpul s\u0103 alegi o destina\u021bie. Europa ofer\u0103 o varietate impresionant\u0103 de locuri unde po\u021bi evada, de la ora\u0219e vibrante la peisaje naturale spectaculoase. G\u00e2nde\u0219te-te la interesele tale: dac\u0103 \u00ee\u021bi place arta, Parisul sau Roma ar putea fi ideale. Dac\u0103 preferi natura, o escapad\u0103 \u00een Alpi sau pe coasta Amalfitan\u0103 ar putea fi mai potrivit\u0103 pentru tine. Este important s\u0103 alegi o destina\u021bie care s\u0103 \u00ee\u021bi ofere activit\u0103\u021bi variate \u0219i s\u0103 fie accesibil\u0103 din punct de vedere al transportului.<\/p>\n\n\n\n<h2 class=\"wp-block-heading\">Planific\u0103-\u021bi itinerariul<\/h2>\n\n\n\n<p>Dup\u0103 ce ai ales destina\u021bia, este esen\u021bial s\u0103 \u00ee\u021bi planifici itinerariul. F\u0103 o list\u0103 cu obiectivele pe care vrei s\u0103 le vizitezi, restaurantele unde vrei s\u0103 m\u0103n\u00e2nci \u0219i activit\u0103\u021bile pe care dore\u0219ti s\u0103 le \u00eencerci. Asigur\u0103-te c\u0103 ai un echilibru \u00eentre explorare \u0219i relaxare. Nu uita s\u0103 incluzi \u0219i timp pentru plimb\u0103ri prin ora\u0219, unde po\u021bi descoperi col\u021buri ascunse \u0219i atmosfere pl\u0103cute.<\/p>\n\n\n\n<h2 class=\"wp-block-heading\">Rezerv\u0103 din timp<\/h2>\n\n\n\n<p>\u00cen special pentru minivacan\u021bele \u00een perioadele de s\u0103rb\u0103toare, este crucial s\u0103 faci rezerv\u0103ri din timp. At\u00e2t pentru transport, c\u00e2t \u0219i pentru cazare, pre\u021burile pot cre\u0219te pe m\u0103sur\u0103 ce se apropie data plec\u0103rii. Compar\u0103 ofertele de pe diferite site-uri \u0219i alege varianta care se potrive\u0219te cel mai bine bugetului t\u0103u. De asemenea, nu ezita s\u0103 verifici recenziile altor turi\u0219ti pentru a te asigura c\u0103 faci cele mai bune alegeri.<\/p>\n\n\n\n<h2 class=\"wp-block-heading\">Fii flexibil<\/h2>\n\n\n\n<p>Una dintre cheile succesului \u00een organizarea unei minivacan\u021be este flexibilitatea. Chiar dac\u0103 ai un itinerar bine pus la punct, este posibil s\u0103 apar\u0103 neprev\u0103zutul. Fie c\u0103 este vorba despre vreme sau despre o atrac\u021bie turistic\u0103 \u00eenchis\u0103, fii preg\u0103tit s\u0103 \u00ee\u021bi ajustezi planurile. Acest lucru \u00ee\u021bi va permite s\u0103 te bucuri de experien\u021be neplanificate care pot face vacan\u021ba \u0219i mai memorabil\u0103.<\/p>\n\n\n\n<h2 class=\"wp-block-heading\">Experimenteaz\u0103 cultura local\u0103<\/h2>\n\n\n\n<p>Un alt aspect important al unei minivacan\u021be reu\u0219ite este s\u0103 te conectezi cu cultura local\u0103. \u00cencearc\u0103 m\u00e2nc\u0103rurile tradi\u021bionale, viziteaz\u0103 pie\u021bele locale \u0219i particip\u0103 la festivaluri sau evenimente care au loc \u00een perioada \u00een care e\u0219ti acolo. Aceste experien\u021be nu doar c\u0103 \u00ee\u021bi vor \u00eembog\u0103\u021bi cuno\u0219tin\u021bele, dar \u00ee\u021bi vor oferi \u0219i amintiri de neuitat.<\/p>\n\n\n\n<p>Profit\u00e2nd de zilele de punte, po\u021bi transforma un weekend obi\u0219nuit \u00eentr-o minivacan\u021b\u0103 de neuitat. Fie c\u0103 alegi s\u0103 explorezi ora\u0219e istorice sau s\u0103 te relaxezi pe plaj\u0103, planificarea atent\u0103 \u0219i flexibilitatea te vor ajuta s\u0103 te bucuri la maximum de fiecare moment. Nu uita s\u0103 \u00ee\u021bi faci bagajul cu aten\u021bie \u0219i s\u0103 la\u0219i loc pentru spontaneitate. Vacan\u021bele scurte pot fi la fel de pline de satisfac\u021bii ca \u0219i cele lungi, dac\u0103 sunt planificate cu grij\u0103 \u0219i entuziasm.<\/p>\n","protected":false},"excerpt":{"rendered":"<p>Descoper\u0103 cum s\u0103 \u00ee\u021bi planifici minivacan\u021bele \u00een Europa, folosind zilele de punte pentru a te bucura de experien\u021be de neuitat, f\u0103r\u0103 a cheltui o avere.<\/p>\n","protected":false},"author":1,"featured_media":227,"comment_status":"open","ping_status":"open","sticky":false,"template":"","format":"standard","meta":{"footnotes":""},"categories":[5],"tags":[],"class_list":{"0":"post-225","1":"post","2":"type-post","3":"status-publish","4":"format-standard","5":"has-post-thumbnail","7":"category-timp-liber"},"yoast_head":"<!-- This site is optimized with the Yoast SEO plugin v26.9 - https:\/\/yoast.com\/product\/yoast-seo-wordpress\/ -->\n<title>Cum s\u0103 profi\u021bi de zilele de punte pentru o minivacan\u021b\u0103 \u00een Europa - IDAYS.RO BLOG<\/title>\n<meta name=\"robots\" content=\"index, follow, max-snippet:-1, max-image-preview:large, max-video-preview:-1\" \/>\n<link rel=\"canonical\" href=\"https:\/\/idays.ro\/blog\/cum-sa-profiti-de-zilele-de-punte-pentru-o-minivacanta-in-europa\/\" \/>\n<meta property=\"og:locale\" content=\"ro_RO\" \/>\n<meta property=\"og:type\" content=\"article\" \/>\n<meta property=\"og:title\" content=\"Cum s\u0103 profi\u021bi de zilele de punte pentru o minivacan\u021b\u0103 \u00een Europa - IDAYS.RO BLOG\" \/>\n<meta property=\"og:description\" content=\"Descoper\u0103 cum s\u0103 \u00ee\u021bi planifici minivacan\u021bele \u00een Europa, folosind zilele de punte pentru a te bucura de experien\u021be de neuitat, f\u0103r\u0103 a cheltui o avere.\" \/>\n<meta property=\"og:url\" content=\"https:\/\/idays.ro\/blog\/cum-sa-profiti-de-zilele-de-punte-pentru-o-minivacanta-in-europa\/\" \/>\n<meta property=\"og:site_name\" content=\"IDAYS.RO BLOG\" \/>\n<meta property=\"article:published_time\" content=\"2025-10-04T22:15:23+00:00\" \/>\n<meta property=\"og:image\" content=\"https:\/\/idays.ro\/blog\/wp-content\/uploads\/2025\/09\/pexels-amina-filkins-5425070-min-1.jpg\" \/>\n\t<meta property=\"og:image:width\" content=\"1900\" \/>\n\t<meta property=\"og:image:height\" content=\"1267\" \/>\n\t<meta property=\"og:image:type\" content=\"image\/jpeg\" \/>\n<meta name=\"author\" content=\"liviu.andrei\" \/>\n<meta name=\"twitter:card\" content=\"summary_large_image\" \/>\n<meta name=\"twitter:label1\" content=\"Scris de\" \/>\n\t<meta name=\"twitter:data1\" content=\"liviu.andrei\" \/>\n\t<meta name=\"twitter:label2\" content=\"Timp estimat pentru citire\" \/>\n\t<meta name=\"twitter:data2\" content=\"4 minute\" \/>\n<script type=\"application\/ld+json\" class=\"yoast-schema-graph\">{\"@context\":\"https:\/\/schema.org\",\"@graph\":[{\"@type\":\"Article\",\"@id\":\"https:\/\/idays.ro\/blog\/cum-sa-profiti-de-zilele-de-punte-pentru-o-minivacanta-in-europa\/#article\",\"isPartOf\":{\"@id\":\"https:\/\/idays.ro\/blog\/cum-sa-profiti-de-zilele-de-punte-pentru-o-minivacanta-in-europa\/\"},\"author\":{\"name\":\"liviu.andrei\",\"@id\":\"https:\/\/idays.ro\/blog\/#\/schema\/person\/8b6552e1384e1ab28b8d3dc230212823\"},\"headline\":\"Cum s\u0103 profi\u021bi de zilele de punte pentru o minivacan\u021b\u0103 \u00een Europa\",\"datePublished\":\"2025-10-04T22:15:23+00:00\",\"mainEntityOfPage\":{\"@id\":\"https:\/\/idays.ro\/blog\/cum-sa-profiti-de-zilele-de-punte-pentru-o-minivacanta-in-europa\/\"},\"wordCount\":646,\"commentCount\":0,\"image\":{\"@id\":\"https:\/\/idays.ro\/blog\/cum-sa-profiti-de-zilele-de-punte-pentru-o-minivacanta-in-europa\/#primaryimage\"},\"thumbnailUrl\":\"https:\/\/idays.ro\/blog\/wp-content\/uploads\/2025\/09\/pexels-amina-filkins-5425070-min-1.jpg\",\"articleSection\":[\"Timp liber\"],\"inLanguage\":\"ro-RO\",\"potentialAction\":[{\"@type\":\"CommentAction\",\"name\":\"Comment\",\"target\":[\"https:\/\/idays.ro\/blog\/cum-sa-profiti-de-zilele-de-punte-pentru-o-minivacanta-in-europa\/#respond\"]}]},{\"@type\":\"WebPage\",\"@id\":\"https:\/\/idays.ro\/blog\/cum-sa-profiti-de-zilele-de-punte-pentru-o-minivacanta-in-europa\/\",\"url\":\"https:\/\/idays.ro\/blog\/cum-sa-profiti-de-zilele-de-punte-pentru-o-minivacanta-in-europa\/\",\"name\":\"Cum s\u0103 profi\u021bi de zilele de punte pentru o minivacan\u021b\u0103 \u00een Europa - IDAYS.RO BLOG\",\"isPartOf\":{\"@id\":\"https:\/\/idays.ro\/blog\/#website\"},\"primaryImageOfPage\":{\"@id\":\"https:\/\/idays.ro\/blog\/cum-sa-profiti-de-zilele-de-punte-pentru-o-minivacanta-in-europa\/#primaryimage\"},\"image\":{\"@id\":\"https:\/\/idays.ro\/blog\/cum-sa-profiti-de-zilele-de-punte-pentru-o-minivacanta-in-europa\/#primaryimage\"},\"thumbnailUrl\":\"https:\/\/idays.ro\/blog\/wp-content\/uploads\/2025\/09\/pexels-amina-filkins-5425070-min-1.jpg\",\"datePublished\":\"2025-10-04T22:15:23+00:00\",\"author\":{\"@id\":\"https:\/\/idays.ro\/blog\/#\/schema\/person\/8b6552e1384e1ab28b8d3dc230212823\"},\"breadcrumb\":{\"@id\":\"https:\/\/idays.ro\/blog\/cum-sa-profiti-de-zilele-de-punte-pentru-o-minivacanta-in-europa\/#breadcrumb\"},\"inLanguage\":\"ro-RO\",\"potentialAction\":[{\"@type\":\"ReadAction\",\"target\":[\"https:\/\/idays.ro\/blog\/cum-sa-profiti-de-zilele-de-punte-pentru-o-minivacanta-in-europa\/\"]}]},{\"@type\":\"ImageObject\",\"inLanguage\":\"ro-RO\",\"@id\":\"https:\/\/idays.ro\/blog\/cum-sa-profiti-de-zilele-de-punte-pentru-o-minivacanta-in-europa\/#primaryimage\",\"url\":\"https:\/\/idays.ro\/blog\/wp-content\/uploads\/2025\/09\/pexels-amina-filkins-5425070-min-1.jpg\",\"contentUrl\":\"https:\/\/idays.ro\/blog\/wp-content\/uploads\/2025\/09\/pexels-amina-filkins-5425070-min-1.jpg\",\"width\":1900,\"height\":1267},{\"@type\":\"BreadcrumbList\",\"@id\":\"https:\/\/idays.ro\/blog\/cum-sa-profiti-de-zilele-de-punte-pentru-o-minivacanta-in-europa\/#breadcrumb\",\"itemListElement\":[{\"@type\":\"ListItem\",\"position\":1,\"name\":\"Prima pagin\u0103\",\"item\":\"https:\/\/idays.ro\/blog\/\"},{\"@type\":\"ListItem\",\"position\":2,\"name\":\"Cum s\u0103 profi\u021bi de zilele de punte pentru o minivacan\u021b\u0103 \u00een Europa\"}]},{\"@type\":\"WebSite\",\"@id\":\"https:\/\/idays.ro\/blog\/#website\",\"url\":\"https:\/\/idays.ro\/blog\/\",\"name\":\"IDAYS.RO BLOG\",\"description\":\"\",\"potentialAction\":[{\"@type\":\"SearchAction\",\"target\":{\"@type\":\"EntryPoint\",\"urlTemplate\":\"https:\/\/idays.ro\/blog\/?s={search_term_string}\"},\"query-input\":{\"@type\":\"PropertyValueSpecification\",\"valueRequired\":true,\"valueName\":\"search_term_string\"}}],\"inLanguage\":\"ro-RO\"},{\"@type\":\"Person\",\"@id\":\"https:\/\/idays.ro\/blog\/#\/schema\/person\/8b6552e1384e1ab28b8d3dc230212823\",\"name\":\"liviu.andrei\",\"image\":{\"@type\":\"ImageObject\",\"inLanguage\":\"ro-RO\",\"@id\":\"https:\/\/idays.ro\/blog\/#\/schema\/person\/image\/\",\"url\":\"https:\/\/secure.gravatar.com\/avatar\/b3f7b6799cd9cf49f1e5691003e23e3cdcfee36272b0a7e3863eb32ccb60b91a?s=96&d=mm&r=g\",\"contentUrl\":\"https:\/\/secure.gravatar.com\/avatar\/b3f7b6799cd9cf49f1e5691003e23e3cdcfee36272b0a7e3863eb32ccb60b91a?s=96&d=mm&r=g\",\"caption\":\"liviu.andrei\"},\"sameAs\":[\"https:\/\/idays.ro\/blog\"]}]}<\/script>\n<!-- \/ Yoast SEO plugin. -->","yoast_head_json":{"title":"Cum s\u0103 profi\u021bi de zilele de punte pentru o minivacan\u021b\u0103 \u00een Europa - IDAYS.RO BLOG","robots":{"index":"index","follow":"follow","max-snippet":"max-snippet:-1","max-image-preview":"max-image-preview:large","max-video-preview":"max-video-preview:-1"},"canonical":"https:\/\/idays.ro\/blog\/cum-sa-profiti-de-zilele-de-punte-pentru-o-minivacanta-in-europa\/","og_locale":"ro_RO","og_type":"article","og_title":"Cum s\u0103 profi\u021bi de zilele de punte pentru o minivacan\u021b\u0103 \u00een Europa - IDAYS.RO BLOG","og_description":"Descoper\u0103 cum s\u0103 \u00ee\u021bi planifici minivacan\u021bele \u00een Europa, folosind zilele de punte pentru a te bucura de experien\u021be de neuitat, f\u0103r\u0103 a cheltui o avere.","og_url":"https:\/\/idays.ro\/blog\/cum-sa-profiti-de-zilele-de-punte-pentru-o-minivacanta-in-europa\/","og_site_name":"IDAYS.RO BLOG","article_published_time":"2025-10-04T22:15:23+00:00","og_image":[{"width":1900,"height":1267,"url":"https:\/\/idays.ro\/blog\/wp-content\/uploads\/2025\/09\/pexels-amina-filkins-5425070-min-1.jpg","type":"image\/jpeg"}],"author":"liviu.andrei","twitter_card":"summary_large_image","twitter_misc":{"Scris de":"liviu.andrei","Timp estimat pentru citire":"4 minute"},"schema":{"@context":"https:\/\/schema.org","@graph":[{"@type":"Article","@id":"https:\/\/idays.ro\/blog\/cum-sa-profiti-de-zilele-de-punte-pentru-o-minivacanta-in-europa\/#article","isPartOf":{"@id":"https:\/\/idays.ro\/blog\/cum-sa-profiti-de-zilele-de-punte-pentru-o-minivacanta-in-europa\/"},"author":{"name":"liviu.andrei","@id":"https:\/\/idays.ro\/blog\/#\/schema\/person\/8b6552e1384e1ab28b8d3dc230212823"},"headline":"Cum s\u0103 profi\u021bi de zilele de punte pentru o minivacan\u021b\u0103 \u00een Europa","datePublished":"2025-10-04T22:15:23+00:00","mainEntityOfPage":{"@id":"https:\/\/idays.ro\/blog\/cum-sa-profiti-de-zilele-de-punte-pentru-o-minivacanta-in-europa\/"},"wordCount":646,"commentCount":0,"image":{"@id":"https:\/\/idays.ro\/blog\/cum-sa-profiti-de-zilele-de-punte-pentru-o-minivacanta-in-europa\/#primaryimage"},"thumbnailUrl":"https:\/\/idays.ro\/blog\/wp-content\/uploads\/2025\/09\/pexels-amina-filkins-5425070-min-1.jpg","articleSection":["Timp liber"],"inLanguage":"ro-RO","potentialAction":[{"@type":"CommentAction","name":"Comment","target":["https:\/\/idays.ro\/blog\/cum-sa-profiti-de-zilele-de-punte-pentru-o-minivacanta-in-europa\/#respond"]}]},{"@type":"WebPage","@id":"https:\/\/idays.ro\/blog\/cum-sa-profiti-de-zilele-de-punte-pentru-o-minivacanta-in-europa\/","url":"https:\/\/idays.ro\/blog\/cum-sa-profiti-de-zilele-de-punte-pentru-o-minivacanta-in-europa\/","name":"Cum s\u0103 profi\u021bi de zilele de punte pentru o minivacan\u021b\u0103 \u00een Europa - IDAYS.RO BLOG","isPartOf":{"@id":"https:\/\/idays.ro\/blog\/#website"},"primaryImageOfPage":{"@id":"https:\/\/idays.ro\/blog\/cum-sa-profiti-de-zilele-de-punte-pentru-o-minivacanta-in-europa\/#primaryimage"},"image":{"@id":"https:\/\/idays.ro\/blog\/cum-sa-profiti-de-zilele-de-punte-pentru-o-minivacanta-in-europa\/#primaryimage"},"thumbnailUrl":"https:\/\/idays.ro\/blog\/wp-content\/uploads\/2025\/09\/pexels-amina-filkins-5425070-min-1.jpg","datePublished":"2025-10-04T22:15:23+00:00","author":{"@id":"https:\/\/idays.ro\/blog\/#\/schema\/person\/8b6552e1384e1ab28b8d3dc230212823"},"breadcrumb":{"@id":"https:\/\/idays.ro\/blog\/cum-sa-profiti-de-zilele-de-punte-pentru-o-minivacanta-in-europa\/#breadcrumb"},"inLanguage":"ro-RO","potentialAction":[{"@type":"ReadAction","target":["https:\/\/idays.ro\/blog\/cum-sa-profiti-de-zilele-de-punte-pentru-o-minivacanta-in-europa\/"]}]},{"@type":"ImageObject","inLanguage":"ro-RO","@id":"https:\/\/idays.ro\/blog\/cum-sa-profiti-de-zilele-de-punte-pentru-o-minivacanta-in-europa\/#primaryimage","url":"https:\/\/idays.ro\/blog\/wp-content\/uploads\/2025\/09\/pexels-amina-filkins-5425070-min-1.jpg","contentUrl":"https:\/\/idays.ro\/blog\/wp-content\/uploads\/2025\/09\/pexels-amina-filkins-5425070-min-1.jpg","width":1900,"height":1267},{"@type":"BreadcrumbList","@id":"https:\/\/idays.ro\/blog\/cum-sa-profiti-de-zilele-de-punte-pentru-o-minivacanta-in-europa\/#breadcrumb","itemListElement":[{"@type":"ListItem","position":1,"name":"Prima pagin\u0103","item":"https:\/\/idays.ro\/blog\/"},{"@type":"ListItem","position":2,"name":"Cum s\u0103 profi\u021bi de zilele de punte pentru o minivacan\u021b\u0103 \u00een Europa"}]},{"@type":"WebSite","@id":"https:\/\/idays.ro\/blog\/#website","url":"https:\/\/idays.ro\/blog\/","name":"IDAYS.RO BLOG","description":"","potentialAction":[{"@type":"SearchAction","target":{"@type":"EntryPoint","urlTemplate":"https:\/\/idays.ro\/blog\/?s={search_term_string}"},"query-input":{"@type":"PropertyValueSpecification","valueRequired":true,"valueName":"search_term_string"}}],"inLanguage":"ro-RO"},{"@type":"Person","@id":"https:\/\/idays.ro\/blog\/#\/schema\/person\/8b6552e1384e1ab28b8d3dc230212823","name":"liviu.andrei","image":{"@type":"ImageObject","inLanguage":"ro-RO","@id":"https:\/\/idays.ro\/blog\/#\/schema\/person\/image\/","url":"https:\/\/secure.gravatar.com\/avatar\/b3f7b6799cd9cf49f1e5691003e23e3cdcfee36272b0a7e3863eb32ccb60b91a?s=96&d=mm&r=g","contentUrl":"https:\/\/secure.gravatar.com\/avatar\/b3f7b6799cd9cf49f1e5691003e23e3cdcfee36272b0a7e3863eb32ccb60b91a?s=96&d=mm&r=g","caption":"liviu.andrei"},"sameAs":["https:\/\/idays.ro\/blog"]}]}},"_links":{"self":[{"href":"https:\/\/idays.ro\/blog\/wp-json\/wp\/v2\/posts\/225","targetHints":{"allow":["GET"]}}],"collection":[{"href":"https:\/\/idays.ro\/blog\/wp-json\/wp\/v2\/posts"}],"about":[{"href":"https:\/\/idays.ro\/blog\/wp-json\/wp\/v2\/types\/post"}],"author":[{"embeddable":true,"href":"https:\/\/idays.ro\/blog\/wp-json\/wp\/v2\/users\/1"}],"replies":[{"embeddable":true,"href":"https:\/\/idays.ro\/blog\/wp-json\/wp\/v2\/comments?post=225"}],"version-history":[{"count":1,"href":"https:\/\/idays.ro\/blog\/wp-json\/wp\/v2\/posts\/225\/revisions"}],"predecessor-version":[{"id":236,"href":"https:\/\/idays.ro\/blog\/wp-json\/wp\/v2\/posts\/225\/revisions\/236"}],"wp:featuredmedia":[{"embeddable":true,"href":"https:\/\/idays.ro\/blog\/wp-json\/wp\/v2\/media\/227"}],"wp:attachment":[{"href":"https:\/\/idays.ro\/blog\/wp-json\/wp\/v2\/media?parent=225"}],"wp:term":[{"taxonomy":"category","embeddable":true,"href":"https:\/\/idays.ro\/blog\/wp-json\/wp\/v2\/categories?post=225"},{"taxonomy":"post_tag","embeddable":true,"href":"https:\/\/idays.ro\/blog\/wp-json\/wp\/v2\/tags?post=225"}],"curies":[{"name":"wp","href":"https:\/\/api.w.org\/{rel}","templated":true}]}}