{"id":1296,"date":"2025-12-24T15:16:37","date_gmt":"2025-12-24T13:16:37","guid":{"rendered":"https:\/\/idays.ro\/blog\/?p=1296"},"modified":"2025-12-24T15:16:37","modified_gmt":"2025-12-24T13:16:37","slug":"amintiri-cu-nameti-imensi-in-berceni-acum-zece-ani","status":"publish","type":"post","link":"https:\/\/idays.ro\/blog\/amintiri-cu-nameti-imensi-in-berceni-acum-zece-ani\/","title":{"rendered":"Amintiri cu n\u0103me\u021bi imensi \u00een Berceni, acum zece ani"},"content":{"rendered":"<p>\u00cen urm\u0103 cu aproximativ zece ani, iernile \u00een Bucure\u0219ti erau mult mai friguroase \u0219i cu c\u0103deri abundente de z\u0103pad\u0103, comparativ cu vremurile recente. Un rezident al cartierului Berceni a surprins imagini care redau n\u0103me\u021bii impozan\u021bi ce blocau str\u0103zile \u0219i casele, evoc\u00e2nd o atmosfer\u0103 autentic\u0103 a iernii de alt\u0103dat\u0103.  <\/p>\n<p>Pe vremea aceea, z\u0103pada nu se oprea s\u0103 cad\u0103 zile \u00eentregi, acoperind totul cu o p\u0103tur\u0103 groas\u0103 care transforma peisajul urban \u00eentr-un t\u0103r\u00e2m alb, impresionant \u0219i, totodat\u0103, dificil pentru cei care trebuiau s\u0103 se descurce \u00een ora\u0219. Astfel de ierni abundente nu mai sunt at\u00e2t de frecvente \u00een prezent, din cauza schimb\u0103rilor climatice \u0219i a evolu\u021biei condi\u021biilor meteorologice.  <\/p>\n<p>Imaginile aduc un sentiment puternic de nostalgie pentru aceia care au copil\u0103rit \u00een acele vremuri \u0219i care \u00ee\u0219i amintesc cu pl\u0103cere de jocurile \u00een z\u0103pad\u0103 \u0219i de momentele petrecute al\u0103turi de familie \u0219i prieteni \u00een timpul sezonului rece. De asemenea, ele ne reamintesc \u0219i dificult\u0103\u021bile administrative legate de desz\u0103pezire \u0219i mobilitate \u00een acele condi\u021bii.  <\/p>\n<p>Chiar dac\u0103 iernile de ast\u0103zi sunt mai bl\u00e2nde \u0219i cu mai pu\u021bin\u0103 z\u0103pad\u0103, aceste amintiri vizuale ne insufl\u0103 respect pentru natura imprevizibil\u0103 \u0219i ne provoac\u0103 s\u0103 apreciem fiecare fulg care cade, \u00een semn de continuitate a vie\u021bii urbane. \u00cen plus, imaginile pot fi studiate pentru compara\u021bii climatice \u0219i sociale, ilustr\u00e2nd cum s-a schimbat peisajul ora\u0219ului \u0219i modul \u00een care oamenii interac\u021bioneaz\u0103 cu anotimpurile.  <\/p>\n<p>Astfel de m\u0103rturii vizuale sunt importante pentru comunitate \u0219i pentru istoria urban\u0103, \u00eent\u0103rind sentimentul local al identit\u0103\u021bii \u0219i pun\u00e2nd \u00een lumin\u0103 provoc\u0103rile trecutului, care uneori pot p\u0103rea de ne\u00een\u021beles pentru genera\u021biile noi.<\/p>\n","protected":false},"excerpt":{"rendered":"<p>\u00cen urm\u0103 cu aproximativ zece ani, iernile \u00een Bucure\u0219ti erau mult mai friguroase \u0219i cu c\u0103deri abundente de z\u0103pad\u0103, comparativ cu vremurile recente. Un rezident al cartierului Berceni a surprins imagini care redau n\u0103me\u021bii impozan\u021bi ce blocau str\u0103zile \u0219i casele, evoc\u00e2nd o atmosfer\u0103 autentic\u0103 a iernii de alt\u0103dat\u0103. Pe vremea aceea, z\u0103pada nu se oprea [&hellip;]<\/p>\n","protected":false},"author":1,"featured_media":1297,"comment_status":"open","ping_status":"open","sticky":false,"template":"","format":"standard","meta":{"footnotes":""},"categories":[5],"tags":[],"class_list":{"0":"post-1296","1":"post","2":"type-post","3":"status-publish","4":"format-standard","5":"has-post-thumbnail","7":"category-timp-liber"},"yoast_head":"<!-- This site is optimized with the Yoast SEO plugin v26.9 - https:\/\/yoast.com\/product\/yoast-seo-wordpress\/ -->\n<title>Amintiri cu n\u0103me\u021bi imensi \u00een Berceni, acum zece ani - IDAYS.RO BLOG<\/title>\n<meta name=\"robots\" content=\"index, follow, max-snippet:-1, max-image-preview:large, max-video-preview:-1\" \/>\n<link rel=\"canonical\" href=\"https:\/\/idays.ro\/blog\/amintiri-cu-nameti-imensi-in-berceni-acum-zece-ani\/\" \/>\n<meta property=\"og:locale\" content=\"ro_RO\" \/>\n<meta property=\"og:type\" content=\"article\" \/>\n<meta property=\"og:title\" content=\"Amintiri cu n\u0103me\u021bi imensi \u00een Berceni, acum zece ani - IDAYS.RO BLOG\" \/>\n<meta property=\"og:description\" content=\"\u00cen urm\u0103 cu aproximativ zece ani, iernile \u00een Bucure\u0219ti erau mult mai friguroase \u0219i cu c\u0103deri abundente de z\u0103pad\u0103, comparativ cu vremurile recente. Un rezident al cartierului Berceni a surprins imagini care redau n\u0103me\u021bii impozan\u021bi ce blocau str\u0103zile \u0219i casele, evoc\u00e2nd o atmosfer\u0103 autentic\u0103 a iernii de alt\u0103dat\u0103. Pe vremea aceea, z\u0103pada nu se oprea [&hellip;]\" \/>\n<meta property=\"og:url\" content=\"https:\/\/idays.ro\/blog\/amintiri-cu-nameti-imensi-in-berceni-acum-zece-ani\/\" \/>\n<meta property=\"og:site_name\" content=\"IDAYS.RO BLOG\" \/>\n<meta property=\"article:published_time\" content=\"2025-12-24T13:16:37+00:00\" \/>\n<meta property=\"og:image\" content=\"https:\/\/idays.ro\/blog\/wp-content\/uploads\/2025\/12\/iarna-nametii-berceni.jpg\" \/>\n\t<meta property=\"og:image:width\" content=\"1920\" \/>\n\t<meta property=\"og:image:height\" content=\"1080\" \/>\n\t<meta property=\"og:image:type\" content=\"image\/jpeg\" \/>\n<meta name=\"author\" content=\"liviu.andrei\" \/>\n<meta name=\"twitter:card\" content=\"summary_large_image\" \/>\n<meta name=\"twitter:label1\" content=\"Scris de\" \/>\n\t<meta name=\"twitter:data1\" content=\"liviu.andrei\" \/>\n\t<meta name=\"twitter:label2\" content=\"Timp estimat pentru citire\" \/>\n\t<meta name=\"twitter:data2\" content=\"2 minute\" \/>\n<script type=\"application\/ld+json\" class=\"yoast-schema-graph\">{\"@context\":\"https:\/\/schema.org\",\"@graph\":[{\"@type\":\"Article\",\"@id\":\"https:\/\/idays.ro\/blog\/amintiri-cu-nameti-imensi-in-berceni-acum-zece-ani\/#article\",\"isPartOf\":{\"@id\":\"https:\/\/idays.ro\/blog\/amintiri-cu-nameti-imensi-in-berceni-acum-zece-ani\/\"},\"author\":{\"name\":\"liviu.andrei\",\"@id\":\"https:\/\/idays.ro\/blog\/#\/schema\/person\/8b6552e1384e1ab28b8d3dc230212823\"},\"headline\":\"Amintiri cu n\u0103me\u021bi imensi \u00een Berceni, acum zece ani\",\"datePublished\":\"2025-12-24T13:16:37+00:00\",\"mainEntityOfPage\":{\"@id\":\"https:\/\/idays.ro\/blog\/amintiri-cu-nameti-imensi-in-berceni-acum-zece-ani\/\"},\"wordCount\":308,\"commentCount\":0,\"image\":{\"@id\":\"https:\/\/idays.ro\/blog\/amintiri-cu-nameti-imensi-in-berceni-acum-zece-ani\/#primaryimage\"},\"thumbnailUrl\":\"https:\/\/idays.ro\/blog\/wp-content\/uploads\/2025\/12\/iarna-nametii-berceni.jpg\",\"articleSection\":[\"Timp liber\"],\"inLanguage\":\"ro-RO\",\"potentialAction\":[{\"@type\":\"CommentAction\",\"name\":\"Comment\",\"target\":[\"https:\/\/idays.ro\/blog\/amintiri-cu-nameti-imensi-in-berceni-acum-zece-ani\/#respond\"]}]},{\"@type\":\"WebPage\",\"@id\":\"https:\/\/idays.ro\/blog\/amintiri-cu-nameti-imensi-in-berceni-acum-zece-ani\/\",\"url\":\"https:\/\/idays.ro\/blog\/amintiri-cu-nameti-imensi-in-berceni-acum-zece-ani\/\",\"name\":\"Amintiri cu n\u0103me\u021bi imensi \u00een Berceni, acum zece ani - IDAYS.RO BLOG\",\"isPartOf\":{\"@id\":\"https:\/\/idays.ro\/blog\/#website\"},\"primaryImageOfPage\":{\"@id\":\"https:\/\/idays.ro\/blog\/amintiri-cu-nameti-imensi-in-berceni-acum-zece-ani\/#primaryimage\"},\"image\":{\"@id\":\"https:\/\/idays.ro\/blog\/amintiri-cu-nameti-imensi-in-berceni-acum-zece-ani\/#primaryimage\"},\"thumbnailUrl\":\"https:\/\/idays.ro\/blog\/wp-content\/uploads\/2025\/12\/iarna-nametii-berceni.jpg\",\"datePublished\":\"2025-12-24T13:16:37+00:00\",\"author\":{\"@id\":\"https:\/\/idays.ro\/blog\/#\/schema\/person\/8b6552e1384e1ab28b8d3dc230212823\"},\"breadcrumb\":{\"@id\":\"https:\/\/idays.ro\/blog\/amintiri-cu-nameti-imensi-in-berceni-acum-zece-ani\/#breadcrumb\"},\"inLanguage\":\"ro-RO\",\"potentialAction\":[{\"@type\":\"ReadAction\",\"target\":[\"https:\/\/idays.ro\/blog\/amintiri-cu-nameti-imensi-in-berceni-acum-zece-ani\/\"]}]},{\"@type\":\"ImageObject\",\"inLanguage\":\"ro-RO\",\"@id\":\"https:\/\/idays.ro\/blog\/amintiri-cu-nameti-imensi-in-berceni-acum-zece-ani\/#primaryimage\",\"url\":\"https:\/\/idays.ro\/blog\/wp-content\/uploads\/2025\/12\/iarna-nametii-berceni.jpg\",\"contentUrl\":\"https:\/\/idays.ro\/blog\/wp-content\/uploads\/2025\/12\/iarna-nametii-berceni.jpg\",\"width\":1920,\"height\":1080},{\"@type\":\"BreadcrumbList\",\"@id\":\"https:\/\/idays.ro\/blog\/amintiri-cu-nameti-imensi-in-berceni-acum-zece-ani\/#breadcrumb\",\"itemListElement\":[{\"@type\":\"ListItem\",\"position\":1,\"name\":\"Prima pagin\u0103\",\"item\":\"https:\/\/idays.ro\/blog\/\"},{\"@type\":\"ListItem\",\"position\":2,\"name\":\"Amintiri cu n\u0103me\u021bi imensi \u00een Berceni, acum zece ani\"}]},{\"@type\":\"WebSite\",\"@id\":\"https:\/\/idays.ro\/blog\/#website\",\"url\":\"https:\/\/idays.ro\/blog\/\",\"name\":\"IDAYS.RO BLOG\",\"description\":\"\",\"potentialAction\":[{\"@type\":\"SearchAction\",\"target\":{\"@type\":\"EntryPoint\",\"urlTemplate\":\"https:\/\/idays.ro\/blog\/?s={search_term_string}\"},\"query-input\":{\"@type\":\"PropertyValueSpecification\",\"valueRequired\":true,\"valueName\":\"search_term_string\"}}],\"inLanguage\":\"ro-RO\"},{\"@type\":\"Person\",\"@id\":\"https:\/\/idays.ro\/blog\/#\/schema\/person\/8b6552e1384e1ab28b8d3dc230212823\",\"name\":\"liviu.andrei\",\"image\":{\"@type\":\"ImageObject\",\"inLanguage\":\"ro-RO\",\"@id\":\"https:\/\/idays.ro\/blog\/#\/schema\/person\/image\/\",\"url\":\"https:\/\/secure.gravatar.com\/avatar\/b3f7b6799cd9cf49f1e5691003e23e3cdcfee36272b0a7e3863eb32ccb60b91a?s=96&d=mm&r=g\",\"contentUrl\":\"https:\/\/secure.gravatar.com\/avatar\/b3f7b6799cd9cf49f1e5691003e23e3cdcfee36272b0a7e3863eb32ccb60b91a?s=96&d=mm&r=g\",\"caption\":\"liviu.andrei\"},\"sameAs\":[\"https:\/\/idays.ro\/blog\"]}]}<\/script>\n<!-- \/ Yoast SEO plugin. -->","yoast_head_json":{"title":"Amintiri cu n\u0103me\u021bi imensi \u00een Berceni, acum zece ani - IDAYS.RO BLOG","robots":{"index":"index","follow":"follow","max-snippet":"max-snippet:-1","max-image-preview":"max-image-preview:large","max-video-preview":"max-video-preview:-1"},"canonical":"https:\/\/idays.ro\/blog\/amintiri-cu-nameti-imensi-in-berceni-acum-zece-ani\/","og_locale":"ro_RO","og_type":"article","og_title":"Amintiri cu n\u0103me\u021bi imensi \u00een Berceni, acum zece ani - IDAYS.RO BLOG","og_description":"\u00cen urm\u0103 cu aproximativ zece ani, iernile \u00een Bucure\u0219ti erau mult mai friguroase \u0219i cu c\u0103deri abundente de z\u0103pad\u0103, comparativ cu vremurile recente. Un rezident al cartierului Berceni a surprins imagini care redau n\u0103me\u021bii impozan\u021bi ce blocau str\u0103zile \u0219i casele, evoc\u00e2nd o atmosfer\u0103 autentic\u0103 a iernii de alt\u0103dat\u0103. Pe vremea aceea, z\u0103pada nu se oprea [&hellip;]","og_url":"https:\/\/idays.ro\/blog\/amintiri-cu-nameti-imensi-in-berceni-acum-zece-ani\/","og_site_name":"IDAYS.RO BLOG","article_published_time":"2025-12-24T13:16:37+00:00","og_image":[{"width":1920,"height":1080,"url":"https:\/\/idays.ro\/blog\/wp-content\/uploads\/2025\/12\/iarna-nametii-berceni.jpg","type":"image\/jpeg"}],"author":"liviu.andrei","twitter_card":"summary_large_image","twitter_misc":{"Scris de":"liviu.andrei","Timp estimat pentru citire":"2 minute"},"schema":{"@context":"https:\/\/schema.org","@graph":[{"@type":"Article","@id":"https:\/\/idays.ro\/blog\/amintiri-cu-nameti-imensi-in-berceni-acum-zece-ani\/#article","isPartOf":{"@id":"https:\/\/idays.ro\/blog\/amintiri-cu-nameti-imensi-in-berceni-acum-zece-ani\/"},"author":{"name":"liviu.andrei","@id":"https:\/\/idays.ro\/blog\/#\/schema\/person\/8b6552e1384e1ab28b8d3dc230212823"},"headline":"Amintiri cu n\u0103me\u021bi imensi \u00een Berceni, acum zece ani","datePublished":"2025-12-24T13:16:37+00:00","mainEntityOfPage":{"@id":"https:\/\/idays.ro\/blog\/amintiri-cu-nameti-imensi-in-berceni-acum-zece-ani\/"},"wordCount":308,"commentCount":0,"image":{"@id":"https:\/\/idays.ro\/blog\/amintiri-cu-nameti-imensi-in-berceni-acum-zece-ani\/#primaryimage"},"thumbnailUrl":"https:\/\/idays.ro\/blog\/wp-content\/uploads\/2025\/12\/iarna-nametii-berceni.jpg","articleSection":["Timp liber"],"inLanguage":"ro-RO","potentialAction":[{"@type":"CommentAction","name":"Comment","target":["https:\/\/idays.ro\/blog\/amintiri-cu-nameti-imensi-in-berceni-acum-zece-ani\/#respond"]}]},{"@type":"WebPage","@id":"https:\/\/idays.ro\/blog\/amintiri-cu-nameti-imensi-in-berceni-acum-zece-ani\/","url":"https:\/\/idays.ro\/blog\/amintiri-cu-nameti-imensi-in-berceni-acum-zece-ani\/","name":"Amintiri cu n\u0103me\u021bi imensi \u00een Berceni, acum zece ani - IDAYS.RO BLOG","isPartOf":{"@id":"https:\/\/idays.ro\/blog\/#website"},"primaryImageOfPage":{"@id":"https:\/\/idays.ro\/blog\/amintiri-cu-nameti-imensi-in-berceni-acum-zece-ani\/#primaryimage"},"image":{"@id":"https:\/\/idays.ro\/blog\/amintiri-cu-nameti-imensi-in-berceni-acum-zece-ani\/#primaryimage"},"thumbnailUrl":"https:\/\/idays.ro\/blog\/wp-content\/uploads\/2025\/12\/iarna-nametii-berceni.jpg","datePublished":"2025-12-24T13:16:37+00:00","author":{"@id":"https:\/\/idays.ro\/blog\/#\/schema\/person\/8b6552e1384e1ab28b8d3dc230212823"},"breadcrumb":{"@id":"https:\/\/idays.ro\/blog\/amintiri-cu-nameti-imensi-in-berceni-acum-zece-ani\/#breadcrumb"},"inLanguage":"ro-RO","potentialAction":[{"@type":"ReadAction","target":["https:\/\/idays.ro\/blog\/amintiri-cu-nameti-imensi-in-berceni-acum-zece-ani\/"]}]},{"@type":"ImageObject","inLanguage":"ro-RO","@id":"https:\/\/idays.ro\/blog\/amintiri-cu-nameti-imensi-in-berceni-acum-zece-ani\/#primaryimage","url":"https:\/\/idays.ro\/blog\/wp-content\/uploads\/2025\/12\/iarna-nametii-berceni.jpg","contentUrl":"https:\/\/idays.ro\/blog\/wp-content\/uploads\/2025\/12\/iarna-nametii-berceni.jpg","width":1920,"height":1080},{"@type":"BreadcrumbList","@id":"https:\/\/idays.ro\/blog\/amintiri-cu-nameti-imensi-in-berceni-acum-zece-ani\/#breadcrumb","itemListElement":[{"@type":"ListItem","position":1,"name":"Prima pagin\u0103","item":"https:\/\/idays.ro\/blog\/"},{"@type":"ListItem","position":2,"name":"Amintiri cu n\u0103me\u021bi imensi \u00een Berceni, acum zece ani"}]},{"@type":"WebSite","@id":"https:\/\/idays.ro\/blog\/#website","url":"https:\/\/idays.ro\/blog\/","name":"IDAYS.RO BLOG","description":"","potentialAction":[{"@type":"SearchAction","target":{"@type":"EntryPoint","urlTemplate":"https:\/\/idays.ro\/blog\/?s={search_term_string}"},"query-input":{"@type":"PropertyValueSpecification","valueRequired":true,"valueName":"search_term_string"}}],"inLanguage":"ro-RO"},{"@type":"Person","@id":"https:\/\/idays.ro\/blog\/#\/schema\/person\/8b6552e1384e1ab28b8d3dc230212823","name":"liviu.andrei","image":{"@type":"ImageObject","inLanguage":"ro-RO","@id":"https:\/\/idays.ro\/blog\/#\/schema\/person\/image\/","url":"https:\/\/secure.gravatar.com\/avatar\/b3f7b6799cd9cf49f1e5691003e23e3cdcfee36272b0a7e3863eb32ccb60b91a?s=96&d=mm&r=g","contentUrl":"https:\/\/secure.gravatar.com\/avatar\/b3f7b6799cd9cf49f1e5691003e23e3cdcfee36272b0a7e3863eb32ccb60b91a?s=96&d=mm&r=g","caption":"liviu.andrei"},"sameAs":["https:\/\/idays.ro\/blog"]}]}},"_links":{"self":[{"href":"https:\/\/idays.ro\/blog\/wp-json\/wp\/v2\/posts\/1296","targetHints":{"allow":["GET"]}}],"collection":[{"href":"https:\/\/idays.ro\/blog\/wp-json\/wp\/v2\/posts"}],"about":[{"href":"https:\/\/idays.ro\/blog\/wp-json\/wp\/v2\/types\/post"}],"author":[{"embeddable":true,"href":"https:\/\/idays.ro\/blog\/wp-json\/wp\/v2\/users\/1"}],"replies":[{"embeddable":true,"href":"https:\/\/idays.ro\/blog\/wp-json\/wp\/v2\/comments?post=1296"}],"version-history":[{"count":1,"href":"https:\/\/idays.ro\/blog\/wp-json\/wp\/v2\/posts\/1296\/revisions"}],"predecessor-version":[{"id":1308,"href":"https:\/\/idays.ro\/blog\/wp-json\/wp\/v2\/posts\/1296\/revisions\/1308"}],"wp:featuredmedia":[{"embeddable":true,"href":"https:\/\/idays.ro\/blog\/wp-json\/wp\/v2\/media\/1297"}],"wp:attachment":[{"href":"https:\/\/idays.ro\/blog\/wp-json\/wp\/v2\/media?parent=1296"}],"wp:term":[{"taxonomy":"category","embeddable":true,"href":"https:\/\/idays.ro\/blog\/wp-json\/wp\/v2\/categories?post=1296"},{"taxonomy":"post_tag","embeddable":true,"href":"https:\/\/idays.ro\/blog\/wp-json\/wp\/v2\/tags?post=1296"}],"curies":[{"name":"wp","href":"https:\/\/api.w.org\/{rel}","templated":true}]}}