{"id":1295,"date":"2025-12-24T15:18:55","date_gmt":"2025-12-24T13:18:55","guid":{"rendered":"https:\/\/idays.ro\/blog\/?p=1295"},"modified":"2025-12-24T15:18:55","modified_gmt":"2025-12-24T13:18:55","slug":"lectia-infrastructurii-cum-trateaza-roma-si-bucuresti-istoria-subterana","status":"publish","type":"post","link":"https:\/\/idays.ro\/blog\/lectia-infrastructurii-cum-trateaza-roma-si-bucuresti-istoria-subterana\/","title":{"rendered":"Lec\u021bia infrastructurii: Cum trateaz\u0103 Roma \u0219i Bucure\u0219ti istoria subteran\u0103"},"content":{"rendered":"<p>Dou\u0103 capitale europene, Bucure\u0219ti \u0219i Roma, dezv\u0103luie abord\u0103ri opuse privind conservarea patrimoniului \u00een contextul proiectelor majore de infrastructur\u0103 subteran\u0103. \u00cen timp ce capitala Italiei pune \u00een valoare artefactele \u0219i ruinele descoperite \u00een timpul lucr\u0103rilor de metrou, transform\u00e2ndu-le \u00een muzee subterane, Bucure\u0219tiul pare s\u0103 fi r\u0103mas captiv unei mentalit\u0103\u021bi care sacrific\u0103 trecutul pe altarul dezvolt\u0103rii rapide.<\/p>\n<p>Sta\u021bia de metrou Colosseum din Roma, inaugurat\u0103 recent, ofer\u0103 un exemplu \u00een care utilitatea transportului urban se \u00eemplete\u0219te cu respectul pentru istorie. Lucr\u0103rile au durat peste un deceniu, iar prin tehnici avansate de conservare, au fost p\u0103strate numeroase vestigii antice precum fresce, mozaicuri \u0219i structuri arhitecturale vechi de dou\u0103 milenii. Aceast\u0103 abordare pune patrimoniul \u00een vitrin\u0103 \u0219i ofer\u0103 genera\u021biilor viitoare o leg\u0103tur\u0103 vie cu trecutul ora\u0219ului.<\/p>\n<p>Contrar acestui model, \u0219antierul de la Plan\u0219eul Unirii din Bucure\u0219ti demonstreaz\u0103 o atitudine mult mai pu\u021bin grijulie fa\u021b\u0103 de vestigiile istorice. Excav\u0103rile scot la iveal\u0103 ruine neprotejate \u0219i l\u0103sate s\u0103 fie acoperite rapid de beton f\u0103r\u0103 cercetarea am\u0103nun\u021bit\u0103 sau punerea lor \u00een valoare. Lipsa comunic\u0103rii \u0219i a interesului arheologic reflect\u0103 o mo\u0219tenire \u00eenc\u0103rcat\u0103 de pragmatism \u0219i superficialitate \u00een gestionarea patrimoniului subteran.<\/p>\n<p>Istoria Bucure\u0219tiului, de\u0219i mai t\u00e2n\u0103r\u0103 fa\u021b\u0103 de cea a Romei, merit\u0103 o abordare serioas\u0103, care s\u0103 integreze descoperirile arheologice \u00een proiectele moderne de infrastructur\u0103. Exemplul italian relev\u0103 faptul c\u0103 protejarea trecutului nu este un obstacol, ci o valoare ad\u0103ugat\u0103 unei dezvolt\u0103ri urbane echilibrate \u0219i culturale. Este o lec\u021bie de respect \u0219i responsabilitate pentru administra\u021biile locale, care ar trebui s\u0103 pun\u0103 mai mult pre\u021b pe identitatea ora\u0219ului \u0219i pe memoria sa.<\/p>\n<p>\u00cen final, compara\u021bia dintre cele dou\u0103 ora\u0219e arat\u0103 diferen\u021be fundamentale \u00een mentalitate, care definesc modul \u00een care patrimoniul este perceput \u0219i integrat \u00een via\u021ba urban\u0103 contemporan\u0103. Bucure\u0219tiul are \u00eenc\u0103 \u0219ansa s\u0103 \u00eenve\u021be din experien\u021ba Romei \u0219i s\u0103 \u00eembine modernizarea cu conservarea, oferind astfel un viitor \u00een care trecutul este nu uitat, ci valorificat.<\/p>\n","protected":false},"excerpt":{"rendered":"<p>Dou\u0103 capitale europene, Bucure\u0219ti \u0219i Roma, dezv\u0103luie abord\u0103ri opuse privind conservarea patrimoniului \u00een contextul proiectelor majore de infrastructur\u0103 subteran\u0103. \u00cen timp ce capitala Italiei pune \u00een valoare artefactele \u0219i ruinele descoperite \u00een timpul lucr\u0103rilor de metrou, transform\u00e2ndu-le \u00een muzee subterane, Bucure\u0219tiul pare s\u0103 fi r\u0103mas captiv unei mentalit\u0103\u021bi care sacrific\u0103 trecutul pe altarul dezvolt\u0103rii rapide. [&hellip;]<\/p>\n","protected":false},"author":1,"featured_media":1313,"comment_status":"open","ping_status":"open","sticky":false,"template":"","format":"standard","meta":{"footnotes":""},"categories":[5],"tags":[],"class_list":{"0":"post-1295","1":"post","2":"type-post","3":"status-publish","4":"format-standard","5":"has-post-thumbnail","7":"category-timp-liber"},"yoast_head":"<!-- This site is optimized with the Yoast SEO plugin v26.9 - https:\/\/yoast.com\/product\/yoast-seo-wordpress\/ -->\n<title>Lec\u021bia infrastructurii: Cum trateaz\u0103 Roma \u0219i Bucure\u0219ti istoria subteran\u0103 - IDAYS.RO BLOG<\/title>\n<meta name=\"robots\" content=\"index, follow, max-snippet:-1, max-image-preview:large, max-video-preview:-1\" \/>\n<link rel=\"canonical\" href=\"https:\/\/idays.ro\/blog\/lectia-infrastructurii-cum-trateaza-roma-si-bucuresti-istoria-subterana\/\" \/>\n<meta property=\"og:locale\" content=\"ro_RO\" \/>\n<meta property=\"og:type\" content=\"article\" \/>\n<meta property=\"og:title\" content=\"Lec\u021bia infrastructurii: Cum trateaz\u0103 Roma \u0219i Bucure\u0219ti istoria subteran\u0103 - IDAYS.RO BLOG\" \/>\n<meta property=\"og:description\" content=\"Dou\u0103 capitale europene, Bucure\u0219ti \u0219i Roma, dezv\u0103luie abord\u0103ri opuse privind conservarea patrimoniului \u00een contextul proiectelor majore de infrastructur\u0103 subteran\u0103. \u00cen timp ce capitala Italiei pune \u00een valoare artefactele \u0219i ruinele descoperite \u00een timpul lucr\u0103rilor de metrou, transform\u00e2ndu-le \u00een muzee subterane, Bucure\u0219tiul pare s\u0103 fi r\u0103mas captiv unei mentalit\u0103\u021bi care sacrific\u0103 trecutul pe altarul dezvolt\u0103rii rapide. [&hellip;]\" \/>\n<meta property=\"og:url\" content=\"https:\/\/idays.ro\/blog\/lectia-infrastructurii-cum-trateaza-roma-si-bucuresti-istoria-subterana\/\" \/>\n<meta property=\"og:site_name\" content=\"IDAYS.RO BLOG\" \/>\n<meta property=\"article:published_time\" content=\"2025-12-24T13:18:55+00:00\" \/>\n<meta property=\"og:image\" content=\"https:\/\/idays.ro\/blog\/wp-content\/uploads\/2025\/12\/planseul-unirii.jpg\" \/>\n\t<meta property=\"og:image:width\" content=\"1996\" \/>\n\t<meta property=\"og:image:height\" content=\"1123\" \/>\n\t<meta property=\"og:image:type\" content=\"image\/jpeg\" \/>\n<meta name=\"author\" content=\"liviu.andrei\" \/>\n<meta name=\"twitter:card\" content=\"summary_large_image\" \/>\n<meta name=\"twitter:label1\" content=\"Scris de\" \/>\n\t<meta name=\"twitter:data1\" content=\"liviu.andrei\" \/>\n\t<meta name=\"twitter:label2\" content=\"Timp estimat pentru citire\" \/>\n\t<meta name=\"twitter:data2\" content=\"2 minute\" \/>\n<script type=\"application\/ld+json\" class=\"yoast-schema-graph\">{\"@context\":\"https:\/\/schema.org\",\"@graph\":[{\"@type\":\"Article\",\"@id\":\"https:\/\/idays.ro\/blog\/lectia-infrastructurii-cum-trateaza-roma-si-bucuresti-istoria-subterana\/#article\",\"isPartOf\":{\"@id\":\"https:\/\/idays.ro\/blog\/lectia-infrastructurii-cum-trateaza-roma-si-bucuresti-istoria-subterana\/\"},\"author\":{\"name\":\"liviu.andrei\",\"@id\":\"https:\/\/idays.ro\/blog\/#\/schema\/person\/8b6552e1384e1ab28b8d3dc230212823\"},\"headline\":\"Lec\u021bia infrastructurii: Cum trateaz\u0103 Roma \u0219i Bucure\u0219ti istoria subteran\u0103\",\"datePublished\":\"2025-12-24T13:18:55+00:00\",\"mainEntityOfPage\":{\"@id\":\"https:\/\/idays.ro\/blog\/lectia-infrastructurii-cum-trateaza-roma-si-bucuresti-istoria-subterana\/\"},\"wordCount\":359,\"commentCount\":0,\"image\":{\"@id\":\"https:\/\/idays.ro\/blog\/lectia-infrastructurii-cum-trateaza-roma-si-bucuresti-istoria-subterana\/#primaryimage\"},\"thumbnailUrl\":\"https:\/\/idays.ro\/blog\/wp-content\/uploads\/2025\/12\/planseul-unirii.jpg\",\"articleSection\":[\"Timp liber\"],\"inLanguage\":\"ro-RO\",\"potentialAction\":[{\"@type\":\"CommentAction\",\"name\":\"Comment\",\"target\":[\"https:\/\/idays.ro\/blog\/lectia-infrastructurii-cum-trateaza-roma-si-bucuresti-istoria-subterana\/#respond\"]}]},{\"@type\":\"WebPage\",\"@id\":\"https:\/\/idays.ro\/blog\/lectia-infrastructurii-cum-trateaza-roma-si-bucuresti-istoria-subterana\/\",\"url\":\"https:\/\/idays.ro\/blog\/lectia-infrastructurii-cum-trateaza-roma-si-bucuresti-istoria-subterana\/\",\"name\":\"Lec\u021bia infrastructurii: Cum trateaz\u0103 Roma \u0219i Bucure\u0219ti istoria subteran\u0103 - IDAYS.RO BLOG\",\"isPartOf\":{\"@id\":\"https:\/\/idays.ro\/blog\/#website\"},\"primaryImageOfPage\":{\"@id\":\"https:\/\/idays.ro\/blog\/lectia-infrastructurii-cum-trateaza-roma-si-bucuresti-istoria-subterana\/#primaryimage\"},\"image\":{\"@id\":\"https:\/\/idays.ro\/blog\/lectia-infrastructurii-cum-trateaza-roma-si-bucuresti-istoria-subterana\/#primaryimage\"},\"thumbnailUrl\":\"https:\/\/idays.ro\/blog\/wp-content\/uploads\/2025\/12\/planseul-unirii.jpg\",\"datePublished\":\"2025-12-24T13:18:55+00:00\",\"author\":{\"@id\":\"https:\/\/idays.ro\/blog\/#\/schema\/person\/8b6552e1384e1ab28b8d3dc230212823\"},\"breadcrumb\":{\"@id\":\"https:\/\/idays.ro\/blog\/lectia-infrastructurii-cum-trateaza-roma-si-bucuresti-istoria-subterana\/#breadcrumb\"},\"inLanguage\":\"ro-RO\",\"potentialAction\":[{\"@type\":\"ReadAction\",\"target\":[\"https:\/\/idays.ro\/blog\/lectia-infrastructurii-cum-trateaza-roma-si-bucuresti-istoria-subterana\/\"]}]},{\"@type\":\"ImageObject\",\"inLanguage\":\"ro-RO\",\"@id\":\"https:\/\/idays.ro\/blog\/lectia-infrastructurii-cum-trateaza-roma-si-bucuresti-istoria-subterana\/#primaryimage\",\"url\":\"https:\/\/idays.ro\/blog\/wp-content\/uploads\/2025\/12\/planseul-unirii.jpg\",\"contentUrl\":\"https:\/\/idays.ro\/blog\/wp-content\/uploads\/2025\/12\/planseul-unirii.jpg\",\"width\":1996,\"height\":1123},{\"@type\":\"BreadcrumbList\",\"@id\":\"https:\/\/idays.ro\/blog\/lectia-infrastructurii-cum-trateaza-roma-si-bucuresti-istoria-subterana\/#breadcrumb\",\"itemListElement\":[{\"@type\":\"ListItem\",\"position\":1,\"name\":\"Prima pagin\u0103\",\"item\":\"https:\/\/idays.ro\/blog\/\"},{\"@type\":\"ListItem\",\"position\":2,\"name\":\"Lec\u021bia infrastructurii: Cum trateaz\u0103 Roma \u0219i Bucure\u0219ti istoria subteran\u0103\"}]},{\"@type\":\"WebSite\",\"@id\":\"https:\/\/idays.ro\/blog\/#website\",\"url\":\"https:\/\/idays.ro\/blog\/\",\"name\":\"IDAYS.RO BLOG\",\"description\":\"\",\"potentialAction\":[{\"@type\":\"SearchAction\",\"target\":{\"@type\":\"EntryPoint\",\"urlTemplate\":\"https:\/\/idays.ro\/blog\/?s={search_term_string}\"},\"query-input\":{\"@type\":\"PropertyValueSpecification\",\"valueRequired\":true,\"valueName\":\"search_term_string\"}}],\"inLanguage\":\"ro-RO\"},{\"@type\":\"Person\",\"@id\":\"https:\/\/idays.ro\/blog\/#\/schema\/person\/8b6552e1384e1ab28b8d3dc230212823\",\"name\":\"liviu.andrei\",\"image\":{\"@type\":\"ImageObject\",\"inLanguage\":\"ro-RO\",\"@id\":\"https:\/\/idays.ro\/blog\/#\/schema\/person\/image\/\",\"url\":\"https:\/\/secure.gravatar.com\/avatar\/b3f7b6799cd9cf49f1e5691003e23e3cdcfee36272b0a7e3863eb32ccb60b91a?s=96&d=mm&r=g\",\"contentUrl\":\"https:\/\/secure.gravatar.com\/avatar\/b3f7b6799cd9cf49f1e5691003e23e3cdcfee36272b0a7e3863eb32ccb60b91a?s=96&d=mm&r=g\",\"caption\":\"liviu.andrei\"},\"sameAs\":[\"https:\/\/idays.ro\/blog\"]}]}<\/script>\n<!-- \/ Yoast SEO plugin. -->","yoast_head_json":{"title":"Lec\u021bia infrastructurii: Cum trateaz\u0103 Roma \u0219i Bucure\u0219ti istoria subteran\u0103 - IDAYS.RO BLOG","robots":{"index":"index","follow":"follow","max-snippet":"max-snippet:-1","max-image-preview":"max-image-preview:large","max-video-preview":"max-video-preview:-1"},"canonical":"https:\/\/idays.ro\/blog\/lectia-infrastructurii-cum-trateaza-roma-si-bucuresti-istoria-subterana\/","og_locale":"ro_RO","og_type":"article","og_title":"Lec\u021bia infrastructurii: Cum trateaz\u0103 Roma \u0219i Bucure\u0219ti istoria subteran\u0103 - IDAYS.RO BLOG","og_description":"Dou\u0103 capitale europene, Bucure\u0219ti \u0219i Roma, dezv\u0103luie abord\u0103ri opuse privind conservarea patrimoniului \u00een contextul proiectelor majore de infrastructur\u0103 subteran\u0103. \u00cen timp ce capitala Italiei pune \u00een valoare artefactele \u0219i ruinele descoperite \u00een timpul lucr\u0103rilor de metrou, transform\u00e2ndu-le \u00een muzee subterane, Bucure\u0219tiul pare s\u0103 fi r\u0103mas captiv unei mentalit\u0103\u021bi care sacrific\u0103 trecutul pe altarul dezvolt\u0103rii rapide. [&hellip;]","og_url":"https:\/\/idays.ro\/blog\/lectia-infrastructurii-cum-trateaza-roma-si-bucuresti-istoria-subterana\/","og_site_name":"IDAYS.RO BLOG","article_published_time":"2025-12-24T13:18:55+00:00","og_image":[{"width":1996,"height":1123,"url":"https:\/\/idays.ro\/blog\/wp-content\/uploads\/2025\/12\/planseul-unirii.jpg","type":"image\/jpeg"}],"author":"liviu.andrei","twitter_card":"summary_large_image","twitter_misc":{"Scris de":"liviu.andrei","Timp estimat pentru citire":"2 minute"},"schema":{"@context":"https:\/\/schema.org","@graph":[{"@type":"Article","@id":"https:\/\/idays.ro\/blog\/lectia-infrastructurii-cum-trateaza-roma-si-bucuresti-istoria-subterana\/#article","isPartOf":{"@id":"https:\/\/idays.ro\/blog\/lectia-infrastructurii-cum-trateaza-roma-si-bucuresti-istoria-subterana\/"},"author":{"name":"liviu.andrei","@id":"https:\/\/idays.ro\/blog\/#\/schema\/person\/8b6552e1384e1ab28b8d3dc230212823"},"headline":"Lec\u021bia infrastructurii: Cum trateaz\u0103 Roma \u0219i Bucure\u0219ti istoria subteran\u0103","datePublished":"2025-12-24T13:18:55+00:00","mainEntityOfPage":{"@id":"https:\/\/idays.ro\/blog\/lectia-infrastructurii-cum-trateaza-roma-si-bucuresti-istoria-subterana\/"},"wordCount":359,"commentCount":0,"image":{"@id":"https:\/\/idays.ro\/blog\/lectia-infrastructurii-cum-trateaza-roma-si-bucuresti-istoria-subterana\/#primaryimage"},"thumbnailUrl":"https:\/\/idays.ro\/blog\/wp-content\/uploads\/2025\/12\/planseul-unirii.jpg","articleSection":["Timp liber"],"inLanguage":"ro-RO","potentialAction":[{"@type":"CommentAction","name":"Comment","target":["https:\/\/idays.ro\/blog\/lectia-infrastructurii-cum-trateaza-roma-si-bucuresti-istoria-subterana\/#respond"]}]},{"@type":"WebPage","@id":"https:\/\/idays.ro\/blog\/lectia-infrastructurii-cum-trateaza-roma-si-bucuresti-istoria-subterana\/","url":"https:\/\/idays.ro\/blog\/lectia-infrastructurii-cum-trateaza-roma-si-bucuresti-istoria-subterana\/","name":"Lec\u021bia infrastructurii: Cum trateaz\u0103 Roma \u0219i Bucure\u0219ti istoria subteran\u0103 - IDAYS.RO BLOG","isPartOf":{"@id":"https:\/\/idays.ro\/blog\/#website"},"primaryImageOfPage":{"@id":"https:\/\/idays.ro\/blog\/lectia-infrastructurii-cum-trateaza-roma-si-bucuresti-istoria-subterana\/#primaryimage"},"image":{"@id":"https:\/\/idays.ro\/blog\/lectia-infrastructurii-cum-trateaza-roma-si-bucuresti-istoria-subterana\/#primaryimage"},"thumbnailUrl":"https:\/\/idays.ro\/blog\/wp-content\/uploads\/2025\/12\/planseul-unirii.jpg","datePublished":"2025-12-24T13:18:55+00:00","author":{"@id":"https:\/\/idays.ro\/blog\/#\/schema\/person\/8b6552e1384e1ab28b8d3dc230212823"},"breadcrumb":{"@id":"https:\/\/idays.ro\/blog\/lectia-infrastructurii-cum-trateaza-roma-si-bucuresti-istoria-subterana\/#breadcrumb"},"inLanguage":"ro-RO","potentialAction":[{"@type":"ReadAction","target":["https:\/\/idays.ro\/blog\/lectia-infrastructurii-cum-trateaza-roma-si-bucuresti-istoria-subterana\/"]}]},{"@type":"ImageObject","inLanguage":"ro-RO","@id":"https:\/\/idays.ro\/blog\/lectia-infrastructurii-cum-trateaza-roma-si-bucuresti-istoria-subterana\/#primaryimage","url":"https:\/\/idays.ro\/blog\/wp-content\/uploads\/2025\/12\/planseul-unirii.jpg","contentUrl":"https:\/\/idays.ro\/blog\/wp-content\/uploads\/2025\/12\/planseul-unirii.jpg","width":1996,"height":1123},{"@type":"BreadcrumbList","@id":"https:\/\/idays.ro\/blog\/lectia-infrastructurii-cum-trateaza-roma-si-bucuresti-istoria-subterana\/#breadcrumb","itemListElement":[{"@type":"ListItem","position":1,"name":"Prima pagin\u0103","item":"https:\/\/idays.ro\/blog\/"},{"@type":"ListItem","position":2,"name":"Lec\u021bia infrastructurii: Cum trateaz\u0103 Roma \u0219i Bucure\u0219ti istoria subteran\u0103"}]},{"@type":"WebSite","@id":"https:\/\/idays.ro\/blog\/#website","url":"https:\/\/idays.ro\/blog\/","name":"IDAYS.RO BLOG","description":"","potentialAction":[{"@type":"SearchAction","target":{"@type":"EntryPoint","urlTemplate":"https:\/\/idays.ro\/blog\/?s={search_term_string}"},"query-input":{"@type":"PropertyValueSpecification","valueRequired":true,"valueName":"search_term_string"}}],"inLanguage":"ro-RO"},{"@type":"Person","@id":"https:\/\/idays.ro\/blog\/#\/schema\/person\/8b6552e1384e1ab28b8d3dc230212823","name":"liviu.andrei","image":{"@type":"ImageObject","inLanguage":"ro-RO","@id":"https:\/\/idays.ro\/blog\/#\/schema\/person\/image\/","url":"https:\/\/secure.gravatar.com\/avatar\/b3f7b6799cd9cf49f1e5691003e23e3cdcfee36272b0a7e3863eb32ccb60b91a?s=96&d=mm&r=g","contentUrl":"https:\/\/secure.gravatar.com\/avatar\/b3f7b6799cd9cf49f1e5691003e23e3cdcfee36272b0a7e3863eb32ccb60b91a?s=96&d=mm&r=g","caption":"liviu.andrei"},"sameAs":["https:\/\/idays.ro\/blog"]}]}},"_links":{"self":[{"href":"https:\/\/idays.ro\/blog\/wp-json\/wp\/v2\/posts\/1295","targetHints":{"allow":["GET"]}}],"collection":[{"href":"https:\/\/idays.ro\/blog\/wp-json\/wp\/v2\/posts"}],"about":[{"href":"https:\/\/idays.ro\/blog\/wp-json\/wp\/v2\/types\/post"}],"author":[{"embeddable":true,"href":"https:\/\/idays.ro\/blog\/wp-json\/wp\/v2\/users\/1"}],"replies":[{"embeddable":true,"href":"https:\/\/idays.ro\/blog\/wp-json\/wp\/v2\/comments?post=1295"}],"version-history":[{"count":1,"href":"https:\/\/idays.ro\/blog\/wp-json\/wp\/v2\/posts\/1295\/revisions"}],"predecessor-version":[{"id":1314,"href":"https:\/\/idays.ro\/blog\/wp-json\/wp\/v2\/posts\/1295\/revisions\/1314"}],"wp:featuredmedia":[{"embeddable":true,"href":"https:\/\/idays.ro\/blog\/wp-json\/wp\/v2\/media\/1313"}],"wp:attachment":[{"href":"https:\/\/idays.ro\/blog\/wp-json\/wp\/v2\/media?parent=1295"}],"wp:term":[{"taxonomy":"category","embeddable":true,"href":"https:\/\/idays.ro\/blog\/wp-json\/wp\/v2\/categories?post=1295"},{"taxonomy":"post_tag","embeddable":true,"href":"https:\/\/idays.ro\/blog\/wp-json\/wp\/v2\/tags?post=1295"}],"curies":[{"name":"wp","href":"https:\/\/api.w.org\/{rel}","templated":true}]}}