{"id":1221,"date":"2025-12-24T01:23:40","date_gmt":"2025-12-23T23:23:40","guid":{"rendered":"https:\/\/idays.ro\/blog\/?p=1221"},"modified":"2025-12-24T01:23:40","modified_gmt":"2025-12-23T23:23:40","slug":"cum-au-schimbat-cosmeticele-coreene-standardele-industriei-globale-de-frumusete","status":"publish","type":"post","link":"https:\/\/idays.ro\/blog\/cum-au-schimbat-cosmeticele-coreene-standardele-industriei-globale-de-frumusete\/","title":{"rendered":"Cum au schimbat cosmeticele coreene standardele industriei globale de frumuse\u021be"},"content":{"rendered":"<p>Cosmeticele coreene, cunoscute sub denumirea \u201eK-Beauty\u201d, au devenit un fenomen interna\u021bional ce a revolu\u021bionat modul \u00een care este perceput\u0103 \u0219i abordat\u0103 frumuse\u021bea. Originea lor \u00een Coreea de Sud a dat na\u0219tere unui val de produse \u0219i ritualuri de \u00eengrijire care au pus accentul pe s\u0103n\u0103tatea pielii \u0219i pe naturale\u021be, schimb\u00e2nd paradigmele tradi\u021bionale din industria cosmetic\u0103.<\/p>\n<p>\u00cen cultura coreean\u0103, frumuse\u021bea este v\u0103zut\u0103 ca un proces ce \u00eencepe din interior \u0219i care se reflect\u0103 \u00een aspectul exterior al pielii. De aici provine \u0219i buna practic\u0103 a ritualului zilnic complex de \u00eengrijire, alc\u0103tuit din mai multe etape precise, menite s\u0103 asigure o piele hidratat\u0103, echilibrat\u0103 \u0219i luminoas\u0103, fenomen numit adesea \u201eglass skin\u201d. Aceast\u0103 rutin\u0103 este mult mai detaliat\u0103 fa\u021b\u0103 de cele occidentale, ceea ce a atras aten\u021bia \u0219i a inspirat schimb\u0103ri majore la nivel global.<\/p>\n<p>Un alt aspect important al succesului K-Beauty \u00eel constituie aten\u021bia sporit\u0103 pentru inova\u021bie \u0219i cercetare \u0219tiin\u021bific\u0103. Laboratoarele coreene lucreaz\u0103 constant la dezvoltarea unor formule eficiente, integrate cu ingrediente naturale specifice \u0219i neobi\u0219nuite, cum ar fi mucina de melc sau extractul de ginseng. Aceste componente ofer\u0103 beneficii precum hidratare intens\u0103 \u0219i regenerare, f\u0103r\u0103 a cauza irita\u021bii.<\/p>\n<p>\u00cen plus, K-Beauty a introdus elemente inedite, precum m\u0103\u0219tile textile, esen\u021bele u\u0219oare \u0219i ambalajele creative, care au captat interesul unui public divers \u0219i mai ales t\u00e2n\u0103r. Pentru multe branduri occidentale, acest succes a fost un stimulent s\u0103-\u0219i adapteze formulele, s\u0103 devin\u0103 mai transparente \u0219i s\u0103 se apropie de filosofia coreean\u0103 axat\u0103 pe \u00eengrijire bl\u00e2nd\u0103 \u0219i preventiv\u0103.<\/p>\n<p>Democratizarea accesului la produse de \u00eengrijire de calitate a fost un alt factor care a contribuit la popularizarea global\u0103 a K-Beauty. Spre deosebire de multe branduri de lux, cosmeticele coreene sunt accesibile ca pre\u021b, oferind tuturor posibilitatea s\u0103 adopte o rutin\u0103 eficient\u0103. Astfel, filosofia coreean\u0103 a adus o schimbare profund\u0103 \u00een modul \u00een care \u00eentreaga lume percepe \u0219i experimenteaz\u0103 frumuse\u021bea, pun\u00e2nd \u00een centrul aten\u021biei s\u0103n\u0103tatea \u0219i respectul fa\u021b\u0103 de piele.<\/p>\n","protected":false},"excerpt":{"rendered":"<p>Cosmeticele coreene, cunoscute sub denumirea \u201eK-Beauty\u201d, au devenit un fenomen interna\u021bional ce a revolu\u021bionat modul \u00een care este perceput\u0103 \u0219i abordat\u0103 frumuse\u021bea. Originea lor \u00een Coreea de Sud a dat na\u0219tere unui val de produse \u0219i ritualuri de \u00eengrijire care au pus accentul pe s\u0103n\u0103tatea pielii \u0219i pe naturale\u021be, schimb\u00e2nd paradigmele tradi\u021bionale din industria cosmetic\u0103. [&hellip;]<\/p>\n","protected":false},"author":1,"featured_media":1222,"comment_status":"open","ping_status":"open","sticky":false,"template":"","format":"standard","meta":{"footnotes":""},"categories":[5],"tags":[],"class_list":{"0":"post-1221","1":"post","2":"type-post","3":"status-publish","4":"format-standard","5":"has-post-thumbnail","7":"category-timp-liber"},"yoast_head":"<!-- This site is optimized with the Yoast SEO plugin v26.9 - https:\/\/yoast.com\/product\/yoast-seo-wordpress\/ -->\n<title>Cum au schimbat cosmeticele coreene standardele industriei globale de frumuse\u021be - IDAYS.RO BLOG<\/title>\n<meta name=\"robots\" content=\"index, follow, max-snippet:-1, max-image-preview:large, max-video-preview:-1\" \/>\n<link rel=\"canonical\" href=\"https:\/\/idays.ro\/blog\/cum-au-schimbat-cosmeticele-coreene-standardele-industriei-globale-de-frumusete\/\" \/>\n<meta property=\"og:locale\" content=\"ro_RO\" \/>\n<meta property=\"og:type\" content=\"article\" \/>\n<meta property=\"og:title\" content=\"Cum au schimbat cosmeticele coreene standardele industriei globale de frumuse\u021be - IDAYS.RO BLOG\" \/>\n<meta property=\"og:description\" content=\"Cosmeticele coreene, cunoscute sub denumirea \u201eK-Beauty\u201d, au devenit un fenomen interna\u021bional ce a revolu\u021bionat modul \u00een care este perceput\u0103 \u0219i abordat\u0103 frumuse\u021bea. Originea lor \u00een Coreea de Sud a dat na\u0219tere unui val de produse \u0219i ritualuri de \u00eengrijire care au pus accentul pe s\u0103n\u0103tatea pielii \u0219i pe naturale\u021be, schimb\u00e2nd paradigmele tradi\u021bionale din industria cosmetic\u0103. [&hellip;]\" \/>\n<meta property=\"og:url\" content=\"https:\/\/idays.ro\/blog\/cum-au-schimbat-cosmeticele-coreene-standardele-industriei-globale-de-frumusete\/\" \/>\n<meta property=\"og:site_name\" content=\"IDAYS.RO BLOG\" \/>\n<meta property=\"article:published_time\" content=\"2025-12-23T23:23:40+00:00\" \/>\n<meta property=\"og:image\" content=\"https:\/\/idays.ro\/blog\/wp-content\/uploads\/2025\/12\/cum_au_revoluionat_cosmeticele_coreene_industria_global_de_frumusee.jpg\" \/>\n\t<meta property=\"og:image:width\" content=\"1000\" \/>\n\t<meta property=\"og:image:height\" content=\"563\" \/>\n\t<meta property=\"og:image:type\" content=\"image\/jpeg\" \/>\n<meta name=\"author\" content=\"liviu.andrei\" \/>\n<meta name=\"twitter:card\" content=\"summary_large_image\" \/>\n<meta name=\"twitter:label1\" content=\"Scris de\" \/>\n\t<meta name=\"twitter:data1\" content=\"liviu.andrei\" \/>\n\t<meta name=\"twitter:label2\" content=\"Timp estimat pentru citire\" \/>\n\t<meta name=\"twitter:data2\" content=\"2 minute\" \/>\n<script type=\"application\/ld+json\" class=\"yoast-schema-graph\">{\"@context\":\"https:\/\/schema.org\",\"@graph\":[{\"@type\":\"Article\",\"@id\":\"https:\/\/idays.ro\/blog\/cum-au-schimbat-cosmeticele-coreene-standardele-industriei-globale-de-frumusete\/#article\",\"isPartOf\":{\"@id\":\"https:\/\/idays.ro\/blog\/cum-au-schimbat-cosmeticele-coreene-standardele-industriei-globale-de-frumusete\/\"},\"author\":{\"name\":\"liviu.andrei\",\"@id\":\"https:\/\/idays.ro\/blog\/#\/schema\/person\/8b6552e1384e1ab28b8d3dc230212823\"},\"headline\":\"Cum au schimbat cosmeticele coreene standardele industriei globale de frumuse\u021be\",\"datePublished\":\"2025-12-23T23:23:40+00:00\",\"mainEntityOfPage\":{\"@id\":\"https:\/\/idays.ro\/blog\/cum-au-schimbat-cosmeticele-coreene-standardele-industriei-globale-de-frumusete\/\"},\"wordCount\":357,\"commentCount\":0,\"image\":{\"@id\":\"https:\/\/idays.ro\/blog\/cum-au-schimbat-cosmeticele-coreene-standardele-industriei-globale-de-frumusete\/#primaryimage\"},\"thumbnailUrl\":\"https:\/\/idays.ro\/blog\/wp-content\/uploads\/2025\/12\/cum_au_revoluionat_cosmeticele_coreene_industria_global_de_frumusee.jpg\",\"articleSection\":[\"Timp liber\"],\"inLanguage\":\"ro-RO\",\"potentialAction\":[{\"@type\":\"CommentAction\",\"name\":\"Comment\",\"target\":[\"https:\/\/idays.ro\/blog\/cum-au-schimbat-cosmeticele-coreene-standardele-industriei-globale-de-frumusete\/#respond\"]}]},{\"@type\":\"WebPage\",\"@id\":\"https:\/\/idays.ro\/blog\/cum-au-schimbat-cosmeticele-coreene-standardele-industriei-globale-de-frumusete\/\",\"url\":\"https:\/\/idays.ro\/blog\/cum-au-schimbat-cosmeticele-coreene-standardele-industriei-globale-de-frumusete\/\",\"name\":\"Cum au schimbat cosmeticele coreene standardele industriei globale de frumuse\u021be - IDAYS.RO BLOG\",\"isPartOf\":{\"@id\":\"https:\/\/idays.ro\/blog\/#website\"},\"primaryImageOfPage\":{\"@id\":\"https:\/\/idays.ro\/blog\/cum-au-schimbat-cosmeticele-coreene-standardele-industriei-globale-de-frumusete\/#primaryimage\"},\"image\":{\"@id\":\"https:\/\/idays.ro\/blog\/cum-au-schimbat-cosmeticele-coreene-standardele-industriei-globale-de-frumusete\/#primaryimage\"},\"thumbnailUrl\":\"https:\/\/idays.ro\/blog\/wp-content\/uploads\/2025\/12\/cum_au_revoluionat_cosmeticele_coreene_industria_global_de_frumusee.jpg\",\"datePublished\":\"2025-12-23T23:23:40+00:00\",\"author\":{\"@id\":\"https:\/\/idays.ro\/blog\/#\/schema\/person\/8b6552e1384e1ab28b8d3dc230212823\"},\"breadcrumb\":{\"@id\":\"https:\/\/idays.ro\/blog\/cum-au-schimbat-cosmeticele-coreene-standardele-industriei-globale-de-frumusete\/#breadcrumb\"},\"inLanguage\":\"ro-RO\",\"potentialAction\":[{\"@type\":\"ReadAction\",\"target\":[\"https:\/\/idays.ro\/blog\/cum-au-schimbat-cosmeticele-coreene-standardele-industriei-globale-de-frumusete\/\"]}]},{\"@type\":\"ImageObject\",\"inLanguage\":\"ro-RO\",\"@id\":\"https:\/\/idays.ro\/blog\/cum-au-schimbat-cosmeticele-coreene-standardele-industriei-globale-de-frumusete\/#primaryimage\",\"url\":\"https:\/\/idays.ro\/blog\/wp-content\/uploads\/2025\/12\/cum_au_revoluionat_cosmeticele_coreene_industria_global_de_frumusee.jpg\",\"contentUrl\":\"https:\/\/idays.ro\/blog\/wp-content\/uploads\/2025\/12\/cum_au_revoluionat_cosmeticele_coreene_industria_global_de_frumusee.jpg\",\"width\":1000,\"height\":563},{\"@type\":\"BreadcrumbList\",\"@id\":\"https:\/\/idays.ro\/blog\/cum-au-schimbat-cosmeticele-coreene-standardele-industriei-globale-de-frumusete\/#breadcrumb\",\"itemListElement\":[{\"@type\":\"ListItem\",\"position\":1,\"name\":\"Prima pagin\u0103\",\"item\":\"https:\/\/idays.ro\/blog\/\"},{\"@type\":\"ListItem\",\"position\":2,\"name\":\"Cum au schimbat cosmeticele coreene standardele industriei globale de frumuse\u021be\"}]},{\"@type\":\"WebSite\",\"@id\":\"https:\/\/idays.ro\/blog\/#website\",\"url\":\"https:\/\/idays.ro\/blog\/\",\"name\":\"IDAYS.RO BLOG\",\"description\":\"\",\"potentialAction\":[{\"@type\":\"SearchAction\",\"target\":{\"@type\":\"EntryPoint\",\"urlTemplate\":\"https:\/\/idays.ro\/blog\/?s={search_term_string}\"},\"query-input\":{\"@type\":\"PropertyValueSpecification\",\"valueRequired\":true,\"valueName\":\"search_term_string\"}}],\"inLanguage\":\"ro-RO\"},{\"@type\":\"Person\",\"@id\":\"https:\/\/idays.ro\/blog\/#\/schema\/person\/8b6552e1384e1ab28b8d3dc230212823\",\"name\":\"liviu.andrei\",\"image\":{\"@type\":\"ImageObject\",\"inLanguage\":\"ro-RO\",\"@id\":\"https:\/\/idays.ro\/blog\/#\/schema\/person\/image\/\",\"url\":\"https:\/\/secure.gravatar.com\/avatar\/b3f7b6799cd9cf49f1e5691003e23e3cdcfee36272b0a7e3863eb32ccb60b91a?s=96&d=mm&r=g\",\"contentUrl\":\"https:\/\/secure.gravatar.com\/avatar\/b3f7b6799cd9cf49f1e5691003e23e3cdcfee36272b0a7e3863eb32ccb60b91a?s=96&d=mm&r=g\",\"caption\":\"liviu.andrei\"},\"sameAs\":[\"https:\/\/idays.ro\/blog\"]}]}<\/script>\n<!-- \/ Yoast SEO plugin. -->","yoast_head_json":{"title":"Cum au schimbat cosmeticele coreene standardele industriei globale de frumuse\u021be - IDAYS.RO BLOG","robots":{"index":"index","follow":"follow","max-snippet":"max-snippet:-1","max-image-preview":"max-image-preview:large","max-video-preview":"max-video-preview:-1"},"canonical":"https:\/\/idays.ro\/blog\/cum-au-schimbat-cosmeticele-coreene-standardele-industriei-globale-de-frumusete\/","og_locale":"ro_RO","og_type":"article","og_title":"Cum au schimbat cosmeticele coreene standardele industriei globale de frumuse\u021be - IDAYS.RO BLOG","og_description":"Cosmeticele coreene, cunoscute sub denumirea \u201eK-Beauty\u201d, au devenit un fenomen interna\u021bional ce a revolu\u021bionat modul \u00een care este perceput\u0103 \u0219i abordat\u0103 frumuse\u021bea. Originea lor \u00een Coreea de Sud a dat na\u0219tere unui val de produse \u0219i ritualuri de \u00eengrijire care au pus accentul pe s\u0103n\u0103tatea pielii \u0219i pe naturale\u021be, schimb\u00e2nd paradigmele tradi\u021bionale din industria cosmetic\u0103. [&hellip;]","og_url":"https:\/\/idays.ro\/blog\/cum-au-schimbat-cosmeticele-coreene-standardele-industriei-globale-de-frumusete\/","og_site_name":"IDAYS.RO BLOG","article_published_time":"2025-12-23T23:23:40+00:00","og_image":[{"width":1000,"height":563,"url":"https:\/\/idays.ro\/blog\/wp-content\/uploads\/2025\/12\/cum_au_revoluionat_cosmeticele_coreene_industria_global_de_frumusee.jpg","type":"image\/jpeg"}],"author":"liviu.andrei","twitter_card":"summary_large_image","twitter_misc":{"Scris de":"liviu.andrei","Timp estimat pentru citire":"2 minute"},"schema":{"@context":"https:\/\/schema.org","@graph":[{"@type":"Article","@id":"https:\/\/idays.ro\/blog\/cum-au-schimbat-cosmeticele-coreene-standardele-industriei-globale-de-frumusete\/#article","isPartOf":{"@id":"https:\/\/idays.ro\/blog\/cum-au-schimbat-cosmeticele-coreene-standardele-industriei-globale-de-frumusete\/"},"author":{"name":"liviu.andrei","@id":"https:\/\/idays.ro\/blog\/#\/schema\/person\/8b6552e1384e1ab28b8d3dc230212823"},"headline":"Cum au schimbat cosmeticele coreene standardele industriei globale de frumuse\u021be","datePublished":"2025-12-23T23:23:40+00:00","mainEntityOfPage":{"@id":"https:\/\/idays.ro\/blog\/cum-au-schimbat-cosmeticele-coreene-standardele-industriei-globale-de-frumusete\/"},"wordCount":357,"commentCount":0,"image":{"@id":"https:\/\/idays.ro\/blog\/cum-au-schimbat-cosmeticele-coreene-standardele-industriei-globale-de-frumusete\/#primaryimage"},"thumbnailUrl":"https:\/\/idays.ro\/blog\/wp-content\/uploads\/2025\/12\/cum_au_revoluionat_cosmeticele_coreene_industria_global_de_frumusee.jpg","articleSection":["Timp liber"],"inLanguage":"ro-RO","potentialAction":[{"@type":"CommentAction","name":"Comment","target":["https:\/\/idays.ro\/blog\/cum-au-schimbat-cosmeticele-coreene-standardele-industriei-globale-de-frumusete\/#respond"]}]},{"@type":"WebPage","@id":"https:\/\/idays.ro\/blog\/cum-au-schimbat-cosmeticele-coreene-standardele-industriei-globale-de-frumusete\/","url":"https:\/\/idays.ro\/blog\/cum-au-schimbat-cosmeticele-coreene-standardele-industriei-globale-de-frumusete\/","name":"Cum au schimbat cosmeticele coreene standardele industriei globale de frumuse\u021be - IDAYS.RO BLOG","isPartOf":{"@id":"https:\/\/idays.ro\/blog\/#website"},"primaryImageOfPage":{"@id":"https:\/\/idays.ro\/blog\/cum-au-schimbat-cosmeticele-coreene-standardele-industriei-globale-de-frumusete\/#primaryimage"},"image":{"@id":"https:\/\/idays.ro\/blog\/cum-au-schimbat-cosmeticele-coreene-standardele-industriei-globale-de-frumusete\/#primaryimage"},"thumbnailUrl":"https:\/\/idays.ro\/blog\/wp-content\/uploads\/2025\/12\/cum_au_revoluionat_cosmeticele_coreene_industria_global_de_frumusee.jpg","datePublished":"2025-12-23T23:23:40+00:00","author":{"@id":"https:\/\/idays.ro\/blog\/#\/schema\/person\/8b6552e1384e1ab28b8d3dc230212823"},"breadcrumb":{"@id":"https:\/\/idays.ro\/blog\/cum-au-schimbat-cosmeticele-coreene-standardele-industriei-globale-de-frumusete\/#breadcrumb"},"inLanguage":"ro-RO","potentialAction":[{"@type":"ReadAction","target":["https:\/\/idays.ro\/blog\/cum-au-schimbat-cosmeticele-coreene-standardele-industriei-globale-de-frumusete\/"]}]},{"@type":"ImageObject","inLanguage":"ro-RO","@id":"https:\/\/idays.ro\/blog\/cum-au-schimbat-cosmeticele-coreene-standardele-industriei-globale-de-frumusete\/#primaryimage","url":"https:\/\/idays.ro\/blog\/wp-content\/uploads\/2025\/12\/cum_au_revoluionat_cosmeticele_coreene_industria_global_de_frumusee.jpg","contentUrl":"https:\/\/idays.ro\/blog\/wp-content\/uploads\/2025\/12\/cum_au_revoluionat_cosmeticele_coreene_industria_global_de_frumusee.jpg","width":1000,"height":563},{"@type":"BreadcrumbList","@id":"https:\/\/idays.ro\/blog\/cum-au-schimbat-cosmeticele-coreene-standardele-industriei-globale-de-frumusete\/#breadcrumb","itemListElement":[{"@type":"ListItem","position":1,"name":"Prima pagin\u0103","item":"https:\/\/idays.ro\/blog\/"},{"@type":"ListItem","position":2,"name":"Cum au schimbat cosmeticele coreene standardele industriei globale de frumuse\u021be"}]},{"@type":"WebSite","@id":"https:\/\/idays.ro\/blog\/#website","url":"https:\/\/idays.ro\/blog\/","name":"IDAYS.RO BLOG","description":"","potentialAction":[{"@type":"SearchAction","target":{"@type":"EntryPoint","urlTemplate":"https:\/\/idays.ro\/blog\/?s={search_term_string}"},"query-input":{"@type":"PropertyValueSpecification","valueRequired":true,"valueName":"search_term_string"}}],"inLanguage":"ro-RO"},{"@type":"Person","@id":"https:\/\/idays.ro\/blog\/#\/schema\/person\/8b6552e1384e1ab28b8d3dc230212823","name":"liviu.andrei","image":{"@type":"ImageObject","inLanguage":"ro-RO","@id":"https:\/\/idays.ro\/blog\/#\/schema\/person\/image\/","url":"https:\/\/secure.gravatar.com\/avatar\/b3f7b6799cd9cf49f1e5691003e23e3cdcfee36272b0a7e3863eb32ccb60b91a?s=96&d=mm&r=g","contentUrl":"https:\/\/secure.gravatar.com\/avatar\/b3f7b6799cd9cf49f1e5691003e23e3cdcfee36272b0a7e3863eb32ccb60b91a?s=96&d=mm&r=g","caption":"liviu.andrei"},"sameAs":["https:\/\/idays.ro\/blog"]}]}},"_links":{"self":[{"href":"https:\/\/idays.ro\/blog\/wp-json\/wp\/v2\/posts\/1221","targetHints":{"allow":["GET"]}}],"collection":[{"href":"https:\/\/idays.ro\/blog\/wp-json\/wp\/v2\/posts"}],"about":[{"href":"https:\/\/idays.ro\/blog\/wp-json\/wp\/v2\/types\/post"}],"author":[{"embeddable":true,"href":"https:\/\/idays.ro\/blog\/wp-json\/wp\/v2\/users\/1"}],"replies":[{"embeddable":true,"href":"https:\/\/idays.ro\/blog\/wp-json\/wp\/v2\/comments?post=1221"}],"version-history":[{"count":1,"href":"https:\/\/idays.ro\/blog\/wp-json\/wp\/v2\/posts\/1221\/revisions"}],"predecessor-version":[{"id":1224,"href":"https:\/\/idays.ro\/blog\/wp-json\/wp\/v2\/posts\/1221\/revisions\/1224"}],"wp:featuredmedia":[{"embeddable":true,"href":"https:\/\/idays.ro\/blog\/wp-json\/wp\/v2\/media\/1222"}],"wp:attachment":[{"href":"https:\/\/idays.ro\/blog\/wp-json\/wp\/v2\/media?parent=1221"}],"wp:term":[{"taxonomy":"category","embeddable":true,"href":"https:\/\/idays.ro\/blog\/wp-json\/wp\/v2\/categories?post=1221"},{"taxonomy":"post_tag","embeddable":true,"href":"https:\/\/idays.ro\/blog\/wp-json\/wp\/v2\/tags?post=1221"}],"curies":[{"name":"wp","href":"https:\/\/api.w.org\/{rel}","templated":true}]}}