{"id":1216,"date":"2025-12-24T01:31:54","date_gmt":"2025-12-23T23:31:54","guid":{"rendered":"https:\/\/idays.ro\/blog\/?p=1216"},"modified":"2025-12-24T01:31:54","modified_gmt":"2025-12-23T23:31:54","slug":"traditii-diverse-din-europa-de-est-pentru-sarbatoarea-sfantului-nicolae","status":"publish","type":"post","link":"https:\/\/idays.ro\/blog\/traditii-diverse-din-europa-de-est-pentru-sarbatoarea-sfantului-nicolae\/","title":{"rendered":"Tradi\u021bii diverse din Europa de Est pentru s\u0103rb\u0103toarea Sf\u00e2ntului Nicolae"},"content":{"rendered":"<p>Ziua Sf\u00e2ntului Nicolae este celebrat\u0103 diferit \u00een \u021b\u0103rile Europei Centrale \u0219i de Est, cu obiceiuri \u00eenc\u0103rcate de simbolism ce reflect\u0103 istoria \u0219i cultura local\u0103. \u00cen Ungaria \u0219i Slovacia, de exemplu, personajul Krampus, un demon \u00eensp\u0103im\u00e2nt\u0103tor, \u00eenso\u021be\u0219te Sf\u00e2ntul Nicolae, juc\u00e2nd un rol disciplinar \u0219i pun\u00e2nd \u00een eviden\u021b\u0103 partea moral\u0103 a s\u0103rb\u0103torii. Aceast\u0103 combina\u021bie \u00eentre recompens\u0103 \u0219i pedeaps\u0103 este o tr\u0103s\u0103tur\u0103 definitorie pentru aceste zone.  <\/p>\n<p>\u00cen Polonia, caracterul religios al zilei de 6 decembrie este foarte puternic. S\u0103rb\u0103toarea este marcat\u0103 prin liturghii, procesiuni \u0219i acte de caritate, iar accentul cade pe gesturile morale \u0219i ajutorarea celor nevoia\u0219i. Astfel, darurile pentru copii sunt mai modeste, iar importan\u021ba zilei este una spiritual\u0103 \u0219i social\u0103.  <\/p>\n<p>Cehia se distinge prin parade spectaculoase cu personaje costumate, inclusiv Sf\u00e2ntul Nicolae, \u00eengeri \u0219i demoni. Aceste parade, care transform\u0103 ora\u0219ele \u00een adev\u0103rate scene de teatru, sunt o tradi\u021bie veche ce aduce comunit\u0103\u021bile \u00eempreun\u0103, \u00eentr-un spectacol ce \u00eenc\u00e2nt\u0103 at\u00e2t copiii, c\u00e2t \u0219i adul\u021bii. Este o manifestare public\u0103 a s\u0103rb\u0103torii, \u00een contrast cu tradi\u021biile mai intime din alte \u021b\u0103ri.  <\/p>\n<p>\u00cen \u021b\u0103rile din Peninsula Balcanic\u0103, cum ar fi Croa\u021bia, Slovenia \u0219i Serbia, s\u0103rb\u0103toarea Sf\u00e2ntului Nicolae are o combina\u021bie de influen\u021be slave \u0219i cre\u0219tine ortodoxe sau catolice. \u00cen Serbia, de exemplu, ziua este punctat\u0103 de slujbe religioase \u0219i \u00eent\u00e2lniri \u00een s\u00e2nul familiei, iar Sf\u00e2ntul Nicolae este considerat protectorul gospod\u0103riei.  <\/p>\n<p>\u00cen Rom\u00e2nia, tradi\u021bia Sf\u00e2ntului Nicolae se afl\u0103 undeva la mijloc \u00eentre folclor \u0219i religie. Se obi\u0219nuie\u0219te s\u0103 se pun\u0103 \u00een ghetu\u021be cadouri mici \u0219i simbolice, iar nuielu\u0219a reprezint\u0103 o form\u0103 bl\u00e2nd\u0103 de avertizare pentru copiii neascult\u0103tori. \u00cen mediul rural, obiceiurile sunt mai bogate \u00een semnifica\u021bii, cum ar fi credin\u021ba c\u0103 Sf\u00e2ntul Nicolae aduce prima z\u0103pad\u0103. Totodat\u0103, \u00een zonele urbane tradi\u021bia a suferit o modernizare, p\u0103str\u00e2nd \u00een acela\u0219i timp esen\u021ba s\u0103rb\u0103torii.  <\/p>\n<p>Astfel, s\u0103rb\u0103toarea Sf\u00e2ntului Nicolae reflect\u0103 \u00een Europa de Est o diversitate cultural\u0103 remarcabil\u0103, ce variaz\u0103 de la parcursuri religioase solemne la spectacole populare \u0219i obiceiuri de familie uitate \u00een timp. Fiecare \u021bar\u0103, cu tradi\u021biile sale distincte, adaug\u0103 culoare \u0219i profunzime acestei frumoase s\u0103rb\u0103tori de iarn\u0103.<\/p>\n","protected":false},"excerpt":{"rendered":"<p>Ziua Sf\u00e2ntului Nicolae este celebrat\u0103 diferit \u00een \u021b\u0103rile Europei Centrale \u0219i de Est, cu obiceiuri \u00eenc\u0103rcate de simbolism ce reflect\u0103 istoria \u0219i cultura local\u0103. \u00cen Ungaria \u0219i Slovacia, de exemplu, personajul Krampus, un demon \u00eensp\u0103im\u00e2nt\u0103tor, \u00eenso\u021be\u0219te Sf\u00e2ntul Nicolae, juc\u00e2nd un rol disciplinar \u0219i pun\u00e2nd \u00een eviden\u021b\u0103 partea moral\u0103 a s\u0103rb\u0103torii. Aceast\u0103 combina\u021bie \u00eentre recompens\u0103 \u0219i [&hellip;]<\/p>\n","protected":false},"author":1,"featured_media":1217,"comment_status":"open","ping_status":"open","sticky":false,"template":"","format":"standard","meta":{"footnotes":""},"categories":[5],"tags":[],"class_list":{"0":"post-1216","1":"post","2":"type-post","3":"status-publish","4":"format-standard","5":"has-post-thumbnail","7":"category-timp-liber"},"yoast_head":"<!-- This site is optimized with the Yoast SEO plugin v26.9 - https:\/\/yoast.com\/product\/yoast-seo-wordpress\/ -->\n<title>Tradi\u021bii diverse din Europa de Est pentru s\u0103rb\u0103toarea Sf\u00e2ntului Nicolae - IDAYS.RO BLOG<\/title>\n<meta name=\"robots\" content=\"index, follow, max-snippet:-1, max-image-preview:large, max-video-preview:-1\" \/>\n<link rel=\"canonical\" href=\"https:\/\/idays.ro\/blog\/traditii-diverse-din-europa-de-est-pentru-sarbatoarea-sfantului-nicolae\/\" \/>\n<meta property=\"og:locale\" content=\"ro_RO\" \/>\n<meta property=\"og:type\" content=\"article\" \/>\n<meta property=\"og:title\" content=\"Tradi\u021bii diverse din Europa de Est pentru s\u0103rb\u0103toarea Sf\u00e2ntului Nicolae - IDAYS.RO BLOG\" \/>\n<meta property=\"og:description\" content=\"Ziua Sf\u00e2ntului Nicolae este celebrat\u0103 diferit \u00een \u021b\u0103rile Europei Centrale \u0219i de Est, cu obiceiuri \u00eenc\u0103rcate de simbolism ce reflect\u0103 istoria \u0219i cultura local\u0103. \u00cen Ungaria \u0219i Slovacia, de exemplu, personajul Krampus, un demon \u00eensp\u0103im\u00e2nt\u0103tor, \u00eenso\u021be\u0219te Sf\u00e2ntul Nicolae, juc\u00e2nd un rol disciplinar \u0219i pun\u00e2nd \u00een eviden\u021b\u0103 partea moral\u0103 a s\u0103rb\u0103torii. Aceast\u0103 combina\u021bie \u00eentre recompens\u0103 \u0219i [&hellip;]\" \/>\n<meta property=\"og:url\" content=\"https:\/\/idays.ro\/blog\/traditii-diverse-din-europa-de-est-pentru-sarbatoarea-sfantului-nicolae\/\" \/>\n<meta property=\"og:site_name\" content=\"IDAYS.RO BLOG\" \/>\n<meta property=\"article:published_time\" content=\"2025-12-23T23:31:54+00:00\" \/>\n<meta property=\"og:image\" content=\"https:\/\/idays.ro\/blog\/wp-content\/uploads\/2025\/12\/Mos-Nicolae-1.jpg\" \/>\n\t<meta property=\"og:image:width\" content=\"1200\" \/>\n\t<meta property=\"og:image:height\" content=\"800\" \/>\n\t<meta property=\"og:image:type\" content=\"image\/jpeg\" \/>\n<meta name=\"author\" content=\"liviu.andrei\" \/>\n<meta name=\"twitter:card\" content=\"summary_large_image\" \/>\n<meta name=\"twitter:label1\" content=\"Scris de\" \/>\n\t<meta name=\"twitter:data1\" content=\"liviu.andrei\" \/>\n\t<meta name=\"twitter:label2\" content=\"Timp estimat pentru citire\" \/>\n\t<meta name=\"twitter:data2\" content=\"3 minute\" \/>\n<script type=\"application\/ld+json\" class=\"yoast-schema-graph\">{\"@context\":\"https:\/\/schema.org\",\"@graph\":[{\"@type\":\"Article\",\"@id\":\"https:\/\/idays.ro\/blog\/traditii-diverse-din-europa-de-est-pentru-sarbatoarea-sfantului-nicolae\/#article\",\"isPartOf\":{\"@id\":\"https:\/\/idays.ro\/blog\/traditii-diverse-din-europa-de-est-pentru-sarbatoarea-sfantului-nicolae\/\"},\"author\":{\"name\":\"liviu.andrei\",\"@id\":\"https:\/\/idays.ro\/blog\/#\/schema\/person\/8b6552e1384e1ab28b8d3dc230212823\"},\"headline\":\"Tradi\u021bii diverse din Europa de Est pentru s\u0103rb\u0103toarea Sf\u00e2ntului Nicolae\",\"datePublished\":\"2025-12-23T23:31:54+00:00\",\"mainEntityOfPage\":{\"@id\":\"https:\/\/idays.ro\/blog\/traditii-diverse-din-europa-de-est-pentru-sarbatoarea-sfantului-nicolae\/\"},\"wordCount\":411,\"commentCount\":0,\"image\":{\"@id\":\"https:\/\/idays.ro\/blog\/traditii-diverse-din-europa-de-est-pentru-sarbatoarea-sfantului-nicolae\/#primaryimage\"},\"thumbnailUrl\":\"https:\/\/idays.ro\/blog\/wp-content\/uploads\/2025\/12\/Mos-Nicolae-1.jpg\",\"articleSection\":[\"Timp liber\"],\"inLanguage\":\"ro-RO\",\"potentialAction\":[{\"@type\":\"CommentAction\",\"name\":\"Comment\",\"target\":[\"https:\/\/idays.ro\/blog\/traditii-diverse-din-europa-de-est-pentru-sarbatoarea-sfantului-nicolae\/#respond\"]}]},{\"@type\":\"WebPage\",\"@id\":\"https:\/\/idays.ro\/blog\/traditii-diverse-din-europa-de-est-pentru-sarbatoarea-sfantului-nicolae\/\",\"url\":\"https:\/\/idays.ro\/blog\/traditii-diverse-din-europa-de-est-pentru-sarbatoarea-sfantului-nicolae\/\",\"name\":\"Tradi\u021bii diverse din Europa de Est pentru s\u0103rb\u0103toarea Sf\u00e2ntului Nicolae - IDAYS.RO BLOG\",\"isPartOf\":{\"@id\":\"https:\/\/idays.ro\/blog\/#website\"},\"primaryImageOfPage\":{\"@id\":\"https:\/\/idays.ro\/blog\/traditii-diverse-din-europa-de-est-pentru-sarbatoarea-sfantului-nicolae\/#primaryimage\"},\"image\":{\"@id\":\"https:\/\/idays.ro\/blog\/traditii-diverse-din-europa-de-est-pentru-sarbatoarea-sfantului-nicolae\/#primaryimage\"},\"thumbnailUrl\":\"https:\/\/idays.ro\/blog\/wp-content\/uploads\/2025\/12\/Mos-Nicolae-1.jpg\",\"datePublished\":\"2025-12-23T23:31:54+00:00\",\"author\":{\"@id\":\"https:\/\/idays.ro\/blog\/#\/schema\/person\/8b6552e1384e1ab28b8d3dc230212823\"},\"breadcrumb\":{\"@id\":\"https:\/\/idays.ro\/blog\/traditii-diverse-din-europa-de-est-pentru-sarbatoarea-sfantului-nicolae\/#breadcrumb\"},\"inLanguage\":\"ro-RO\",\"potentialAction\":[{\"@type\":\"ReadAction\",\"target\":[\"https:\/\/idays.ro\/blog\/traditii-diverse-din-europa-de-est-pentru-sarbatoarea-sfantului-nicolae\/\"]}]},{\"@type\":\"ImageObject\",\"inLanguage\":\"ro-RO\",\"@id\":\"https:\/\/idays.ro\/blog\/traditii-diverse-din-europa-de-est-pentru-sarbatoarea-sfantului-nicolae\/#primaryimage\",\"url\":\"https:\/\/idays.ro\/blog\/wp-content\/uploads\/2025\/12\/Mos-Nicolae-1.jpg\",\"contentUrl\":\"https:\/\/idays.ro\/blog\/wp-content\/uploads\/2025\/12\/Mos-Nicolae-1.jpg\",\"width\":1200,\"height\":800},{\"@type\":\"BreadcrumbList\",\"@id\":\"https:\/\/idays.ro\/blog\/traditii-diverse-din-europa-de-est-pentru-sarbatoarea-sfantului-nicolae\/#breadcrumb\",\"itemListElement\":[{\"@type\":\"ListItem\",\"position\":1,\"name\":\"Prima pagin\u0103\",\"item\":\"https:\/\/idays.ro\/blog\/\"},{\"@type\":\"ListItem\",\"position\":2,\"name\":\"Tradi\u021bii diverse din Europa de Est pentru s\u0103rb\u0103toarea Sf\u00e2ntului Nicolae\"}]},{\"@type\":\"WebSite\",\"@id\":\"https:\/\/idays.ro\/blog\/#website\",\"url\":\"https:\/\/idays.ro\/blog\/\",\"name\":\"IDAYS.RO BLOG\",\"description\":\"\",\"potentialAction\":[{\"@type\":\"SearchAction\",\"target\":{\"@type\":\"EntryPoint\",\"urlTemplate\":\"https:\/\/idays.ro\/blog\/?s={search_term_string}\"},\"query-input\":{\"@type\":\"PropertyValueSpecification\",\"valueRequired\":true,\"valueName\":\"search_term_string\"}}],\"inLanguage\":\"ro-RO\"},{\"@type\":\"Person\",\"@id\":\"https:\/\/idays.ro\/blog\/#\/schema\/person\/8b6552e1384e1ab28b8d3dc230212823\",\"name\":\"liviu.andrei\",\"image\":{\"@type\":\"ImageObject\",\"inLanguage\":\"ro-RO\",\"@id\":\"https:\/\/idays.ro\/blog\/#\/schema\/person\/image\/\",\"url\":\"https:\/\/secure.gravatar.com\/avatar\/b3f7b6799cd9cf49f1e5691003e23e3cdcfee36272b0a7e3863eb32ccb60b91a?s=96&d=mm&r=g\",\"contentUrl\":\"https:\/\/secure.gravatar.com\/avatar\/b3f7b6799cd9cf49f1e5691003e23e3cdcfee36272b0a7e3863eb32ccb60b91a?s=96&d=mm&r=g\",\"caption\":\"liviu.andrei\"},\"sameAs\":[\"https:\/\/idays.ro\/blog\"]}]}<\/script>\n<!-- \/ Yoast SEO plugin. -->","yoast_head_json":{"title":"Tradi\u021bii diverse din Europa de Est pentru s\u0103rb\u0103toarea Sf\u00e2ntului Nicolae - IDAYS.RO BLOG","robots":{"index":"index","follow":"follow","max-snippet":"max-snippet:-1","max-image-preview":"max-image-preview:large","max-video-preview":"max-video-preview:-1"},"canonical":"https:\/\/idays.ro\/blog\/traditii-diverse-din-europa-de-est-pentru-sarbatoarea-sfantului-nicolae\/","og_locale":"ro_RO","og_type":"article","og_title":"Tradi\u021bii diverse din Europa de Est pentru s\u0103rb\u0103toarea Sf\u00e2ntului Nicolae - IDAYS.RO BLOG","og_description":"Ziua Sf\u00e2ntului Nicolae este celebrat\u0103 diferit \u00een \u021b\u0103rile Europei Centrale \u0219i de Est, cu obiceiuri \u00eenc\u0103rcate de simbolism ce reflect\u0103 istoria \u0219i cultura local\u0103. \u00cen Ungaria \u0219i Slovacia, de exemplu, personajul Krampus, un demon \u00eensp\u0103im\u00e2nt\u0103tor, \u00eenso\u021be\u0219te Sf\u00e2ntul Nicolae, juc\u00e2nd un rol disciplinar \u0219i pun\u00e2nd \u00een eviden\u021b\u0103 partea moral\u0103 a s\u0103rb\u0103torii. Aceast\u0103 combina\u021bie \u00eentre recompens\u0103 \u0219i [&hellip;]","og_url":"https:\/\/idays.ro\/blog\/traditii-diverse-din-europa-de-est-pentru-sarbatoarea-sfantului-nicolae\/","og_site_name":"IDAYS.RO BLOG","article_published_time":"2025-12-23T23:31:54+00:00","og_image":[{"width":1200,"height":800,"url":"https:\/\/idays.ro\/blog\/wp-content\/uploads\/2025\/12\/Mos-Nicolae-1.jpg","type":"image\/jpeg"}],"author":"liviu.andrei","twitter_card":"summary_large_image","twitter_misc":{"Scris de":"liviu.andrei","Timp estimat pentru citire":"3 minute"},"schema":{"@context":"https:\/\/schema.org","@graph":[{"@type":"Article","@id":"https:\/\/idays.ro\/blog\/traditii-diverse-din-europa-de-est-pentru-sarbatoarea-sfantului-nicolae\/#article","isPartOf":{"@id":"https:\/\/idays.ro\/blog\/traditii-diverse-din-europa-de-est-pentru-sarbatoarea-sfantului-nicolae\/"},"author":{"name":"liviu.andrei","@id":"https:\/\/idays.ro\/blog\/#\/schema\/person\/8b6552e1384e1ab28b8d3dc230212823"},"headline":"Tradi\u021bii diverse din Europa de Est pentru s\u0103rb\u0103toarea Sf\u00e2ntului Nicolae","datePublished":"2025-12-23T23:31:54+00:00","mainEntityOfPage":{"@id":"https:\/\/idays.ro\/blog\/traditii-diverse-din-europa-de-est-pentru-sarbatoarea-sfantului-nicolae\/"},"wordCount":411,"commentCount":0,"image":{"@id":"https:\/\/idays.ro\/blog\/traditii-diverse-din-europa-de-est-pentru-sarbatoarea-sfantului-nicolae\/#primaryimage"},"thumbnailUrl":"https:\/\/idays.ro\/blog\/wp-content\/uploads\/2025\/12\/Mos-Nicolae-1.jpg","articleSection":["Timp liber"],"inLanguage":"ro-RO","potentialAction":[{"@type":"CommentAction","name":"Comment","target":["https:\/\/idays.ro\/blog\/traditii-diverse-din-europa-de-est-pentru-sarbatoarea-sfantului-nicolae\/#respond"]}]},{"@type":"WebPage","@id":"https:\/\/idays.ro\/blog\/traditii-diverse-din-europa-de-est-pentru-sarbatoarea-sfantului-nicolae\/","url":"https:\/\/idays.ro\/blog\/traditii-diverse-din-europa-de-est-pentru-sarbatoarea-sfantului-nicolae\/","name":"Tradi\u021bii diverse din Europa de Est pentru s\u0103rb\u0103toarea Sf\u00e2ntului Nicolae - IDAYS.RO BLOG","isPartOf":{"@id":"https:\/\/idays.ro\/blog\/#website"},"primaryImageOfPage":{"@id":"https:\/\/idays.ro\/blog\/traditii-diverse-din-europa-de-est-pentru-sarbatoarea-sfantului-nicolae\/#primaryimage"},"image":{"@id":"https:\/\/idays.ro\/blog\/traditii-diverse-din-europa-de-est-pentru-sarbatoarea-sfantului-nicolae\/#primaryimage"},"thumbnailUrl":"https:\/\/idays.ro\/blog\/wp-content\/uploads\/2025\/12\/Mos-Nicolae-1.jpg","datePublished":"2025-12-23T23:31:54+00:00","author":{"@id":"https:\/\/idays.ro\/blog\/#\/schema\/person\/8b6552e1384e1ab28b8d3dc230212823"},"breadcrumb":{"@id":"https:\/\/idays.ro\/blog\/traditii-diverse-din-europa-de-est-pentru-sarbatoarea-sfantului-nicolae\/#breadcrumb"},"inLanguage":"ro-RO","potentialAction":[{"@type":"ReadAction","target":["https:\/\/idays.ro\/blog\/traditii-diverse-din-europa-de-est-pentru-sarbatoarea-sfantului-nicolae\/"]}]},{"@type":"ImageObject","inLanguage":"ro-RO","@id":"https:\/\/idays.ro\/blog\/traditii-diverse-din-europa-de-est-pentru-sarbatoarea-sfantului-nicolae\/#primaryimage","url":"https:\/\/idays.ro\/blog\/wp-content\/uploads\/2025\/12\/Mos-Nicolae-1.jpg","contentUrl":"https:\/\/idays.ro\/blog\/wp-content\/uploads\/2025\/12\/Mos-Nicolae-1.jpg","width":1200,"height":800},{"@type":"BreadcrumbList","@id":"https:\/\/idays.ro\/blog\/traditii-diverse-din-europa-de-est-pentru-sarbatoarea-sfantului-nicolae\/#breadcrumb","itemListElement":[{"@type":"ListItem","position":1,"name":"Prima pagin\u0103","item":"https:\/\/idays.ro\/blog\/"},{"@type":"ListItem","position":2,"name":"Tradi\u021bii diverse din Europa de Est pentru s\u0103rb\u0103toarea Sf\u00e2ntului Nicolae"}]},{"@type":"WebSite","@id":"https:\/\/idays.ro\/blog\/#website","url":"https:\/\/idays.ro\/blog\/","name":"IDAYS.RO BLOG","description":"","potentialAction":[{"@type":"SearchAction","target":{"@type":"EntryPoint","urlTemplate":"https:\/\/idays.ro\/blog\/?s={search_term_string}"},"query-input":{"@type":"PropertyValueSpecification","valueRequired":true,"valueName":"search_term_string"}}],"inLanguage":"ro-RO"},{"@type":"Person","@id":"https:\/\/idays.ro\/blog\/#\/schema\/person\/8b6552e1384e1ab28b8d3dc230212823","name":"liviu.andrei","image":{"@type":"ImageObject","inLanguage":"ro-RO","@id":"https:\/\/idays.ro\/blog\/#\/schema\/person\/image\/","url":"https:\/\/secure.gravatar.com\/avatar\/b3f7b6799cd9cf49f1e5691003e23e3cdcfee36272b0a7e3863eb32ccb60b91a?s=96&d=mm&r=g","contentUrl":"https:\/\/secure.gravatar.com\/avatar\/b3f7b6799cd9cf49f1e5691003e23e3cdcfee36272b0a7e3863eb32ccb60b91a?s=96&d=mm&r=g","caption":"liviu.andrei"},"sameAs":["https:\/\/idays.ro\/blog"]}]}},"_links":{"self":[{"href":"https:\/\/idays.ro\/blog\/wp-json\/wp\/v2\/posts\/1216","targetHints":{"allow":["GET"]}}],"collection":[{"href":"https:\/\/idays.ro\/blog\/wp-json\/wp\/v2\/posts"}],"about":[{"href":"https:\/\/idays.ro\/blog\/wp-json\/wp\/v2\/types\/post"}],"author":[{"embeddable":true,"href":"https:\/\/idays.ro\/blog\/wp-json\/wp\/v2\/users\/1"}],"replies":[{"embeddable":true,"href":"https:\/\/idays.ro\/blog\/wp-json\/wp\/v2\/comments?post=1216"}],"version-history":[{"count":1,"href":"https:\/\/idays.ro\/blog\/wp-json\/wp\/v2\/posts\/1216\/revisions"}],"predecessor-version":[{"id":1239,"href":"https:\/\/idays.ro\/blog\/wp-json\/wp\/v2\/posts\/1216\/revisions\/1239"}],"wp:featuredmedia":[{"embeddable":true,"href":"https:\/\/idays.ro\/blog\/wp-json\/wp\/v2\/media\/1217"}],"wp:attachment":[{"href":"https:\/\/idays.ro\/blog\/wp-json\/wp\/v2\/media?parent=1216"}],"wp:term":[{"taxonomy":"category","embeddable":true,"href":"https:\/\/idays.ro\/blog\/wp-json\/wp\/v2\/categories?post=1216"},{"taxonomy":"post_tag","embeddable":true,"href":"https:\/\/idays.ro\/blog\/wp-json\/wp\/v2\/tags?post=1216"}],"curies":[{"name":"wp","href":"https:\/\/api.w.org\/{rel}","templated":true}]}}