{"id":1171,"date":"2025-12-24T00:59:48","date_gmt":"2025-12-23T22:59:48","guid":{"rendered":"https:\/\/idays.ro\/blog\/?p=1171"},"modified":"2025-12-24T00:59:48","modified_gmt":"2025-12-23T22:59:48","slug":"programul-muzeului-grigore-antipa-in-perioada-sarbatorilor-de-iarna","status":"publish","type":"post","link":"https:\/\/idays.ro\/blog\/programul-muzeului-grigore-antipa-in-perioada-sarbatorilor-de-iarna\/","title":{"rendered":"Programul muzeului \u201eGrigore Antipa\u201d \u00een perioada s\u0103rb\u0103torilor de iarn\u0103"},"content":{"rendered":"<p>Muzeul Na\u021bional \u201eGrigore Antipa\u201d \u0219i-a anun\u021bat programul de vizitare pentru perioada s\u0103rb\u0103torilor de iarn\u0103, \u00eentre 23 \u0219i 28 decembrie 2025. Astfel, \u00een Ajunul Cr\u0103ciunului, expozi\u021biile vor fi accesibile \u00eentr-un interval redus de timp, iar \u00een ziua de Cr\u0103ciun muzeul va fi \u00eenchis.  <\/p>\n<p>Concret, pe 23 decembrie accesul este permis \u00eentre orele 10:00 \u0219i 18:00, iar pe 24 decembrie programul scade la 10:00-14:00, cu ultima intrare la ora 13:00. Ziua de 25 decembrie nu se organizeaz\u0103 vizite. \u00cen 26 decembrie, muzeul \u00ee\u0219i redeschide por\u021bile \u00eentre 10:00 \u0219i 18:00, \u00een timp ce pe 27 \u0219i 28 decembrie cel mai t\u00e2rziu bucure\u0219tenii pot intra p\u00e2n\u0103 la ora 18:00, expozi\u021biile fiind accesibile de la ora 10:00 p\u00e2n\u0103 la ora 19:00.  <\/p>\n<p>Pre\u021burile biletelor pentru expozi\u021bia permanent\u0103 r\u0103m\u00e2n neschimbate: 32 lei pentru adul\u021bi \u0219i 8 lei pentru elevi. \u00cen aceast\u0103 perioad\u0103, vizitatorii pot s\u0103 descopere \u0219i o expozi\u021bie temporar\u0103 cu peste 80 de specii de tarantule, intitulat\u0103 \u201e8\u201d. Aceasta este deschis\u0103 p\u00e2n\u0103 pe 23 decembrie, p\u00e2n\u0103 la ora 20:00.  <\/p>\n<p>Expozi\u021bia cu tarantule include elemente interactive, cu coduri QR pe terariu, care ofer\u0103 informa\u021bii detaliate \u00een limbile rom\u00e2n\u0103 \u0219i englez\u0103 despre habitatul, alimenta\u021bia \u0219i alte aspecte relevante ale acestor specii. Biletele pentru aceast\u0103 expozi\u021bie au pre\u021buri separate: 28 lei pentru adul\u021bi, 14 lei pentru pensionari \u0219i 7 lei pentru elevi, fiind disponibile at\u00e2t online, c\u00e2t \u0219i la recep\u021bia muzeului.  <\/p>\n<p>Astfel, Muzeul \u201eGrigore Antipa\u201d continu\u0103 s\u0103 ofere bucure\u0219tenilor \u0219i turi\u0219tilor posibilitatea unei vizite pline de descoperiri, chiar \u0219i \u00een preajma s\u0103rb\u0103torilor de iarn\u0103, cu adaptarea orarului pentru a se potrivi nevoilor publicului.<\/p>\n","protected":false},"excerpt":{"rendered":"<p>Muzeul Na\u021bional \u201eGrigore Antipa\u201d \u0219i-a anun\u021bat programul de vizitare pentru perioada s\u0103rb\u0103torilor de iarn\u0103, \u00eentre 23 \u0219i 28 decembrie 2025. Astfel, \u00een Ajunul Cr\u0103ciunului, expozi\u021biile vor fi accesibile \u00eentr-un interval redus de timp, iar \u00een ziua de Cr\u0103ciun muzeul va fi \u00eenchis. Concret, pe 23 decembrie accesul este permis \u00eentre orele 10:00 \u0219i 18:00, iar [&hellip;]<\/p>\n","protected":false},"author":1,"featured_media":170,"comment_status":"open","ping_status":"open","sticky":false,"template":"","format":"standard","meta":{"footnotes":""},"categories":[7],"tags":[],"class_list":{"0":"post-1171","1":"post","2":"type-post","3":"status-publish","4":"format-standard","5":"has-post-thumbnail","7":"category-resurse-utile"},"yoast_head":"<!-- This site is optimized with the Yoast SEO plugin v26.9 - https:\/\/yoast.com\/product\/yoast-seo-wordpress\/ -->\n<title>Programul muzeului \u201eGrigore Antipa\u201d \u00een perioada s\u0103rb\u0103torilor de iarn\u0103 - IDAYS.RO BLOG<\/title>\n<meta name=\"robots\" content=\"index, follow, max-snippet:-1, max-image-preview:large, max-video-preview:-1\" \/>\n<link rel=\"canonical\" href=\"https:\/\/idays.ro\/blog\/programul-muzeului-grigore-antipa-in-perioada-sarbatorilor-de-iarna\/\" \/>\n<meta property=\"og:locale\" content=\"ro_RO\" \/>\n<meta property=\"og:type\" content=\"article\" \/>\n<meta property=\"og:title\" content=\"Programul muzeului \u201eGrigore Antipa\u201d \u00een perioada s\u0103rb\u0103torilor de iarn\u0103 - IDAYS.RO BLOG\" \/>\n<meta property=\"og:description\" content=\"Muzeul Na\u021bional \u201eGrigore Antipa\u201d \u0219i-a anun\u021bat programul de vizitare pentru perioada s\u0103rb\u0103torilor de iarn\u0103, \u00eentre 23 \u0219i 28 decembrie 2025. Astfel, \u00een Ajunul Cr\u0103ciunului, expozi\u021biile vor fi accesibile \u00eentr-un interval redus de timp, iar \u00een ziua de Cr\u0103ciun muzeul va fi \u00eenchis. Concret, pe 23 decembrie accesul este permis \u00eentre orele 10:00 \u0219i 18:00, iar [&hellip;]\" \/>\n<meta property=\"og:url\" content=\"https:\/\/idays.ro\/blog\/programul-muzeului-grigore-antipa-in-perioada-sarbatorilor-de-iarna\/\" \/>\n<meta property=\"og:site_name\" content=\"IDAYS.RO BLOG\" \/>\n<meta property=\"article:published_time\" content=\"2025-12-23T22:59:48+00:00\" \/>\n<meta property=\"og:image\" content=\"https:\/\/idays.ro\/blog\/wp-content\/uploads\/2025\/09\/01.jpg\" \/>\n\t<meta property=\"og:image:width\" content=\"800\" \/>\n\t<meta property=\"og:image:height\" content=\"600\" \/>\n\t<meta property=\"og:image:type\" content=\"image\/jpeg\" \/>\n<meta name=\"author\" content=\"liviu.andrei\" \/>\n<meta name=\"twitter:card\" content=\"summary_large_image\" \/>\n<meta name=\"twitter:label1\" content=\"Scris de\" \/>\n\t<meta name=\"twitter:data1\" content=\"liviu.andrei\" \/>\n\t<meta name=\"twitter:label2\" content=\"Timp estimat pentru citire\" \/>\n\t<meta name=\"twitter:data2\" content=\"2 minute\" \/>\n<script type=\"application\/ld+json\" class=\"yoast-schema-graph\">{\"@context\":\"https:\/\/schema.org\",\"@graph\":[{\"@type\":\"Article\",\"@id\":\"https:\/\/idays.ro\/blog\/programul-muzeului-grigore-antipa-in-perioada-sarbatorilor-de-iarna\/#article\",\"isPartOf\":{\"@id\":\"https:\/\/idays.ro\/blog\/programul-muzeului-grigore-antipa-in-perioada-sarbatorilor-de-iarna\/\"},\"author\":{\"name\":\"liviu.andrei\",\"@id\":\"https:\/\/idays.ro\/blog\/#\/schema\/person\/8b6552e1384e1ab28b8d3dc230212823\"},\"headline\":\"Programul muzeului \u201eGrigore Antipa\u201d \u00een perioada s\u0103rb\u0103torilor de iarn\u0103\",\"datePublished\":\"2025-12-23T22:59:48+00:00\",\"mainEntityOfPage\":{\"@id\":\"https:\/\/idays.ro\/blog\/programul-muzeului-grigore-antipa-in-perioada-sarbatorilor-de-iarna\/\"},\"wordCount\":274,\"commentCount\":0,\"image\":{\"@id\":\"https:\/\/idays.ro\/blog\/programul-muzeului-grigore-antipa-in-perioada-sarbatorilor-de-iarna\/#primaryimage\"},\"thumbnailUrl\":\"https:\/\/idays.ro\/blog\/wp-content\/uploads\/2025\/09\/01.jpg\",\"articleSection\":[\"Resurse utile\"],\"inLanguage\":\"ro-RO\",\"potentialAction\":[{\"@type\":\"CommentAction\",\"name\":\"Comment\",\"target\":[\"https:\/\/idays.ro\/blog\/programul-muzeului-grigore-antipa-in-perioada-sarbatorilor-de-iarna\/#respond\"]}]},{\"@type\":\"WebPage\",\"@id\":\"https:\/\/idays.ro\/blog\/programul-muzeului-grigore-antipa-in-perioada-sarbatorilor-de-iarna\/\",\"url\":\"https:\/\/idays.ro\/blog\/programul-muzeului-grigore-antipa-in-perioada-sarbatorilor-de-iarna\/\",\"name\":\"Programul muzeului \u201eGrigore Antipa\u201d \u00een perioada s\u0103rb\u0103torilor de iarn\u0103 - IDAYS.RO BLOG\",\"isPartOf\":{\"@id\":\"https:\/\/idays.ro\/blog\/#website\"},\"primaryImageOfPage\":{\"@id\":\"https:\/\/idays.ro\/blog\/programul-muzeului-grigore-antipa-in-perioada-sarbatorilor-de-iarna\/#primaryimage\"},\"image\":{\"@id\":\"https:\/\/idays.ro\/blog\/programul-muzeului-grigore-antipa-in-perioada-sarbatorilor-de-iarna\/#primaryimage\"},\"thumbnailUrl\":\"https:\/\/idays.ro\/blog\/wp-content\/uploads\/2025\/09\/01.jpg\",\"datePublished\":\"2025-12-23T22:59:48+00:00\",\"author\":{\"@id\":\"https:\/\/idays.ro\/blog\/#\/schema\/person\/8b6552e1384e1ab28b8d3dc230212823\"},\"breadcrumb\":{\"@id\":\"https:\/\/idays.ro\/blog\/programul-muzeului-grigore-antipa-in-perioada-sarbatorilor-de-iarna\/#breadcrumb\"},\"inLanguage\":\"ro-RO\",\"potentialAction\":[{\"@type\":\"ReadAction\",\"target\":[\"https:\/\/idays.ro\/blog\/programul-muzeului-grigore-antipa-in-perioada-sarbatorilor-de-iarna\/\"]}]},{\"@type\":\"ImageObject\",\"inLanguage\":\"ro-RO\",\"@id\":\"https:\/\/idays.ro\/blog\/programul-muzeului-grigore-antipa-in-perioada-sarbatorilor-de-iarna\/#primaryimage\",\"url\":\"https:\/\/idays.ro\/blog\/wp-content\/uploads\/2025\/09\/01.jpg\",\"contentUrl\":\"https:\/\/idays.ro\/blog\/wp-content\/uploads\/2025\/09\/01.jpg\",\"width\":800,\"height\":600},{\"@type\":\"BreadcrumbList\",\"@id\":\"https:\/\/idays.ro\/blog\/programul-muzeului-grigore-antipa-in-perioada-sarbatorilor-de-iarna\/#breadcrumb\",\"itemListElement\":[{\"@type\":\"ListItem\",\"position\":1,\"name\":\"Prima pagin\u0103\",\"item\":\"https:\/\/idays.ro\/blog\/\"},{\"@type\":\"ListItem\",\"position\":2,\"name\":\"Programul muzeului \u201eGrigore Antipa\u201d \u00een perioada s\u0103rb\u0103torilor de iarn\u0103\"}]},{\"@type\":\"WebSite\",\"@id\":\"https:\/\/idays.ro\/blog\/#website\",\"url\":\"https:\/\/idays.ro\/blog\/\",\"name\":\"IDAYS.RO BLOG\",\"description\":\"\",\"potentialAction\":[{\"@type\":\"SearchAction\",\"target\":{\"@type\":\"EntryPoint\",\"urlTemplate\":\"https:\/\/idays.ro\/blog\/?s={search_term_string}\"},\"query-input\":{\"@type\":\"PropertyValueSpecification\",\"valueRequired\":true,\"valueName\":\"search_term_string\"}}],\"inLanguage\":\"ro-RO\"},{\"@type\":\"Person\",\"@id\":\"https:\/\/idays.ro\/blog\/#\/schema\/person\/8b6552e1384e1ab28b8d3dc230212823\",\"name\":\"liviu.andrei\",\"image\":{\"@type\":\"ImageObject\",\"inLanguage\":\"ro-RO\",\"@id\":\"https:\/\/idays.ro\/blog\/#\/schema\/person\/image\/\",\"url\":\"https:\/\/secure.gravatar.com\/avatar\/b3f7b6799cd9cf49f1e5691003e23e3cdcfee36272b0a7e3863eb32ccb60b91a?s=96&d=mm&r=g\",\"contentUrl\":\"https:\/\/secure.gravatar.com\/avatar\/b3f7b6799cd9cf49f1e5691003e23e3cdcfee36272b0a7e3863eb32ccb60b91a?s=96&d=mm&r=g\",\"caption\":\"liviu.andrei\"},\"sameAs\":[\"https:\/\/idays.ro\/blog\"]}]}<\/script>\n<!-- \/ Yoast SEO plugin. -->","yoast_head_json":{"title":"Programul muzeului \u201eGrigore Antipa\u201d \u00een perioada s\u0103rb\u0103torilor de iarn\u0103 - IDAYS.RO BLOG","robots":{"index":"index","follow":"follow","max-snippet":"max-snippet:-1","max-image-preview":"max-image-preview:large","max-video-preview":"max-video-preview:-1"},"canonical":"https:\/\/idays.ro\/blog\/programul-muzeului-grigore-antipa-in-perioada-sarbatorilor-de-iarna\/","og_locale":"ro_RO","og_type":"article","og_title":"Programul muzeului \u201eGrigore Antipa\u201d \u00een perioada s\u0103rb\u0103torilor de iarn\u0103 - IDAYS.RO BLOG","og_description":"Muzeul Na\u021bional \u201eGrigore Antipa\u201d \u0219i-a anun\u021bat programul de vizitare pentru perioada s\u0103rb\u0103torilor de iarn\u0103, \u00eentre 23 \u0219i 28 decembrie 2025. Astfel, \u00een Ajunul Cr\u0103ciunului, expozi\u021biile vor fi accesibile \u00eentr-un interval redus de timp, iar \u00een ziua de Cr\u0103ciun muzeul va fi \u00eenchis. Concret, pe 23 decembrie accesul este permis \u00eentre orele 10:00 \u0219i 18:00, iar [&hellip;]","og_url":"https:\/\/idays.ro\/blog\/programul-muzeului-grigore-antipa-in-perioada-sarbatorilor-de-iarna\/","og_site_name":"IDAYS.RO BLOG","article_published_time":"2025-12-23T22:59:48+00:00","og_image":[{"width":800,"height":600,"url":"https:\/\/idays.ro\/blog\/wp-content\/uploads\/2025\/09\/01.jpg","type":"image\/jpeg"}],"author":"liviu.andrei","twitter_card":"summary_large_image","twitter_misc":{"Scris de":"liviu.andrei","Timp estimat pentru citire":"2 minute"},"schema":{"@context":"https:\/\/schema.org","@graph":[{"@type":"Article","@id":"https:\/\/idays.ro\/blog\/programul-muzeului-grigore-antipa-in-perioada-sarbatorilor-de-iarna\/#article","isPartOf":{"@id":"https:\/\/idays.ro\/blog\/programul-muzeului-grigore-antipa-in-perioada-sarbatorilor-de-iarna\/"},"author":{"name":"liviu.andrei","@id":"https:\/\/idays.ro\/blog\/#\/schema\/person\/8b6552e1384e1ab28b8d3dc230212823"},"headline":"Programul muzeului \u201eGrigore Antipa\u201d \u00een perioada s\u0103rb\u0103torilor de iarn\u0103","datePublished":"2025-12-23T22:59:48+00:00","mainEntityOfPage":{"@id":"https:\/\/idays.ro\/blog\/programul-muzeului-grigore-antipa-in-perioada-sarbatorilor-de-iarna\/"},"wordCount":274,"commentCount":0,"image":{"@id":"https:\/\/idays.ro\/blog\/programul-muzeului-grigore-antipa-in-perioada-sarbatorilor-de-iarna\/#primaryimage"},"thumbnailUrl":"https:\/\/idays.ro\/blog\/wp-content\/uploads\/2025\/09\/01.jpg","articleSection":["Resurse utile"],"inLanguage":"ro-RO","potentialAction":[{"@type":"CommentAction","name":"Comment","target":["https:\/\/idays.ro\/blog\/programul-muzeului-grigore-antipa-in-perioada-sarbatorilor-de-iarna\/#respond"]}]},{"@type":"WebPage","@id":"https:\/\/idays.ro\/blog\/programul-muzeului-grigore-antipa-in-perioada-sarbatorilor-de-iarna\/","url":"https:\/\/idays.ro\/blog\/programul-muzeului-grigore-antipa-in-perioada-sarbatorilor-de-iarna\/","name":"Programul muzeului \u201eGrigore Antipa\u201d \u00een perioada s\u0103rb\u0103torilor de iarn\u0103 - IDAYS.RO BLOG","isPartOf":{"@id":"https:\/\/idays.ro\/blog\/#website"},"primaryImageOfPage":{"@id":"https:\/\/idays.ro\/blog\/programul-muzeului-grigore-antipa-in-perioada-sarbatorilor-de-iarna\/#primaryimage"},"image":{"@id":"https:\/\/idays.ro\/blog\/programul-muzeului-grigore-antipa-in-perioada-sarbatorilor-de-iarna\/#primaryimage"},"thumbnailUrl":"https:\/\/idays.ro\/blog\/wp-content\/uploads\/2025\/09\/01.jpg","datePublished":"2025-12-23T22:59:48+00:00","author":{"@id":"https:\/\/idays.ro\/blog\/#\/schema\/person\/8b6552e1384e1ab28b8d3dc230212823"},"breadcrumb":{"@id":"https:\/\/idays.ro\/blog\/programul-muzeului-grigore-antipa-in-perioada-sarbatorilor-de-iarna\/#breadcrumb"},"inLanguage":"ro-RO","potentialAction":[{"@type":"ReadAction","target":["https:\/\/idays.ro\/blog\/programul-muzeului-grigore-antipa-in-perioada-sarbatorilor-de-iarna\/"]}]},{"@type":"ImageObject","inLanguage":"ro-RO","@id":"https:\/\/idays.ro\/blog\/programul-muzeului-grigore-antipa-in-perioada-sarbatorilor-de-iarna\/#primaryimage","url":"https:\/\/idays.ro\/blog\/wp-content\/uploads\/2025\/09\/01.jpg","contentUrl":"https:\/\/idays.ro\/blog\/wp-content\/uploads\/2025\/09\/01.jpg","width":800,"height":600},{"@type":"BreadcrumbList","@id":"https:\/\/idays.ro\/blog\/programul-muzeului-grigore-antipa-in-perioada-sarbatorilor-de-iarna\/#breadcrumb","itemListElement":[{"@type":"ListItem","position":1,"name":"Prima pagin\u0103","item":"https:\/\/idays.ro\/blog\/"},{"@type":"ListItem","position":2,"name":"Programul muzeului \u201eGrigore Antipa\u201d \u00een perioada s\u0103rb\u0103torilor de iarn\u0103"}]},{"@type":"WebSite","@id":"https:\/\/idays.ro\/blog\/#website","url":"https:\/\/idays.ro\/blog\/","name":"IDAYS.RO BLOG","description":"","potentialAction":[{"@type":"SearchAction","target":{"@type":"EntryPoint","urlTemplate":"https:\/\/idays.ro\/blog\/?s={search_term_string}"},"query-input":{"@type":"PropertyValueSpecification","valueRequired":true,"valueName":"search_term_string"}}],"inLanguage":"ro-RO"},{"@type":"Person","@id":"https:\/\/idays.ro\/blog\/#\/schema\/person\/8b6552e1384e1ab28b8d3dc230212823","name":"liviu.andrei","image":{"@type":"ImageObject","inLanguage":"ro-RO","@id":"https:\/\/idays.ro\/blog\/#\/schema\/person\/image\/","url":"https:\/\/secure.gravatar.com\/avatar\/b3f7b6799cd9cf49f1e5691003e23e3cdcfee36272b0a7e3863eb32ccb60b91a?s=96&d=mm&r=g","contentUrl":"https:\/\/secure.gravatar.com\/avatar\/b3f7b6799cd9cf49f1e5691003e23e3cdcfee36272b0a7e3863eb32ccb60b91a?s=96&d=mm&r=g","caption":"liviu.andrei"},"sameAs":["https:\/\/idays.ro\/blog"]}]}},"_links":{"self":[{"href":"https:\/\/idays.ro\/blog\/wp-json\/wp\/v2\/posts\/1171","targetHints":{"allow":["GET"]}}],"collection":[{"href":"https:\/\/idays.ro\/blog\/wp-json\/wp\/v2\/posts"}],"about":[{"href":"https:\/\/idays.ro\/blog\/wp-json\/wp\/v2\/types\/post"}],"author":[{"embeddable":true,"href":"https:\/\/idays.ro\/blog\/wp-json\/wp\/v2\/users\/1"}],"replies":[{"embeddable":true,"href":"https:\/\/idays.ro\/blog\/wp-json\/wp\/v2\/comments?post=1171"}],"version-history":[{"count":1,"href":"https:\/\/idays.ro\/blog\/wp-json\/wp\/v2\/posts\/1171\/revisions"}],"predecessor-version":[{"id":1172,"href":"https:\/\/idays.ro\/blog\/wp-json\/wp\/v2\/posts\/1171\/revisions\/1172"}],"wp:featuredmedia":[{"embeddable":true,"href":"https:\/\/idays.ro\/blog\/wp-json\/wp\/v2\/media\/170"}],"wp:attachment":[{"href":"https:\/\/idays.ro\/blog\/wp-json\/wp\/v2\/media?parent=1171"}],"wp:term":[{"taxonomy":"category","embeddable":true,"href":"https:\/\/idays.ro\/blog\/wp-json\/wp\/v2\/categories?post=1171"},{"taxonomy":"post_tag","embeddable":true,"href":"https:\/\/idays.ro\/blog\/wp-json\/wp\/v2\/tags?post=1171"}],"curies":[{"name":"wp","href":"https:\/\/api.w.org\/{rel}","templated":true}]}}