{"id":1167,"date":"2025-12-24T00:55:25","date_gmt":"2025-12-23T22:55:25","guid":{"rendered":"https:\/\/idays.ro\/blog\/?p=1167"},"modified":"2025-12-24T00:55:25","modified_gmt":"2025-12-23T22:55:25","slug":"o-dacie-rosie-cu-tematica-de-craciun-a-atras-atentia-pe-calea-victoriei","status":"publish","type":"post","link":"https:\/\/idays.ro\/blog\/o-dacie-rosie-cu-tematica-de-craciun-a-atras-atentia-pe-calea-victoriei\/","title":{"rendered":"O Dacie ro\u0219ie cu tematic\u0103 de Cr\u0103ciun a atras aten\u021bia pe Calea Victoriei"},"content":{"rendered":"<p>Una dintre cele mai inedite imagini surprinse recent \u00een centrul Bucure\u0219tiului vine \u00eenso\u021bit\u0103 de o Dacie ro\u0219ie, decorat\u0103 festiv pentru sezonul s\u0103rb\u0103torilor de iarn\u0103. Ma\u0219ina a fost surprins\u0103 circul\u00e2nd pe Calea Victoriei, una din cele mai cunoscute \u0219i aglomerate artere ale capitalei.  <\/p>\n<p>Ceea ce a f\u0103cut aceast\u0103 Dacie cu adev\u0103rat special\u0103 \u0219i a atras privirile trec\u0103torilor a fost prezen\u021ba unui personaj inedit pe scaunele din fa\u021b\u0103: Mo\u0219 Cr\u0103ciun \u00eensu\u0219i, \u00eenso\u021bind ma\u0219ina prin atmosfera festiv\u0103 ce domin\u0103 ora\u0219ul. Decorarea autoturismului a fost realizat\u0103 cu ornamente specifice Cr\u0103ciunului, conferindu-i un aer jovial \u0219i plin de veselie.  <\/p>\n<p>Imagini cu aceast\u0103 ma\u0219in\u0103 au fost distribuite pe re\u021belele sociale, st\u00e2rnind admira\u021bia pasiona\u021bilor de ma\u0219ini precum \u0219i a celor care apreciaz\u0103 spiritul s\u0103rb\u0103torilor. Este un exemplu pl\u0103cut de combina\u021bie \u00eentre tradi\u021bie, reprezentat\u0103 de personajul Mo\u0219 Cr\u0103ciun, \u0219i nostalgia automobilistic\u0103, dat\u0103 de modelul clasic Dacia.  <\/p>\n<p>Astfel de momente aduc un strop de bucurie \u00eentr-un peisaj urban uneori monoton, reamintind locuitorilor Bucure\u0219tiului farmecul s\u0103rb\u0103torilor de iarn\u0103 \u0219i frumuse\u021bea detaliilor surprinz\u0103toare din via\u021ba cotidian\u0103. Dacia, un simbol pentru mul\u021bi rom\u00e2ni, s-a transformat pentru c\u00e2teva zile \u00eentr-un adev\u0103rat ambasador al spiritului festiv.  <\/p>\n<p>Pe l\u00e2ng\u0103 valoarea emo\u021bional\u0103 \u0219i estetic\u0103, aceast\u0103 apari\u021bie ne aminte\u0219te de patrimoniul autohton \u0219i modul \u00een care acesta poate fi integrat creativ \u00een evenimente tematice, oferind \u0219i un motiv \u00een plus pentru a privi cu mai mult interes ma\u0219inile clasice ce \u00eenc\u0103 circul\u0103 pe str\u0103zile ora\u0219ului.<\/p>\n","protected":false},"excerpt":{"rendered":"<p>Una dintre cele mai inedite imagini surprinse recent \u00een centrul Bucure\u0219tiului vine \u00eenso\u021bit\u0103 de o Dacie ro\u0219ie, decorat\u0103 festiv pentru sezonul s\u0103rb\u0103torilor de iarn\u0103. Ma\u0219ina a fost surprins\u0103 circul\u00e2nd pe Calea Victoriei, una din cele mai cunoscute \u0219i aglomerate artere ale capitalei. Ceea ce a f\u0103cut aceast\u0103 Dacie cu adev\u0103rat special\u0103 \u0219i a atras privirile [&hellip;]<\/p>\n","protected":false},"author":1,"featured_media":1168,"comment_status":"open","ping_status":"open","sticky":false,"template":"","format":"standard","meta":{"footnotes":""},"categories":[5],"tags":[],"class_list":{"0":"post-1167","1":"post","2":"type-post","3":"status-publish","4":"format-standard","5":"has-post-thumbnail","7":"category-timp-liber"},"yoast_head":"<!-- This site is optimized with the Yoast SEO plugin v26.9 - https:\/\/yoast.com\/product\/yoast-seo-wordpress\/ -->\n<title>O Dacie ro\u0219ie cu tematic\u0103 de Cr\u0103ciun a atras aten\u021bia pe Calea Victoriei - IDAYS.RO BLOG<\/title>\n<meta name=\"robots\" content=\"index, follow, max-snippet:-1, max-image-preview:large, max-video-preview:-1\" \/>\n<link rel=\"canonical\" href=\"https:\/\/idays.ro\/blog\/o-dacie-rosie-cu-tematica-de-craciun-a-atras-atentia-pe-calea-victoriei\/\" \/>\n<meta property=\"og:locale\" content=\"ro_RO\" \/>\n<meta property=\"og:type\" content=\"article\" \/>\n<meta property=\"og:title\" content=\"O Dacie ro\u0219ie cu tematic\u0103 de Cr\u0103ciun a atras aten\u021bia pe Calea Victoriei - IDAYS.RO BLOG\" \/>\n<meta property=\"og:description\" content=\"Una dintre cele mai inedite imagini surprinse recent \u00een centrul Bucure\u0219tiului vine \u00eenso\u021bit\u0103 de o Dacie ro\u0219ie, decorat\u0103 festiv pentru sezonul s\u0103rb\u0103torilor de iarn\u0103. Ma\u0219ina a fost surprins\u0103 circul\u00e2nd pe Calea Victoriei, una din cele mai cunoscute \u0219i aglomerate artere ale capitalei. Ceea ce a f\u0103cut aceast\u0103 Dacie cu adev\u0103rat special\u0103 \u0219i a atras privirile [&hellip;]\" \/>\n<meta property=\"og:url\" content=\"https:\/\/idays.ro\/blog\/o-dacie-rosie-cu-tematica-de-craciun-a-atras-atentia-pe-calea-victoriei\/\" \/>\n<meta property=\"og:site_name\" content=\"IDAYS.RO BLOG\" \/>\n<meta property=\"article:published_time\" content=\"2025-12-23T22:55:25+00:00\" \/>\n<meta property=\"og:image\" content=\"https:\/\/idays.ro\/blog\/wp-content\/uploads\/2025\/12\/calea-victoriei-dacie-mos-craciun.jpg\" \/>\n\t<meta property=\"og:image:width\" content=\"1920\" \/>\n\t<meta property=\"og:image:height\" content=\"1080\" \/>\n\t<meta property=\"og:image:type\" content=\"image\/jpeg\" \/>\n<meta name=\"author\" content=\"liviu.andrei\" \/>\n<meta name=\"twitter:card\" content=\"summary_large_image\" \/>\n<meta name=\"twitter:label1\" content=\"Scris de\" \/>\n\t<meta name=\"twitter:data1\" content=\"liviu.andrei\" \/>\n\t<meta name=\"twitter:label2\" content=\"Timp estimat pentru citire\" \/>\n\t<meta name=\"twitter:data2\" content=\"2 minute\" \/>\n<script type=\"application\/ld+json\" class=\"yoast-schema-graph\">{\"@context\":\"https:\/\/schema.org\",\"@graph\":[{\"@type\":\"Article\",\"@id\":\"https:\/\/idays.ro\/blog\/o-dacie-rosie-cu-tematica-de-craciun-a-atras-atentia-pe-calea-victoriei\/#article\",\"isPartOf\":{\"@id\":\"https:\/\/idays.ro\/blog\/o-dacie-rosie-cu-tematica-de-craciun-a-atras-atentia-pe-calea-victoriei\/\"},\"author\":{\"name\":\"liviu.andrei\",\"@id\":\"https:\/\/idays.ro\/blog\/#\/schema\/person\/8b6552e1384e1ab28b8d3dc230212823\"},\"headline\":\"O Dacie ro\u0219ie cu tematic\u0103 de Cr\u0103ciun a atras aten\u021bia pe Calea Victoriei\",\"datePublished\":\"2025-12-23T22:55:25+00:00\",\"mainEntityOfPage\":{\"@id\":\"https:\/\/idays.ro\/blog\/o-dacie-rosie-cu-tematica-de-craciun-a-atras-atentia-pe-calea-victoriei\/\"},\"wordCount\":290,\"commentCount\":0,\"image\":{\"@id\":\"https:\/\/idays.ro\/blog\/o-dacie-rosie-cu-tematica-de-craciun-a-atras-atentia-pe-calea-victoriei\/#primaryimage\"},\"thumbnailUrl\":\"https:\/\/idays.ro\/blog\/wp-content\/uploads\/2025\/12\/calea-victoriei-dacie-mos-craciun.jpg\",\"articleSection\":[\"Timp liber\"],\"inLanguage\":\"ro-RO\",\"potentialAction\":[{\"@type\":\"CommentAction\",\"name\":\"Comment\",\"target\":[\"https:\/\/idays.ro\/blog\/o-dacie-rosie-cu-tematica-de-craciun-a-atras-atentia-pe-calea-victoriei\/#respond\"]}]},{\"@type\":\"WebPage\",\"@id\":\"https:\/\/idays.ro\/blog\/o-dacie-rosie-cu-tematica-de-craciun-a-atras-atentia-pe-calea-victoriei\/\",\"url\":\"https:\/\/idays.ro\/blog\/o-dacie-rosie-cu-tematica-de-craciun-a-atras-atentia-pe-calea-victoriei\/\",\"name\":\"O Dacie ro\u0219ie cu tematic\u0103 de Cr\u0103ciun a atras aten\u021bia pe Calea Victoriei - IDAYS.RO BLOG\",\"isPartOf\":{\"@id\":\"https:\/\/idays.ro\/blog\/#website\"},\"primaryImageOfPage\":{\"@id\":\"https:\/\/idays.ro\/blog\/o-dacie-rosie-cu-tematica-de-craciun-a-atras-atentia-pe-calea-victoriei\/#primaryimage\"},\"image\":{\"@id\":\"https:\/\/idays.ro\/blog\/o-dacie-rosie-cu-tematica-de-craciun-a-atras-atentia-pe-calea-victoriei\/#primaryimage\"},\"thumbnailUrl\":\"https:\/\/idays.ro\/blog\/wp-content\/uploads\/2025\/12\/calea-victoriei-dacie-mos-craciun.jpg\",\"datePublished\":\"2025-12-23T22:55:25+00:00\",\"author\":{\"@id\":\"https:\/\/idays.ro\/blog\/#\/schema\/person\/8b6552e1384e1ab28b8d3dc230212823\"},\"breadcrumb\":{\"@id\":\"https:\/\/idays.ro\/blog\/o-dacie-rosie-cu-tematica-de-craciun-a-atras-atentia-pe-calea-victoriei\/#breadcrumb\"},\"inLanguage\":\"ro-RO\",\"potentialAction\":[{\"@type\":\"ReadAction\",\"target\":[\"https:\/\/idays.ro\/blog\/o-dacie-rosie-cu-tematica-de-craciun-a-atras-atentia-pe-calea-victoriei\/\"]}]},{\"@type\":\"ImageObject\",\"inLanguage\":\"ro-RO\",\"@id\":\"https:\/\/idays.ro\/blog\/o-dacie-rosie-cu-tematica-de-craciun-a-atras-atentia-pe-calea-victoriei\/#primaryimage\",\"url\":\"https:\/\/idays.ro\/blog\/wp-content\/uploads\/2025\/12\/calea-victoriei-dacie-mos-craciun.jpg\",\"contentUrl\":\"https:\/\/idays.ro\/blog\/wp-content\/uploads\/2025\/12\/calea-victoriei-dacie-mos-craciun.jpg\",\"width\":1920,\"height\":1080},{\"@type\":\"BreadcrumbList\",\"@id\":\"https:\/\/idays.ro\/blog\/o-dacie-rosie-cu-tematica-de-craciun-a-atras-atentia-pe-calea-victoriei\/#breadcrumb\",\"itemListElement\":[{\"@type\":\"ListItem\",\"position\":1,\"name\":\"Prima pagin\u0103\",\"item\":\"https:\/\/idays.ro\/blog\/\"},{\"@type\":\"ListItem\",\"position\":2,\"name\":\"O Dacie ro\u0219ie cu tematic\u0103 de Cr\u0103ciun a atras aten\u021bia pe Calea Victoriei\"}]},{\"@type\":\"WebSite\",\"@id\":\"https:\/\/idays.ro\/blog\/#website\",\"url\":\"https:\/\/idays.ro\/blog\/\",\"name\":\"IDAYS.RO BLOG\",\"description\":\"\",\"potentialAction\":[{\"@type\":\"SearchAction\",\"target\":{\"@type\":\"EntryPoint\",\"urlTemplate\":\"https:\/\/idays.ro\/blog\/?s={search_term_string}\"},\"query-input\":{\"@type\":\"PropertyValueSpecification\",\"valueRequired\":true,\"valueName\":\"search_term_string\"}}],\"inLanguage\":\"ro-RO\"},{\"@type\":\"Person\",\"@id\":\"https:\/\/idays.ro\/blog\/#\/schema\/person\/8b6552e1384e1ab28b8d3dc230212823\",\"name\":\"liviu.andrei\",\"image\":{\"@type\":\"ImageObject\",\"inLanguage\":\"ro-RO\",\"@id\":\"https:\/\/idays.ro\/blog\/#\/schema\/person\/image\/\",\"url\":\"https:\/\/secure.gravatar.com\/avatar\/b3f7b6799cd9cf49f1e5691003e23e3cdcfee36272b0a7e3863eb32ccb60b91a?s=96&d=mm&r=g\",\"contentUrl\":\"https:\/\/secure.gravatar.com\/avatar\/b3f7b6799cd9cf49f1e5691003e23e3cdcfee36272b0a7e3863eb32ccb60b91a?s=96&d=mm&r=g\",\"caption\":\"liviu.andrei\"},\"sameAs\":[\"https:\/\/idays.ro\/blog\"]}]}<\/script>\n<!-- \/ Yoast SEO plugin. -->","yoast_head_json":{"title":"O Dacie ro\u0219ie cu tematic\u0103 de Cr\u0103ciun a atras aten\u021bia pe Calea Victoriei - IDAYS.RO BLOG","robots":{"index":"index","follow":"follow","max-snippet":"max-snippet:-1","max-image-preview":"max-image-preview:large","max-video-preview":"max-video-preview:-1"},"canonical":"https:\/\/idays.ro\/blog\/o-dacie-rosie-cu-tematica-de-craciun-a-atras-atentia-pe-calea-victoriei\/","og_locale":"ro_RO","og_type":"article","og_title":"O Dacie ro\u0219ie cu tematic\u0103 de Cr\u0103ciun a atras aten\u021bia pe Calea Victoriei - IDAYS.RO BLOG","og_description":"Una dintre cele mai inedite imagini surprinse recent \u00een centrul Bucure\u0219tiului vine \u00eenso\u021bit\u0103 de o Dacie ro\u0219ie, decorat\u0103 festiv pentru sezonul s\u0103rb\u0103torilor de iarn\u0103. Ma\u0219ina a fost surprins\u0103 circul\u00e2nd pe Calea Victoriei, una din cele mai cunoscute \u0219i aglomerate artere ale capitalei. Ceea ce a f\u0103cut aceast\u0103 Dacie cu adev\u0103rat special\u0103 \u0219i a atras privirile [&hellip;]","og_url":"https:\/\/idays.ro\/blog\/o-dacie-rosie-cu-tematica-de-craciun-a-atras-atentia-pe-calea-victoriei\/","og_site_name":"IDAYS.RO BLOG","article_published_time":"2025-12-23T22:55:25+00:00","og_image":[{"width":1920,"height":1080,"url":"https:\/\/idays.ro\/blog\/wp-content\/uploads\/2025\/12\/calea-victoriei-dacie-mos-craciun.jpg","type":"image\/jpeg"}],"author":"liviu.andrei","twitter_card":"summary_large_image","twitter_misc":{"Scris de":"liviu.andrei","Timp estimat pentru citire":"2 minute"},"schema":{"@context":"https:\/\/schema.org","@graph":[{"@type":"Article","@id":"https:\/\/idays.ro\/blog\/o-dacie-rosie-cu-tematica-de-craciun-a-atras-atentia-pe-calea-victoriei\/#article","isPartOf":{"@id":"https:\/\/idays.ro\/blog\/o-dacie-rosie-cu-tematica-de-craciun-a-atras-atentia-pe-calea-victoriei\/"},"author":{"name":"liviu.andrei","@id":"https:\/\/idays.ro\/blog\/#\/schema\/person\/8b6552e1384e1ab28b8d3dc230212823"},"headline":"O Dacie ro\u0219ie cu tematic\u0103 de Cr\u0103ciun a atras aten\u021bia pe Calea Victoriei","datePublished":"2025-12-23T22:55:25+00:00","mainEntityOfPage":{"@id":"https:\/\/idays.ro\/blog\/o-dacie-rosie-cu-tematica-de-craciun-a-atras-atentia-pe-calea-victoriei\/"},"wordCount":290,"commentCount":0,"image":{"@id":"https:\/\/idays.ro\/blog\/o-dacie-rosie-cu-tematica-de-craciun-a-atras-atentia-pe-calea-victoriei\/#primaryimage"},"thumbnailUrl":"https:\/\/idays.ro\/blog\/wp-content\/uploads\/2025\/12\/calea-victoriei-dacie-mos-craciun.jpg","articleSection":["Timp liber"],"inLanguage":"ro-RO","potentialAction":[{"@type":"CommentAction","name":"Comment","target":["https:\/\/idays.ro\/blog\/o-dacie-rosie-cu-tematica-de-craciun-a-atras-atentia-pe-calea-victoriei\/#respond"]}]},{"@type":"WebPage","@id":"https:\/\/idays.ro\/blog\/o-dacie-rosie-cu-tematica-de-craciun-a-atras-atentia-pe-calea-victoriei\/","url":"https:\/\/idays.ro\/blog\/o-dacie-rosie-cu-tematica-de-craciun-a-atras-atentia-pe-calea-victoriei\/","name":"O Dacie ro\u0219ie cu tematic\u0103 de Cr\u0103ciun a atras aten\u021bia pe Calea Victoriei - IDAYS.RO BLOG","isPartOf":{"@id":"https:\/\/idays.ro\/blog\/#website"},"primaryImageOfPage":{"@id":"https:\/\/idays.ro\/blog\/o-dacie-rosie-cu-tematica-de-craciun-a-atras-atentia-pe-calea-victoriei\/#primaryimage"},"image":{"@id":"https:\/\/idays.ro\/blog\/o-dacie-rosie-cu-tematica-de-craciun-a-atras-atentia-pe-calea-victoriei\/#primaryimage"},"thumbnailUrl":"https:\/\/idays.ro\/blog\/wp-content\/uploads\/2025\/12\/calea-victoriei-dacie-mos-craciun.jpg","datePublished":"2025-12-23T22:55:25+00:00","author":{"@id":"https:\/\/idays.ro\/blog\/#\/schema\/person\/8b6552e1384e1ab28b8d3dc230212823"},"breadcrumb":{"@id":"https:\/\/idays.ro\/blog\/o-dacie-rosie-cu-tematica-de-craciun-a-atras-atentia-pe-calea-victoriei\/#breadcrumb"},"inLanguage":"ro-RO","potentialAction":[{"@type":"ReadAction","target":["https:\/\/idays.ro\/blog\/o-dacie-rosie-cu-tematica-de-craciun-a-atras-atentia-pe-calea-victoriei\/"]}]},{"@type":"ImageObject","inLanguage":"ro-RO","@id":"https:\/\/idays.ro\/blog\/o-dacie-rosie-cu-tematica-de-craciun-a-atras-atentia-pe-calea-victoriei\/#primaryimage","url":"https:\/\/idays.ro\/blog\/wp-content\/uploads\/2025\/12\/calea-victoriei-dacie-mos-craciun.jpg","contentUrl":"https:\/\/idays.ro\/blog\/wp-content\/uploads\/2025\/12\/calea-victoriei-dacie-mos-craciun.jpg","width":1920,"height":1080},{"@type":"BreadcrumbList","@id":"https:\/\/idays.ro\/blog\/o-dacie-rosie-cu-tematica-de-craciun-a-atras-atentia-pe-calea-victoriei\/#breadcrumb","itemListElement":[{"@type":"ListItem","position":1,"name":"Prima pagin\u0103","item":"https:\/\/idays.ro\/blog\/"},{"@type":"ListItem","position":2,"name":"O Dacie ro\u0219ie cu tematic\u0103 de Cr\u0103ciun a atras aten\u021bia pe Calea Victoriei"}]},{"@type":"WebSite","@id":"https:\/\/idays.ro\/blog\/#website","url":"https:\/\/idays.ro\/blog\/","name":"IDAYS.RO BLOG","description":"","potentialAction":[{"@type":"SearchAction","target":{"@type":"EntryPoint","urlTemplate":"https:\/\/idays.ro\/blog\/?s={search_term_string}"},"query-input":{"@type":"PropertyValueSpecification","valueRequired":true,"valueName":"search_term_string"}}],"inLanguage":"ro-RO"},{"@type":"Person","@id":"https:\/\/idays.ro\/blog\/#\/schema\/person\/8b6552e1384e1ab28b8d3dc230212823","name":"liviu.andrei","image":{"@type":"ImageObject","inLanguage":"ro-RO","@id":"https:\/\/idays.ro\/blog\/#\/schema\/person\/image\/","url":"https:\/\/secure.gravatar.com\/avatar\/b3f7b6799cd9cf49f1e5691003e23e3cdcfee36272b0a7e3863eb32ccb60b91a?s=96&d=mm&r=g","contentUrl":"https:\/\/secure.gravatar.com\/avatar\/b3f7b6799cd9cf49f1e5691003e23e3cdcfee36272b0a7e3863eb32ccb60b91a?s=96&d=mm&r=g","caption":"liviu.andrei"},"sameAs":["https:\/\/idays.ro\/blog"]}]}},"_links":{"self":[{"href":"https:\/\/idays.ro\/blog\/wp-json\/wp\/v2\/posts\/1167","targetHints":{"allow":["GET"]}}],"collection":[{"href":"https:\/\/idays.ro\/blog\/wp-json\/wp\/v2\/posts"}],"about":[{"href":"https:\/\/idays.ro\/blog\/wp-json\/wp\/v2\/types\/post"}],"author":[{"embeddable":true,"href":"https:\/\/idays.ro\/blog\/wp-json\/wp\/v2\/users\/1"}],"replies":[{"embeddable":true,"href":"https:\/\/idays.ro\/blog\/wp-json\/wp\/v2\/comments?post=1167"}],"version-history":[{"count":1,"href":"https:\/\/idays.ro\/blog\/wp-json\/wp\/v2\/posts\/1167\/revisions"}],"predecessor-version":[{"id":1169,"href":"https:\/\/idays.ro\/blog\/wp-json\/wp\/v2\/posts\/1167\/revisions\/1169"}],"wp:featuredmedia":[{"embeddable":true,"href":"https:\/\/idays.ro\/blog\/wp-json\/wp\/v2\/media\/1168"}],"wp:attachment":[{"href":"https:\/\/idays.ro\/blog\/wp-json\/wp\/v2\/media?parent=1167"}],"wp:term":[{"taxonomy":"category","embeddable":true,"href":"https:\/\/idays.ro\/blog\/wp-json\/wp\/v2\/categories?post=1167"},{"taxonomy":"post_tag","embeddable":true,"href":"https:\/\/idays.ro\/blog\/wp-json\/wp\/v2\/tags?post=1167"}],"curies":[{"name":"wp","href":"https:\/\/api.w.org\/{rel}","templated":true}]}}