{"id":115,"date":"2025-10-03T16:59:54","date_gmt":"2025-10-03T13:59:54","guid":{"rendered":"https:\/\/idays.ro\/blog\/?p=115"},"modified":"2025-09-28T00:23:32","modified_gmt":"2025-09-27T21:23:32","slug":"zile-libere-speciale-cand-ai-dreptul-la-zi-libera-pentru-evenimente-familiale","status":"publish","type":"post","link":"https:\/\/idays.ro\/blog\/zile-libere-speciale-cand-ai-dreptul-la-zi-libera-pentru-evenimente-familiale\/","title":{"rendered":"Zile libere speciale: c\u00e2nd ai dreptul la zi liber\u0103 pentru evenimente familiale"},"content":{"rendered":"\n<p>\u00cen via\u021ba fiec\u0103rei persoane, evenimentele familiale importante, cum ar fi c\u0103s\u0103toria, na\u0219terea unui copil sau decesul unei persoane dragi, necesit\u0103 timp \u0219i aten\u021bie. De aceea, legisla\u021bia din Rom\u00e2nia prevede zile libere speciale pentru a permite angaja\u021bilor s\u0103 participe la aceste momente semnificative. \u00cen acest articol, vom explora tipurile de zile libere speciale \u0219i condi\u021biile \u00een care acestea pot fi solicitate.<\/p>\n\n\n\n<h2 class=\"wp-block-heading\">Ce sunt zilele libere speciale?<\/h2>\n\n\n\n<p>Zilele libere speciale reprezint\u0103 zilele \u00een care angaja\u021bii au dreptul s\u0103 se ab\u021bin\u0103 de la munc\u0103 pentru a participa la evenimente familiale importante, f\u0103r\u0103 a-\u0219i pierde salariul. Aceste zile sunt reglementate prin Codul Muncii \u0219i alte acte normative, care stabilesc clar condi\u021biile \u0219i tipurile de evenimente pentru care se pot solicita zile libere.<\/p>\n\n\n\n<h2 class=\"wp-block-heading\">Tipuri de zile libere speciale<\/h2>\n\n\n\n<p>Conform legisla\u021biei rom\u00e2ne, exist\u0103 mai multe tipuri de zile libere pentru evenimente familiale. Printre cele mai importante se num\u0103r\u0103:<\/p>\n\n\n\n<ul class=\"wp-block-list\">\n<li><strong>C\u0103s\u0103toria:<\/strong> Angaja\u021bii au dreptul la o zi liber\u0103 pentru a participa la ceremonia de c\u0103s\u0103torie, fie c\u0103 este vorba despre propria c\u0103s\u0103torie sau cea a unui membru al familiei.<\/li>\n\n\n\n<li><strong>Na\u0219terea unui copil:<\/strong> Tat\u0103l are dreptul la 5 zile libere pl\u0103tite la na\u0219terea copilului, pentru a putea asista la eveniment \u0219i a oferi suport mamei \u0219i nou-n\u0103scutului.<\/li>\n\n\n\n<li><strong>Decesul unui membru de familie:<\/strong> \u00cen cazul decesului unui membru al familiei, angaja\u021bii au dreptul la 3 zile libere pl\u0103tite, pentru a se ocupa de formalit\u0103\u021bile necesare \u0219i a-\u0219i onora durerea.<\/li>\n\n\n\n<li><strong>\u00cengrijirea unui copil bolnav:<\/strong> P\u0103rin\u021bii au dreptul la zile libere pentru a \u00eengriji un copil bolnav, \u00een func\u021bie de gravitatea situa\u021biei medicale.<\/li>\n<\/ul>\n\n\n\n<h2 class=\"wp-block-heading\">Condi\u021bii de acordare a zilelor libere<\/h2>\n\n\n\n<p>Pentru a beneficia de zilele libere speciale, angaja\u021bii trebuie s\u0103 \u00eendeplineasc\u0103 anumite condi\u021bii:<\/p>\n\n\n\n<ul class=\"wp-block-list\">\n<li><strong>Notificarea angajatorului:<\/strong> Este esen\u021bial ca angajatul s\u0103 notifice angajatorul cu privire la solicitarea zilei libere, de regul\u0103 cu cel pu\u021bin 5 zile \u00eenainte de eveniment.<\/li>\n\n\n\n<li><strong>Documenta\u021bia necesar\u0103:<\/strong> De multe ori, angajatorul poate solicita dovezi ale evenimentului, cum ar fi certificatul de c\u0103s\u0103torie, actul de na\u0219tere al copilului sau certificat de deces.<\/li>\n\n\n\n<li><strong>Respectarea procedurilor interne:<\/strong> Fiecare companie poate avea propriile proceduri pentru solicitarea zilelor libere, care trebuie respectate de angaja\u021bi.<\/li>\n<\/ul>\n\n\n\n<h2 class=\"wp-block-heading\">Importan\u021ba acestor zile libere<\/h2>\n\n\n\n<p>Aceste zile libere speciale nu sunt doar un drept legal, ci \u0219i o necesitate emo\u021bional\u0103. Evenimentele familiale importante pot genera stres \u0219i emo\u021bii puternice, iar timpul acordat pentru a le gestiona poate face o diferen\u021b\u0103 semnificativ\u0103 \u00een via\u021ba personal\u0103 a angaja\u021bilor. Prin urmare, este esen\u021bial ca angajatorii s\u0103 \u00een\u021beleag\u0103 importan\u021ba acestor zile \u0219i s\u0103 sprijine angaja\u021bii \u00een momentele dificile.<\/p>\n\n\n\n<p>\u00cen concluzie, zilele libere speciale sunt un drept important pentru to\u021bi angaja\u021bii care doresc s\u0103 participe la evenimentele semnificative din via\u021ba lor. Cunoa\u0219terea acestor drepturi \u0219i a modului \u00een care pot fi exercitate este esen\u021bial\u0103 pentru a asigura un echilibru s\u0103n\u0103tos \u00eentre via\u021ba profesional\u0103 \u0219i cea personal\u0103. Dac\u0103 te confrun\u021bi cu o asemenea situa\u021bie, nu ezita s\u0103 discu\u021bi cu angajatorul t\u0103u \u0219i s\u0103 \u00ee\u021bi revendici drepturile.<\/p>\n","protected":false},"excerpt":{"rendered":"<p>Afla\u021bi care sunt zilele libere speciale \u0219i cum pute\u021bi beneficia de ele pentru evenimentele familiale importante din via\u021ba dumneavoastr\u0103.<\/p>\n","protected":false},"author":1,"featured_media":196,"comment_status":"open","ping_status":"open","sticky":false,"template":"","format":"standard","meta":{"footnotes":""},"categories":[7],"tags":[],"class_list":{"0":"post-115","1":"post","2":"type-post","3":"status-publish","4":"format-standard","5":"has-post-thumbnail","7":"category-resurse-utile"},"yoast_head":"<!-- This site is optimized with the Yoast SEO plugin v26.9 - https:\/\/yoast.com\/product\/yoast-seo-wordpress\/ -->\n<title>Zile libere speciale: c\u00e2nd ai dreptul la zi liber\u0103 pentru evenimente familiale - IDAYS.RO BLOG<\/title>\n<meta name=\"robots\" content=\"index, follow, max-snippet:-1, max-image-preview:large, max-video-preview:-1\" \/>\n<link rel=\"canonical\" href=\"https:\/\/idays.ro\/blog\/zile-libere-speciale-cand-ai-dreptul-la-zi-libera-pentru-evenimente-familiale\/\" \/>\n<meta property=\"og:locale\" content=\"ro_RO\" \/>\n<meta property=\"og:type\" content=\"article\" \/>\n<meta property=\"og:title\" content=\"Zile libere speciale: c\u00e2nd ai dreptul la zi liber\u0103 pentru evenimente familiale - IDAYS.RO BLOG\" \/>\n<meta property=\"og:description\" content=\"Afla\u021bi care sunt zilele libere speciale \u0219i cum pute\u021bi beneficia de ele pentru evenimentele familiale importante din via\u021ba dumneavoastr\u0103.\" \/>\n<meta property=\"og:url\" content=\"https:\/\/idays.ro\/blog\/zile-libere-speciale-cand-ai-dreptul-la-zi-libera-pentru-evenimente-familiale\/\" \/>\n<meta property=\"og:site_name\" content=\"IDAYS.RO BLOG\" \/>\n<meta property=\"article:published_time\" content=\"2025-10-03T13:59:54+00:00\" \/>\n<meta property=\"og:image\" content=\"https:\/\/idays.ro\/blog\/wp-content\/uploads\/2025\/09\/baby-feet-1025398_1280.jpg\" \/>\n\t<meta property=\"og:image:width\" content=\"1280\" \/>\n\t<meta property=\"og:image:height\" content=\"848\" \/>\n\t<meta property=\"og:image:type\" content=\"image\/jpeg\" \/>\n<meta name=\"author\" content=\"liviu.andrei\" \/>\n<meta name=\"twitter:card\" content=\"summary_large_image\" \/>\n<meta name=\"twitter:label1\" content=\"Scris de\" \/>\n\t<meta name=\"twitter:data1\" content=\"liviu.andrei\" \/>\n\t<meta name=\"twitter:label2\" content=\"Timp estimat pentru citire\" \/>\n\t<meta name=\"twitter:data2\" content=\"3 minute\" \/>\n<script type=\"application\/ld+json\" class=\"yoast-schema-graph\">{\"@context\":\"https:\/\/schema.org\",\"@graph\":[{\"@type\":\"Article\",\"@id\":\"https:\/\/idays.ro\/blog\/zile-libere-speciale-cand-ai-dreptul-la-zi-libera-pentru-evenimente-familiale\/#article\",\"isPartOf\":{\"@id\":\"https:\/\/idays.ro\/blog\/zile-libere-speciale-cand-ai-dreptul-la-zi-libera-pentru-evenimente-familiale\/\"},\"author\":{\"name\":\"liviu.andrei\",\"@id\":\"https:\/\/idays.ro\/blog\/#\/schema\/person\/8b6552e1384e1ab28b8d3dc230212823\"},\"headline\":\"Zile libere speciale: c\u00e2nd ai dreptul la zi liber\u0103 pentru evenimente familiale\",\"datePublished\":\"2025-10-03T13:59:54+00:00\",\"mainEntityOfPage\":{\"@id\":\"https:\/\/idays.ro\/blog\/zile-libere-speciale-cand-ai-dreptul-la-zi-libera-pentru-evenimente-familiale\/\"},\"wordCount\":547,\"commentCount\":0,\"image\":{\"@id\":\"https:\/\/idays.ro\/blog\/zile-libere-speciale-cand-ai-dreptul-la-zi-libera-pentru-evenimente-familiale\/#primaryimage\"},\"thumbnailUrl\":\"https:\/\/idays.ro\/blog\/wp-content\/uploads\/2025\/09\/baby-feet-1025398_1280.jpg\",\"articleSection\":[\"Resurse utile\"],\"inLanguage\":\"ro-RO\",\"potentialAction\":[{\"@type\":\"CommentAction\",\"name\":\"Comment\",\"target\":[\"https:\/\/idays.ro\/blog\/zile-libere-speciale-cand-ai-dreptul-la-zi-libera-pentru-evenimente-familiale\/#respond\"]}]},{\"@type\":\"WebPage\",\"@id\":\"https:\/\/idays.ro\/blog\/zile-libere-speciale-cand-ai-dreptul-la-zi-libera-pentru-evenimente-familiale\/\",\"url\":\"https:\/\/idays.ro\/blog\/zile-libere-speciale-cand-ai-dreptul-la-zi-libera-pentru-evenimente-familiale\/\",\"name\":\"Zile libere speciale: c\u00e2nd ai dreptul la zi liber\u0103 pentru evenimente familiale - IDAYS.RO BLOG\",\"isPartOf\":{\"@id\":\"https:\/\/idays.ro\/blog\/#website\"},\"primaryImageOfPage\":{\"@id\":\"https:\/\/idays.ro\/blog\/zile-libere-speciale-cand-ai-dreptul-la-zi-libera-pentru-evenimente-familiale\/#primaryimage\"},\"image\":{\"@id\":\"https:\/\/idays.ro\/blog\/zile-libere-speciale-cand-ai-dreptul-la-zi-libera-pentru-evenimente-familiale\/#primaryimage\"},\"thumbnailUrl\":\"https:\/\/idays.ro\/blog\/wp-content\/uploads\/2025\/09\/baby-feet-1025398_1280.jpg\",\"datePublished\":\"2025-10-03T13:59:54+00:00\",\"author\":{\"@id\":\"https:\/\/idays.ro\/blog\/#\/schema\/person\/8b6552e1384e1ab28b8d3dc230212823\"},\"breadcrumb\":{\"@id\":\"https:\/\/idays.ro\/blog\/zile-libere-speciale-cand-ai-dreptul-la-zi-libera-pentru-evenimente-familiale\/#breadcrumb\"},\"inLanguage\":\"ro-RO\",\"potentialAction\":[{\"@type\":\"ReadAction\",\"target\":[\"https:\/\/idays.ro\/blog\/zile-libere-speciale-cand-ai-dreptul-la-zi-libera-pentru-evenimente-familiale\/\"]}]},{\"@type\":\"ImageObject\",\"inLanguage\":\"ro-RO\",\"@id\":\"https:\/\/idays.ro\/blog\/zile-libere-speciale-cand-ai-dreptul-la-zi-libera-pentru-evenimente-familiale\/#primaryimage\",\"url\":\"https:\/\/idays.ro\/blog\/wp-content\/uploads\/2025\/09\/baby-feet-1025398_1280.jpg\",\"contentUrl\":\"https:\/\/idays.ro\/blog\/wp-content\/uploads\/2025\/09\/baby-feet-1025398_1280.jpg\",\"width\":1280,\"height\":848,\"caption\":\"Nou Nascut\"},{\"@type\":\"BreadcrumbList\",\"@id\":\"https:\/\/idays.ro\/blog\/zile-libere-speciale-cand-ai-dreptul-la-zi-libera-pentru-evenimente-familiale\/#breadcrumb\",\"itemListElement\":[{\"@type\":\"ListItem\",\"position\":1,\"name\":\"Prima pagin\u0103\",\"item\":\"https:\/\/idays.ro\/blog\/\"},{\"@type\":\"ListItem\",\"position\":2,\"name\":\"Zile libere speciale: c\u00e2nd ai dreptul la zi liber\u0103 pentru evenimente familiale\"}]},{\"@type\":\"WebSite\",\"@id\":\"https:\/\/idays.ro\/blog\/#website\",\"url\":\"https:\/\/idays.ro\/blog\/\",\"name\":\"IDAYS.RO BLOG\",\"description\":\"\",\"potentialAction\":[{\"@type\":\"SearchAction\",\"target\":{\"@type\":\"EntryPoint\",\"urlTemplate\":\"https:\/\/idays.ro\/blog\/?s={search_term_string}\"},\"query-input\":{\"@type\":\"PropertyValueSpecification\",\"valueRequired\":true,\"valueName\":\"search_term_string\"}}],\"inLanguage\":\"ro-RO\"},{\"@type\":\"Person\",\"@id\":\"https:\/\/idays.ro\/blog\/#\/schema\/person\/8b6552e1384e1ab28b8d3dc230212823\",\"name\":\"liviu.andrei\",\"image\":{\"@type\":\"ImageObject\",\"inLanguage\":\"ro-RO\",\"@id\":\"https:\/\/idays.ro\/blog\/#\/schema\/person\/image\/\",\"url\":\"https:\/\/secure.gravatar.com\/avatar\/b3f7b6799cd9cf49f1e5691003e23e3cdcfee36272b0a7e3863eb32ccb60b91a?s=96&d=mm&r=g\",\"contentUrl\":\"https:\/\/secure.gravatar.com\/avatar\/b3f7b6799cd9cf49f1e5691003e23e3cdcfee36272b0a7e3863eb32ccb60b91a?s=96&d=mm&r=g\",\"caption\":\"liviu.andrei\"},\"sameAs\":[\"https:\/\/idays.ro\/blog\"]}]}<\/script>\n<!-- \/ Yoast SEO plugin. -->","yoast_head_json":{"title":"Zile libere speciale: c\u00e2nd ai dreptul la zi liber\u0103 pentru evenimente familiale - IDAYS.RO BLOG","robots":{"index":"index","follow":"follow","max-snippet":"max-snippet:-1","max-image-preview":"max-image-preview:large","max-video-preview":"max-video-preview:-1"},"canonical":"https:\/\/idays.ro\/blog\/zile-libere-speciale-cand-ai-dreptul-la-zi-libera-pentru-evenimente-familiale\/","og_locale":"ro_RO","og_type":"article","og_title":"Zile libere speciale: c\u00e2nd ai dreptul la zi liber\u0103 pentru evenimente familiale - IDAYS.RO BLOG","og_description":"Afla\u021bi care sunt zilele libere speciale \u0219i cum pute\u021bi beneficia de ele pentru evenimentele familiale importante din via\u021ba dumneavoastr\u0103.","og_url":"https:\/\/idays.ro\/blog\/zile-libere-speciale-cand-ai-dreptul-la-zi-libera-pentru-evenimente-familiale\/","og_site_name":"IDAYS.RO BLOG","article_published_time":"2025-10-03T13:59:54+00:00","og_image":[{"width":1280,"height":848,"url":"https:\/\/idays.ro\/blog\/wp-content\/uploads\/2025\/09\/baby-feet-1025398_1280.jpg","type":"image\/jpeg"}],"author":"liviu.andrei","twitter_card":"summary_large_image","twitter_misc":{"Scris de":"liviu.andrei","Timp estimat pentru citire":"3 minute"},"schema":{"@context":"https:\/\/schema.org","@graph":[{"@type":"Article","@id":"https:\/\/idays.ro\/blog\/zile-libere-speciale-cand-ai-dreptul-la-zi-libera-pentru-evenimente-familiale\/#article","isPartOf":{"@id":"https:\/\/idays.ro\/blog\/zile-libere-speciale-cand-ai-dreptul-la-zi-libera-pentru-evenimente-familiale\/"},"author":{"name":"liviu.andrei","@id":"https:\/\/idays.ro\/blog\/#\/schema\/person\/8b6552e1384e1ab28b8d3dc230212823"},"headline":"Zile libere speciale: c\u00e2nd ai dreptul la zi liber\u0103 pentru evenimente familiale","datePublished":"2025-10-03T13:59:54+00:00","mainEntityOfPage":{"@id":"https:\/\/idays.ro\/blog\/zile-libere-speciale-cand-ai-dreptul-la-zi-libera-pentru-evenimente-familiale\/"},"wordCount":547,"commentCount":0,"image":{"@id":"https:\/\/idays.ro\/blog\/zile-libere-speciale-cand-ai-dreptul-la-zi-libera-pentru-evenimente-familiale\/#primaryimage"},"thumbnailUrl":"https:\/\/idays.ro\/blog\/wp-content\/uploads\/2025\/09\/baby-feet-1025398_1280.jpg","articleSection":["Resurse utile"],"inLanguage":"ro-RO","potentialAction":[{"@type":"CommentAction","name":"Comment","target":["https:\/\/idays.ro\/blog\/zile-libere-speciale-cand-ai-dreptul-la-zi-libera-pentru-evenimente-familiale\/#respond"]}]},{"@type":"WebPage","@id":"https:\/\/idays.ro\/blog\/zile-libere-speciale-cand-ai-dreptul-la-zi-libera-pentru-evenimente-familiale\/","url":"https:\/\/idays.ro\/blog\/zile-libere-speciale-cand-ai-dreptul-la-zi-libera-pentru-evenimente-familiale\/","name":"Zile libere speciale: c\u00e2nd ai dreptul la zi liber\u0103 pentru evenimente familiale - IDAYS.RO BLOG","isPartOf":{"@id":"https:\/\/idays.ro\/blog\/#website"},"primaryImageOfPage":{"@id":"https:\/\/idays.ro\/blog\/zile-libere-speciale-cand-ai-dreptul-la-zi-libera-pentru-evenimente-familiale\/#primaryimage"},"image":{"@id":"https:\/\/idays.ro\/blog\/zile-libere-speciale-cand-ai-dreptul-la-zi-libera-pentru-evenimente-familiale\/#primaryimage"},"thumbnailUrl":"https:\/\/idays.ro\/blog\/wp-content\/uploads\/2025\/09\/baby-feet-1025398_1280.jpg","datePublished":"2025-10-03T13:59:54+00:00","author":{"@id":"https:\/\/idays.ro\/blog\/#\/schema\/person\/8b6552e1384e1ab28b8d3dc230212823"},"breadcrumb":{"@id":"https:\/\/idays.ro\/blog\/zile-libere-speciale-cand-ai-dreptul-la-zi-libera-pentru-evenimente-familiale\/#breadcrumb"},"inLanguage":"ro-RO","potentialAction":[{"@type":"ReadAction","target":["https:\/\/idays.ro\/blog\/zile-libere-speciale-cand-ai-dreptul-la-zi-libera-pentru-evenimente-familiale\/"]}]},{"@type":"ImageObject","inLanguage":"ro-RO","@id":"https:\/\/idays.ro\/blog\/zile-libere-speciale-cand-ai-dreptul-la-zi-libera-pentru-evenimente-familiale\/#primaryimage","url":"https:\/\/idays.ro\/blog\/wp-content\/uploads\/2025\/09\/baby-feet-1025398_1280.jpg","contentUrl":"https:\/\/idays.ro\/blog\/wp-content\/uploads\/2025\/09\/baby-feet-1025398_1280.jpg","width":1280,"height":848,"caption":"Nou Nascut"},{"@type":"BreadcrumbList","@id":"https:\/\/idays.ro\/blog\/zile-libere-speciale-cand-ai-dreptul-la-zi-libera-pentru-evenimente-familiale\/#breadcrumb","itemListElement":[{"@type":"ListItem","position":1,"name":"Prima pagin\u0103","item":"https:\/\/idays.ro\/blog\/"},{"@type":"ListItem","position":2,"name":"Zile libere speciale: c\u00e2nd ai dreptul la zi liber\u0103 pentru evenimente familiale"}]},{"@type":"WebSite","@id":"https:\/\/idays.ro\/blog\/#website","url":"https:\/\/idays.ro\/blog\/","name":"IDAYS.RO BLOG","description":"","potentialAction":[{"@type":"SearchAction","target":{"@type":"EntryPoint","urlTemplate":"https:\/\/idays.ro\/blog\/?s={search_term_string}"},"query-input":{"@type":"PropertyValueSpecification","valueRequired":true,"valueName":"search_term_string"}}],"inLanguage":"ro-RO"},{"@type":"Person","@id":"https:\/\/idays.ro\/blog\/#\/schema\/person\/8b6552e1384e1ab28b8d3dc230212823","name":"liviu.andrei","image":{"@type":"ImageObject","inLanguage":"ro-RO","@id":"https:\/\/idays.ro\/blog\/#\/schema\/person\/image\/","url":"https:\/\/secure.gravatar.com\/avatar\/b3f7b6799cd9cf49f1e5691003e23e3cdcfee36272b0a7e3863eb32ccb60b91a?s=96&d=mm&r=g","contentUrl":"https:\/\/secure.gravatar.com\/avatar\/b3f7b6799cd9cf49f1e5691003e23e3cdcfee36272b0a7e3863eb32ccb60b91a?s=96&d=mm&r=g","caption":"liviu.andrei"},"sameAs":["https:\/\/idays.ro\/blog"]}]}},"_links":{"self":[{"href":"https:\/\/idays.ro\/blog\/wp-json\/wp\/v2\/posts\/115","targetHints":{"allow":["GET"]}}],"collection":[{"href":"https:\/\/idays.ro\/blog\/wp-json\/wp\/v2\/posts"}],"about":[{"href":"https:\/\/idays.ro\/blog\/wp-json\/wp\/v2\/types\/post"}],"author":[{"embeddable":true,"href":"https:\/\/idays.ro\/blog\/wp-json\/wp\/v2\/users\/1"}],"replies":[{"embeddable":true,"href":"https:\/\/idays.ro\/blog\/wp-json\/wp\/v2\/comments?post=115"}],"version-history":[{"count":1,"href":"https:\/\/idays.ro\/blog\/wp-json\/wp\/v2\/posts\/115\/revisions"}],"predecessor-version":[{"id":197,"href":"https:\/\/idays.ro\/blog\/wp-json\/wp\/v2\/posts\/115\/revisions\/197"}],"wp:featuredmedia":[{"embeddable":true,"href":"https:\/\/idays.ro\/blog\/wp-json\/wp\/v2\/media\/196"}],"wp:attachment":[{"href":"https:\/\/idays.ro\/blog\/wp-json\/wp\/v2\/media?parent=115"}],"wp:term":[{"taxonomy":"category","embeddable":true,"href":"https:\/\/idays.ro\/blog\/wp-json\/wp\/v2\/categories?post=115"},{"taxonomy":"post_tag","embeddable":true,"href":"https:\/\/idays.ro\/blog\/wp-json\/wp\/v2\/tags?post=115"}],"curies":[{"name":"wp","href":"https:\/\/api.w.org\/{rel}","templated":true}]}}