{"id":1143,"date":"2025-12-17T01:00:24","date_gmt":"2025-12-16T23:00:24","guid":{"rendered":"https:\/\/idays.ro\/blog\/?p=1143"},"modified":"2025-12-16T01:01:02","modified_gmt":"2025-12-15T23:01:02","slug":"cand-se-deschid-partiile-de-schi-in-sezonul-2025-2026-in-fiecare-statiune-din-romania","status":"publish","type":"post","link":"https:\/\/idays.ro\/blog\/cand-se-deschid-partiile-de-schi-in-sezonul-2025-2026-in-fiecare-statiune-din-romania\/","title":{"rendered":"C\u00e2nd se deschid p\u00e2rtiile de schi \u00een sezonul 2025\u20132026, \u00een fiecare sta\u021biune din Rom\u00e2nia"},"content":{"rendered":"\n<p>\u00cen fiecare iarn\u0103, mii de turi\u0219ti caut\u0103 informa\u021bii despre <strong>momentul deschiderii p\u00e2rtiilor de schi<\/strong>. Sezonul de schi 2025\u20132026 depinde, ca \u00een fiecare an, de condi\u021biile meteo, \u00eens\u0103 majoritatea sta\u021biunilor din Rom\u00e2nia au intervale relativ previzibile de start, mai ales datorit\u0103 z\u0103pezii artificiale.<\/p>\n\n\n\n<p>Mai jos g\u0103se\u0219ti <strong>estim\u0103rile pentru deschiderea p\u00e2rtiilor \u00een sezonul 2025\u20132026<\/strong>, pentru cele mai importante sta\u021biuni montane din Rom\u00e2nia.<\/p>\n\n\n\n<hr class=\"wp-block-separator has-alpha-channel-opacity\"\/>\n\n\n\n<h2 class=\"wp-block-heading\"><strong>Poiana Bra\u0219ov \u2013 sezon schi 2025\u20132026<\/strong><\/h2>\n\n\n\n<ul class=\"wp-block-list\">\n<li><strong>Deschidere estimat\u0103:<\/strong> final de noiembrie \u2013 \u00eenceput de decembrie 2025<\/li>\n\n\n\n<li><strong>Sezon complet:<\/strong> decembrie 2025 \u2013 martie 2026<\/li>\n<\/ul>\n\n\n\n<p>Poiana Bra\u0219ov este, de obicei, <strong>prima sta\u021biune care deschide p\u00e2rtiile<\/strong>, datorit\u0103 infrastructurii moderne de producere a z\u0103pezii artificiale.<\/p>\n\n\n\n<hr class=\"wp-block-separator has-alpha-channel-opacity\"\/>\n\n\n\n<h2 class=\"wp-block-heading\"><strong>Sinaia \u2013 Cota 1400 \u0219i Cota 2000<\/strong><\/h2>\n\n\n\n<ul class=\"wp-block-list\">\n<li><strong>Deschidere estimat\u0103:<\/strong> \u00eenceput de decembrie 2025<\/li>\n\n\n\n<li><strong>P\u00e2rtii la altitudine mare:<\/strong> deschise mai devreme, \u00een func\u021bie de ninsoare<\/li>\n<\/ul>\n\n\n\n<p>Sinaia depinde mai mult de condi\u021biile naturale, dar p\u00e2rtiile de la Cota 2000 pot fi printre primele func\u021bionale \u00een iernile bune.<\/p>\n\n\n\n<hr class=\"wp-block-separator has-alpha-channel-opacity\"\/>\n\n\n\n<h2 class=\"wp-block-heading\"><strong>Predeal<\/strong><\/h2>\n\n\n\n<ul class=\"wp-block-list\">\n<li><strong>Deschidere estimat\u0103:<\/strong> \u00eenceput \u2013 mijloc de decembrie 2025<\/li>\n\n\n\n<li><strong>Public \u021bint\u0103:<\/strong> \u00eencep\u0103tori \u0219i familii<\/li>\n<\/ul>\n\n\n\n<p>Predealul deschide p\u00e2rtiile dup\u0103 primele ninsori consistente, completate cu z\u0103pad\u0103 artificial\u0103.<\/p>\n\n\n\n<hr class=\"wp-block-separator has-alpha-channel-opacity\"\/>\n\n\n\n<h2 class=\"wp-block-heading\"><strong>Azuga<\/strong><\/h2>\n\n\n\n<ul class=\"wp-block-list\">\n<li><strong>Deschidere estimat\u0103:<\/strong> \u00eenceput de decembrie 2025<\/li>\n\n\n\n<li><strong>Avantaj:<\/strong> p\u00e2rtii omologate FIS<\/li>\n<\/ul>\n\n\n\n<p>Azuga are un domeniu schiabil bine \u00eentre\u021binut \u0219i este una dintre sta\u021biunile cu <strong>deschidere relativ rapid\u0103<\/strong>.<\/p>\n\n\n\n<hr class=\"wp-block-separator has-alpha-channel-opacity\"\/>\n\n\n\n<h2 class=\"wp-block-heading\"><strong>Straja<\/strong><\/h2>\n\n\n\n<ul class=\"wp-block-list\">\n<li><strong>Deschidere estimat\u0103:<\/strong> sf\u00e2r\u0219it de noiembrie \u2013 \u00eenceput de decembrie 2025<\/li>\n\n\n\n<li><strong>Durat\u0103 sezon:<\/strong> uneori p\u00e2n\u0103 \u00een aprilie<\/li>\n<\/ul>\n\n\n\n<p>Straja este cunoscut\u0103 pentru <strong>unul dintre cele mai lungi sezoane de schi din Rom\u00e2nia<\/strong>, datorit\u0103 altitudinii \u0219i orient\u0103rii p\u00e2rtiilor.<\/p>\n\n\n\n<hr class=\"wp-block-separator has-alpha-channel-opacity\"\/>\n\n\n\n<h2 class=\"wp-block-heading\"><strong>Transalpina Ski Resort<\/strong><\/h2>\n\n\n\n<ul class=\"wp-block-list\">\n<li><strong>Deschidere estimat\u0103:<\/strong> decembrie 2025<\/li>\n\n\n\n<li><strong>Sezon optim:<\/strong> ianuarie \u2013 februarie 2026<\/li>\n<\/ul>\n\n\n\n<p>Fiind situat\u0103 la mare altitudine, Transalpina ofer\u0103 condi\u021bii excelente de schi, \u00eens\u0103 accesul depinde de starea drumului.<\/p>\n\n\n\n<hr class=\"wp-block-separator has-alpha-channel-opacity\"\/>\n\n\n\n<h2 class=\"wp-block-heading\"><strong>P\u0103ltini\u0219<\/strong><\/h2>\n\n\n\n<ul class=\"wp-block-list\">\n<li><strong>Deschidere estimat\u0103:<\/strong> \u00eenceput de decembrie 2025<\/li>\n\n\n\n<li><strong>Potrivit pentru:<\/strong> schiori intermediari<\/li>\n<\/ul>\n\n\n\n<p>Este cea mai veche sta\u021biune montan\u0103 din Rom\u00e2nia \u0219i beneficiaz\u0103 de temperaturi favorabile pentru z\u0103pad\u0103 artificial\u0103.<\/p>\n\n\n\n<hr class=\"wp-block-separator has-alpha-channel-opacity\"\/>\n\n\n\n<h2 class=\"wp-block-heading\"><strong>Cavnic<\/strong><\/h2>\n\n\n\n<ul class=\"wp-block-list\">\n<li><strong>Deschidere estimat\u0103:<\/strong> decembrie 2025<\/li>\n\n\n\n<li><strong>Avantaj:<\/strong> accesibilitate \u0219i p\u00e2rtii bine iluminate<\/li>\n<\/ul>\n\n\n\n<p>O destina\u021bie popular\u0103 \u00een nordul \u021b\u0103rii, mai ales pentru schiat recreativ.<\/p>\n\n\n\n<hr class=\"wp-block-separator has-alpha-channel-opacity\"\/>\n\n\n\n<h2 class=\"wp-block-heading\"><strong>Bor\u0219a<\/strong><\/h2>\n\n\n\n<ul class=\"wp-block-list\">\n<li><strong>Deschidere estimat\u0103:<\/strong> decembrie 2025<\/li>\n\n\n\n<li><strong>Potrivit pentru:<\/strong> schiori avansa\u021bi<\/li>\n<\/ul>\n\n\n\n<p>Zona are poten\u021bial mare, dar deschiderea depinde mult de condi\u021biile meteo.<\/p>\n\n\n\n<hr class=\"wp-block-separator has-alpha-channel-opacity\"\/>\n\n\n\n<h2 class=\"wp-block-heading\"><strong>Concluzie \u2013 sezon schi 2025\u20132026<\/strong><\/h2>\n\n\n\n<p>\u00cen sezonul de iarn\u0103 2025\u20132026:<\/p>\n\n\n\n<ul class=\"wp-block-list\">\n<li><strong>primele p\u00e2rtii<\/strong> pot fi deschise \u00eenc\u0103 din <strong>finalul lunii noiembrie<\/strong><\/li>\n\n\n\n<li><strong>sezonul complet<\/strong> \u00eencepe, \u00een general, \u00een <strong>decembrie<\/strong><\/li>\n\n\n\n<li>lunile <strong>ianuarie \u0219i februarie<\/strong> r\u0103m\u00e2n cele mai sigure pentru schi<\/li>\n<\/ul>\n\n\n\n<p>Pentru informa\u021bii exacte, este recomandat s\u0103 verifici periodic anun\u021burile oficiale ale sta\u021biunilor, mai ales \u00eenainte de s\u0103rb\u0103tori sau mini-vacan\u021be.<\/p>\n","protected":false},"excerpt":{"rendered":"<p>\u00cen fiecare iarn\u0103, mii de turi\u0219ti caut\u0103 informa\u021bii despre momentul deschiderii p\u00e2rtiilor de schi. Sezonul de schi 2025\u20132026 depinde, ca \u00een fiecare an, de condi\u021biile meteo, \u00eens\u0103 majoritatea sta\u021biunilor din Rom\u00e2nia au intervale relativ previzibile de start, mai ales datorit\u0103 z\u0103pezii artificiale. Mai jos g\u0103se\u0219ti estim\u0103rile pentru deschiderea p\u00e2rtiilor \u00een sezonul 2025\u20132026, pentru cele mai [&hellip;]<\/p>\n","protected":false},"author":1,"featured_media":1081,"comment_status":"open","ping_status":"open","sticky":false,"template":"","format":"standard","meta":{"footnotes":""},"categories":[5],"tags":[],"class_list":{"0":"post-1143","1":"post","2":"type-post","3":"status-publish","4":"format-standard","5":"has-post-thumbnail","7":"category-timp-liber"},"yoast_head":"<!-- This site is optimized with the Yoast SEO plugin v26.9 - https:\/\/yoast.com\/product\/yoast-seo-wordpress\/ -->\n<title>C\u00e2nd se deschid p\u00e2rtiile de schi \u00een sezonul 2025\u20132026, \u00een fiecare sta\u021biune din Rom\u00e2nia - IDAYS.RO BLOG<\/title>\n<meta name=\"robots\" content=\"index, follow, max-snippet:-1, max-image-preview:large, max-video-preview:-1\" \/>\n<link rel=\"canonical\" href=\"https:\/\/idays.ro\/blog\/cand-se-deschid-partiile-de-schi-in-sezonul-2025-2026-in-fiecare-statiune-din-romania\/\" \/>\n<meta property=\"og:locale\" content=\"ro_RO\" \/>\n<meta property=\"og:type\" content=\"article\" \/>\n<meta property=\"og:title\" content=\"C\u00e2nd se deschid p\u00e2rtiile de schi \u00een sezonul 2025\u20132026, \u00een fiecare sta\u021biune din Rom\u00e2nia - IDAYS.RO BLOG\" \/>\n<meta property=\"og:description\" content=\"\u00cen fiecare iarn\u0103, mii de turi\u0219ti caut\u0103 informa\u021bii despre momentul deschiderii p\u00e2rtiilor de schi. Sezonul de schi 2025\u20132026 depinde, ca \u00een fiecare an, de condi\u021biile meteo, \u00eens\u0103 majoritatea sta\u021biunilor din Rom\u00e2nia au intervale relativ previzibile de start, mai ales datorit\u0103 z\u0103pezii artificiale. Mai jos g\u0103se\u0219ti estim\u0103rile pentru deschiderea p\u00e2rtiilor \u00een sezonul 2025\u20132026, pentru cele mai [&hellip;]\" \/>\n<meta property=\"og:url\" content=\"https:\/\/idays.ro\/blog\/cand-se-deschid-partiile-de-schi-in-sezonul-2025-2026-in-fiecare-statiune-din-romania\/\" \/>\n<meta property=\"og:site_name\" content=\"IDAYS.RO BLOG\" \/>\n<meta property=\"article:published_time\" content=\"2025-12-16T23:00:24+00:00\" \/>\n<meta property=\"og:image\" content=\"https:\/\/idays.ro\/blog\/wp-content\/uploads\/2025\/12\/ski-telescaun-min.jpg\" \/>\n\t<meta property=\"og:image:width\" content=\"1600\" \/>\n\t<meta property=\"og:image:height\" content=\"1065\" \/>\n\t<meta property=\"og:image:type\" content=\"image\/jpeg\" \/>\n<meta name=\"author\" content=\"liviu.andrei\" \/>\n<meta name=\"twitter:card\" content=\"summary_large_image\" \/>\n<meta name=\"twitter:label1\" content=\"Scris de\" \/>\n\t<meta name=\"twitter:data1\" content=\"liviu.andrei\" \/>\n\t<meta name=\"twitter:label2\" content=\"Timp estimat pentru citire\" \/>\n\t<meta name=\"twitter:data2\" content=\"3 minute\" \/>\n<script type=\"application\/ld+json\" class=\"yoast-schema-graph\">{\"@context\":\"https:\/\/schema.org\",\"@graph\":[{\"@type\":\"Article\",\"@id\":\"https:\/\/idays.ro\/blog\/cand-se-deschid-partiile-de-schi-in-sezonul-2025-2026-in-fiecare-statiune-din-romania\/#article\",\"isPartOf\":{\"@id\":\"https:\/\/idays.ro\/blog\/cand-se-deschid-partiile-de-schi-in-sezonul-2025-2026-in-fiecare-statiune-din-romania\/\"},\"author\":{\"name\":\"liviu.andrei\",\"@id\":\"https:\/\/idays.ro\/blog\/#\/schema\/person\/8b6552e1384e1ab28b8d3dc230212823\"},\"headline\":\"C\u00e2nd se deschid p\u00e2rtiile de schi \u00een sezonul 2025\u20132026, \u00een fiecare sta\u021biune din Rom\u00e2nia\",\"datePublished\":\"2025-12-16T23:00:24+00:00\",\"mainEntityOfPage\":{\"@id\":\"https:\/\/idays.ro\/blog\/cand-se-deschid-partiile-de-schi-in-sezonul-2025-2026-in-fiecare-statiune-din-romania\/\"},\"wordCount\":433,\"commentCount\":0,\"image\":{\"@id\":\"https:\/\/idays.ro\/blog\/cand-se-deschid-partiile-de-schi-in-sezonul-2025-2026-in-fiecare-statiune-din-romania\/#primaryimage\"},\"thumbnailUrl\":\"https:\/\/idays.ro\/blog\/wp-content\/uploads\/2025\/12\/ski-telescaun-min.jpg\",\"articleSection\":[\"Timp liber\"],\"inLanguage\":\"ro-RO\",\"potentialAction\":[{\"@type\":\"CommentAction\",\"name\":\"Comment\",\"target\":[\"https:\/\/idays.ro\/blog\/cand-se-deschid-partiile-de-schi-in-sezonul-2025-2026-in-fiecare-statiune-din-romania\/#respond\"]}]},{\"@type\":\"WebPage\",\"@id\":\"https:\/\/idays.ro\/blog\/cand-se-deschid-partiile-de-schi-in-sezonul-2025-2026-in-fiecare-statiune-din-romania\/\",\"url\":\"https:\/\/idays.ro\/blog\/cand-se-deschid-partiile-de-schi-in-sezonul-2025-2026-in-fiecare-statiune-din-romania\/\",\"name\":\"C\u00e2nd se deschid p\u00e2rtiile de schi \u00een sezonul 2025\u20132026, \u00een fiecare sta\u021biune din Rom\u00e2nia - IDAYS.RO BLOG\",\"isPartOf\":{\"@id\":\"https:\/\/idays.ro\/blog\/#website\"},\"primaryImageOfPage\":{\"@id\":\"https:\/\/idays.ro\/blog\/cand-se-deschid-partiile-de-schi-in-sezonul-2025-2026-in-fiecare-statiune-din-romania\/#primaryimage\"},\"image\":{\"@id\":\"https:\/\/idays.ro\/blog\/cand-se-deschid-partiile-de-schi-in-sezonul-2025-2026-in-fiecare-statiune-din-romania\/#primaryimage\"},\"thumbnailUrl\":\"https:\/\/idays.ro\/blog\/wp-content\/uploads\/2025\/12\/ski-telescaun-min.jpg\",\"datePublished\":\"2025-12-16T23:00:24+00:00\",\"author\":{\"@id\":\"https:\/\/idays.ro\/blog\/#\/schema\/person\/8b6552e1384e1ab28b8d3dc230212823\"},\"breadcrumb\":{\"@id\":\"https:\/\/idays.ro\/blog\/cand-se-deschid-partiile-de-schi-in-sezonul-2025-2026-in-fiecare-statiune-din-romania\/#breadcrumb\"},\"inLanguage\":\"ro-RO\",\"potentialAction\":[{\"@type\":\"ReadAction\",\"target\":[\"https:\/\/idays.ro\/blog\/cand-se-deschid-partiile-de-schi-in-sezonul-2025-2026-in-fiecare-statiune-din-romania\/\"]}]},{\"@type\":\"ImageObject\",\"inLanguage\":\"ro-RO\",\"@id\":\"https:\/\/idays.ro\/blog\/cand-se-deschid-partiile-de-schi-in-sezonul-2025-2026-in-fiecare-statiune-din-romania\/#primaryimage\",\"url\":\"https:\/\/idays.ro\/blog\/wp-content\/uploads\/2025\/12\/ski-telescaun-min.jpg\",\"contentUrl\":\"https:\/\/idays.ro\/blog\/wp-content\/uploads\/2025\/12\/ski-telescaun-min.jpg\",\"width\":1600,\"height\":1065,\"caption\":\"Ski Telescaun\"},{\"@type\":\"BreadcrumbList\",\"@id\":\"https:\/\/idays.ro\/blog\/cand-se-deschid-partiile-de-schi-in-sezonul-2025-2026-in-fiecare-statiune-din-romania\/#breadcrumb\",\"itemListElement\":[{\"@type\":\"ListItem\",\"position\":1,\"name\":\"Prima pagin\u0103\",\"item\":\"https:\/\/idays.ro\/blog\/\"},{\"@type\":\"ListItem\",\"position\":2,\"name\":\"C\u00e2nd se deschid p\u00e2rtiile de schi \u00een sezonul 2025\u20132026, \u00een fiecare sta\u021biune din Rom\u00e2nia\"}]},{\"@type\":\"WebSite\",\"@id\":\"https:\/\/idays.ro\/blog\/#website\",\"url\":\"https:\/\/idays.ro\/blog\/\",\"name\":\"IDAYS.RO BLOG\",\"description\":\"\",\"potentialAction\":[{\"@type\":\"SearchAction\",\"target\":{\"@type\":\"EntryPoint\",\"urlTemplate\":\"https:\/\/idays.ro\/blog\/?s={search_term_string}\"},\"query-input\":{\"@type\":\"PropertyValueSpecification\",\"valueRequired\":true,\"valueName\":\"search_term_string\"}}],\"inLanguage\":\"ro-RO\"},{\"@type\":\"Person\",\"@id\":\"https:\/\/idays.ro\/blog\/#\/schema\/person\/8b6552e1384e1ab28b8d3dc230212823\",\"name\":\"liviu.andrei\",\"image\":{\"@type\":\"ImageObject\",\"inLanguage\":\"ro-RO\",\"@id\":\"https:\/\/idays.ro\/blog\/#\/schema\/person\/image\/\",\"url\":\"https:\/\/secure.gravatar.com\/avatar\/b3f7b6799cd9cf49f1e5691003e23e3cdcfee36272b0a7e3863eb32ccb60b91a?s=96&d=mm&r=g\",\"contentUrl\":\"https:\/\/secure.gravatar.com\/avatar\/b3f7b6799cd9cf49f1e5691003e23e3cdcfee36272b0a7e3863eb32ccb60b91a?s=96&d=mm&r=g\",\"caption\":\"liviu.andrei\"},\"sameAs\":[\"https:\/\/idays.ro\/blog\"]}]}<\/script>\n<!-- \/ Yoast SEO plugin. -->","yoast_head_json":{"title":"C\u00e2nd se deschid p\u00e2rtiile de schi \u00een sezonul 2025\u20132026, \u00een fiecare sta\u021biune din Rom\u00e2nia - IDAYS.RO BLOG","robots":{"index":"index","follow":"follow","max-snippet":"max-snippet:-1","max-image-preview":"max-image-preview:large","max-video-preview":"max-video-preview:-1"},"canonical":"https:\/\/idays.ro\/blog\/cand-se-deschid-partiile-de-schi-in-sezonul-2025-2026-in-fiecare-statiune-din-romania\/","og_locale":"ro_RO","og_type":"article","og_title":"C\u00e2nd se deschid p\u00e2rtiile de schi \u00een sezonul 2025\u20132026, \u00een fiecare sta\u021biune din Rom\u00e2nia - IDAYS.RO BLOG","og_description":"\u00cen fiecare iarn\u0103, mii de turi\u0219ti caut\u0103 informa\u021bii despre momentul deschiderii p\u00e2rtiilor de schi. Sezonul de schi 2025\u20132026 depinde, ca \u00een fiecare an, de condi\u021biile meteo, \u00eens\u0103 majoritatea sta\u021biunilor din Rom\u00e2nia au intervale relativ previzibile de start, mai ales datorit\u0103 z\u0103pezii artificiale. Mai jos g\u0103se\u0219ti estim\u0103rile pentru deschiderea p\u00e2rtiilor \u00een sezonul 2025\u20132026, pentru cele mai [&hellip;]","og_url":"https:\/\/idays.ro\/blog\/cand-se-deschid-partiile-de-schi-in-sezonul-2025-2026-in-fiecare-statiune-din-romania\/","og_site_name":"IDAYS.RO BLOG","article_published_time":"2025-12-16T23:00:24+00:00","og_image":[{"width":1600,"height":1065,"url":"https:\/\/idays.ro\/blog\/wp-content\/uploads\/2025\/12\/ski-telescaun-min.jpg","type":"image\/jpeg"}],"author":"liviu.andrei","twitter_card":"summary_large_image","twitter_misc":{"Scris de":"liviu.andrei","Timp estimat pentru citire":"3 minute"},"schema":{"@context":"https:\/\/schema.org","@graph":[{"@type":"Article","@id":"https:\/\/idays.ro\/blog\/cand-se-deschid-partiile-de-schi-in-sezonul-2025-2026-in-fiecare-statiune-din-romania\/#article","isPartOf":{"@id":"https:\/\/idays.ro\/blog\/cand-se-deschid-partiile-de-schi-in-sezonul-2025-2026-in-fiecare-statiune-din-romania\/"},"author":{"name":"liviu.andrei","@id":"https:\/\/idays.ro\/blog\/#\/schema\/person\/8b6552e1384e1ab28b8d3dc230212823"},"headline":"C\u00e2nd se deschid p\u00e2rtiile de schi \u00een sezonul 2025\u20132026, \u00een fiecare sta\u021biune din Rom\u00e2nia","datePublished":"2025-12-16T23:00:24+00:00","mainEntityOfPage":{"@id":"https:\/\/idays.ro\/blog\/cand-se-deschid-partiile-de-schi-in-sezonul-2025-2026-in-fiecare-statiune-din-romania\/"},"wordCount":433,"commentCount":0,"image":{"@id":"https:\/\/idays.ro\/blog\/cand-se-deschid-partiile-de-schi-in-sezonul-2025-2026-in-fiecare-statiune-din-romania\/#primaryimage"},"thumbnailUrl":"https:\/\/idays.ro\/blog\/wp-content\/uploads\/2025\/12\/ski-telescaun-min.jpg","articleSection":["Timp liber"],"inLanguage":"ro-RO","potentialAction":[{"@type":"CommentAction","name":"Comment","target":["https:\/\/idays.ro\/blog\/cand-se-deschid-partiile-de-schi-in-sezonul-2025-2026-in-fiecare-statiune-din-romania\/#respond"]}]},{"@type":"WebPage","@id":"https:\/\/idays.ro\/blog\/cand-se-deschid-partiile-de-schi-in-sezonul-2025-2026-in-fiecare-statiune-din-romania\/","url":"https:\/\/idays.ro\/blog\/cand-se-deschid-partiile-de-schi-in-sezonul-2025-2026-in-fiecare-statiune-din-romania\/","name":"C\u00e2nd se deschid p\u00e2rtiile de schi \u00een sezonul 2025\u20132026, \u00een fiecare sta\u021biune din Rom\u00e2nia - IDAYS.RO BLOG","isPartOf":{"@id":"https:\/\/idays.ro\/blog\/#website"},"primaryImageOfPage":{"@id":"https:\/\/idays.ro\/blog\/cand-se-deschid-partiile-de-schi-in-sezonul-2025-2026-in-fiecare-statiune-din-romania\/#primaryimage"},"image":{"@id":"https:\/\/idays.ro\/blog\/cand-se-deschid-partiile-de-schi-in-sezonul-2025-2026-in-fiecare-statiune-din-romania\/#primaryimage"},"thumbnailUrl":"https:\/\/idays.ro\/blog\/wp-content\/uploads\/2025\/12\/ski-telescaun-min.jpg","datePublished":"2025-12-16T23:00:24+00:00","author":{"@id":"https:\/\/idays.ro\/blog\/#\/schema\/person\/8b6552e1384e1ab28b8d3dc230212823"},"breadcrumb":{"@id":"https:\/\/idays.ro\/blog\/cand-se-deschid-partiile-de-schi-in-sezonul-2025-2026-in-fiecare-statiune-din-romania\/#breadcrumb"},"inLanguage":"ro-RO","potentialAction":[{"@type":"ReadAction","target":["https:\/\/idays.ro\/blog\/cand-se-deschid-partiile-de-schi-in-sezonul-2025-2026-in-fiecare-statiune-din-romania\/"]}]},{"@type":"ImageObject","inLanguage":"ro-RO","@id":"https:\/\/idays.ro\/blog\/cand-se-deschid-partiile-de-schi-in-sezonul-2025-2026-in-fiecare-statiune-din-romania\/#primaryimage","url":"https:\/\/idays.ro\/blog\/wp-content\/uploads\/2025\/12\/ski-telescaun-min.jpg","contentUrl":"https:\/\/idays.ro\/blog\/wp-content\/uploads\/2025\/12\/ski-telescaun-min.jpg","width":1600,"height":1065,"caption":"Ski Telescaun"},{"@type":"BreadcrumbList","@id":"https:\/\/idays.ro\/blog\/cand-se-deschid-partiile-de-schi-in-sezonul-2025-2026-in-fiecare-statiune-din-romania\/#breadcrumb","itemListElement":[{"@type":"ListItem","position":1,"name":"Prima pagin\u0103","item":"https:\/\/idays.ro\/blog\/"},{"@type":"ListItem","position":2,"name":"C\u00e2nd se deschid p\u00e2rtiile de schi \u00een sezonul 2025\u20132026, \u00een fiecare sta\u021biune din Rom\u00e2nia"}]},{"@type":"WebSite","@id":"https:\/\/idays.ro\/blog\/#website","url":"https:\/\/idays.ro\/blog\/","name":"IDAYS.RO BLOG","description":"","potentialAction":[{"@type":"SearchAction","target":{"@type":"EntryPoint","urlTemplate":"https:\/\/idays.ro\/blog\/?s={search_term_string}"},"query-input":{"@type":"PropertyValueSpecification","valueRequired":true,"valueName":"search_term_string"}}],"inLanguage":"ro-RO"},{"@type":"Person","@id":"https:\/\/idays.ro\/blog\/#\/schema\/person\/8b6552e1384e1ab28b8d3dc230212823","name":"liviu.andrei","image":{"@type":"ImageObject","inLanguage":"ro-RO","@id":"https:\/\/idays.ro\/blog\/#\/schema\/person\/image\/","url":"https:\/\/secure.gravatar.com\/avatar\/b3f7b6799cd9cf49f1e5691003e23e3cdcfee36272b0a7e3863eb32ccb60b91a?s=96&d=mm&r=g","contentUrl":"https:\/\/secure.gravatar.com\/avatar\/b3f7b6799cd9cf49f1e5691003e23e3cdcfee36272b0a7e3863eb32ccb60b91a?s=96&d=mm&r=g","caption":"liviu.andrei"},"sameAs":["https:\/\/idays.ro\/blog"]}]}},"_links":{"self":[{"href":"https:\/\/idays.ro\/blog\/wp-json\/wp\/v2\/posts\/1143","targetHints":{"allow":["GET"]}}],"collection":[{"href":"https:\/\/idays.ro\/blog\/wp-json\/wp\/v2\/posts"}],"about":[{"href":"https:\/\/idays.ro\/blog\/wp-json\/wp\/v2\/types\/post"}],"author":[{"embeddable":true,"href":"https:\/\/idays.ro\/blog\/wp-json\/wp\/v2\/users\/1"}],"replies":[{"embeddable":true,"href":"https:\/\/idays.ro\/blog\/wp-json\/wp\/v2\/comments?post=1143"}],"version-history":[{"count":1,"href":"https:\/\/idays.ro\/blog\/wp-json\/wp\/v2\/posts\/1143\/revisions"}],"predecessor-version":[{"id":1144,"href":"https:\/\/idays.ro\/blog\/wp-json\/wp\/v2\/posts\/1143\/revisions\/1144"}],"wp:featuredmedia":[{"embeddable":true,"href":"https:\/\/idays.ro\/blog\/wp-json\/wp\/v2\/media\/1081"}],"wp:attachment":[{"href":"https:\/\/idays.ro\/blog\/wp-json\/wp\/v2\/media?parent=1143"}],"wp:term":[{"taxonomy":"category","embeddable":true,"href":"https:\/\/idays.ro\/blog\/wp-json\/wp\/v2\/categories?post=1143"},{"taxonomy":"post_tag","embeddable":true,"href":"https:\/\/idays.ro\/blog\/wp-json\/wp\/v2\/tags?post=1143"}],"curies":[{"name":"wp","href":"https:\/\/api.w.org\/{rel}","templated":true}]}}