{"id":1118,"date":"2026-04-07T14:11:19","date_gmt":"2026-04-07T11:11:19","guid":{"rendered":"https:\/\/idays.ro\/blog\/?p=1118"},"modified":"2025-12-06T14:13:16","modified_gmt":"2025-12-06T12:13:16","slug":"cand-sunt-rusaliile-in-2026-si-daca-se-poate-face-punte","status":"publish","type":"post","link":"https:\/\/idays.ro\/blog\/cand-sunt-rusaliile-in-2026-si-daca-se-poate-face-punte\/","title":{"rendered":"C\u00e2nd sunt Rusaliile \u00een 2026 \u0219i dac\u0103 se poate face punte"},"content":{"rendered":"<p>Rusaliile, cunoscute \u0219i sub denumirea de Pogor\u00e2rea Sf\u00e2ntului Duh, sunt o s\u0103rb\u0103toare important\u0103 \u00een tradi\u021bia cre\u0219tin\u0103 ortodox\u0103, celebrat\u0103 la 50 de zile dup\u0103 Pa\u0219ti. Aceast\u0103 s\u0103rb\u0103toare simbolizeaz\u0103 venirea Duhului Sf\u00e2nt asupra apostolilor \u0219i este un moment de reflec\u021bie spiritual\u0103, dar \u0219i de bucurie pentru credincio\u0219i. \u00cen 2026, Rusaliile vor fi celebrate pe 7 iunie.<\/p>\n<p>Pe l\u00e2ng\u0103 semnifica\u021bia religioas\u0103, Rusaliile sunt \u0219i un prilej pentru multe familii de a se reuni \u0219i de a petrece timp \u00eempreun\u0103. Este o ocazie perfect\u0103 pentru planificarea unei vacan\u021be, mai ales c\u0103 aceast\u0103 perioad\u0103 coincide cu \u00eenceputul verii.<\/p>\n<p>Una dintre \u00eentreb\u0103rile frecvente legate de Rusalii este dac\u0103 se poate face punte \u00eentre zilele libere. \u00cen 2026, Rusaliile cad \u00eentr-o zi de luni, iar acest lucru deschide oportunit\u0103\u021bi interesante pentru cei care doresc s\u0103 \u00ee\u0219i extind\u0103 vacan\u021ba.<\/p>\n<p>Dac\u0103 lu\u0103m \u00een considerare c\u0103 mul\u021bi angaja\u021bi primesc liber \u0219i \u00een ziua de duminic\u0103, iar unii pot solicita zile libere suplimentare, iat\u0103 c\u00e2teva op\u021biuni de planificare:<\/p>\n<ul>\n<li><strong>Vacan\u021b\u0103 de weekend prelungit:<\/strong> Deoarece Rusaliile sunt pe 7 iunie, weekendul dinainte va fi 5-6 iunie. Aceasta \u00eenseamn\u0103 c\u0103, dac\u0103 \u00ee\u021bi iei liber vineri, 4 iunie, vei avea un weekend prelungit de patru zile.<\/li>\n<li><strong>Exploatarea zilelor de concediu:<\/strong> Dac\u0103 ai c\u00e2teva zile de concediu disponibile \u0219i dore\u0219ti s\u0103 \u00ee\u021bi lunge\u0219ti vacan\u021ba, po\u021bi lua liber \u0219i zilele de 8 \u0219i 9 iunie, pentru a crea o vacan\u021b\u0103 de \u0219ase zile.<\/li>\n<li><strong>Planificarea unei escapade de var\u0103:<\/strong> Rusaliile sunt o oportunitate excelent\u0103 de a explora destina\u021bii de vacan\u021b\u0103, fie c\u0103 optezi pentru plaje \u00eensorite, fie pentru mun\u021bi r\u0103coro\u0219i.<\/li>\n<\/ul>\n<p>\u00cen Rom\u00e2nia, tradi\u021biile asociate cu Rusaliile sunt variate \u0219i adesea includ ritualuri de purificare \u0219i celebrare a naturii. Multe comunit\u0103\u021bi organizeaz\u0103 evenimente \u0219i festivaluri, iar unii oameni merg la biseric\u0103 pentru a participa la slujbe speciale. Dac\u0103 e\u0219ti \u00een c\u0103utarea unei experien\u021be autentice, \u00ee\u021bi recomand\u0103m s\u0103 explorezi satele \u0219i ora\u0219ele mici care p\u0103streaz\u0103 tradi\u021biile locale.<\/p>\n<p>Pe l\u00e2ng\u0103 aspectele religioase, Rusaliile reprezint\u0103 \u0219i un bun prilej de a petrece timp \u00een natur\u0103. Multe familii aleg s\u0103 organizeze picnicuri, drume\u021bii sau excursii \u00een aer liber. Este important s\u0103 \u00ee\u021bi planifici din timp activit\u0103\u021bile pentru a te asigura c\u0103 ai parte de o experien\u021b\u0103 pl\u0103cut\u0103 \u0219i relaxant\u0103.<\/p>\n<p>\u00cen concluzie, Rusaliile din 2026 ofer\u0103 nu doar o oportunitate de a s\u0103rb\u0103tori un moment important din calendarul religios, ci \u0219i o ocazie perfect\u0103 pentru a te bucura de vremea frumoas\u0103 de var\u0103. Planificarea din timp a unei vacan\u021be poate transforma aceast\u0103 s\u0103rb\u0103toare \u00eentr-o experien\u021b\u0103 de neuitat al\u0103turi de cei dragi. Nu uita s\u0103 verifici \u0219i op\u021biunile de cazare \u0219i transport pentru a te asigura c\u0103 ai totul preg\u0103tit pentru o escapad\u0103 reu\u0219it\u0103.<\/p>\n","protected":false},"excerpt":{"rendered":"<p>Descoper\u0103 c\u00e2nd se s\u0103rb\u0103toresc Rusaliile \u00een 2026 \u0219i cum po\u021bi profita de aceast\u0103 ocazie pentru a-\u021bi planifica vacan\u021ba.<\/p>\n","protected":false},"author":1,"featured_media":858,"comment_status":"open","ping_status":"open","sticky":false,"template":"","format":"standard","meta":{"footnotes":""},"categories":[3],"tags":[],"class_list":{"0":"post-1118","1":"post","2":"type-post","3":"status-publish","4":"format-standard","5":"has-post-thumbnail","7":"category-vacante-si-planificare-scolara"},"yoast_head":"<!-- This site is optimized with the Yoast SEO plugin v26.9 - https:\/\/yoast.com\/product\/yoast-seo-wordpress\/ -->\n<title>C\u00e2nd sunt Rusaliile \u00een 2026 \u0219i dac\u0103 se poate face punte - IDAYS.RO BLOG<\/title>\n<meta name=\"robots\" content=\"index, follow, max-snippet:-1, max-image-preview:large, max-video-preview:-1\" \/>\n<link rel=\"canonical\" href=\"https:\/\/idays.ro\/blog\/cand-sunt-rusaliile-in-2026-si-daca-se-poate-face-punte\/\" \/>\n<meta property=\"og:locale\" content=\"ro_RO\" \/>\n<meta property=\"og:type\" content=\"article\" \/>\n<meta property=\"og:title\" content=\"C\u00e2nd sunt Rusaliile \u00een 2026 \u0219i dac\u0103 se poate face punte - IDAYS.RO BLOG\" \/>\n<meta property=\"og:description\" content=\"Descoper\u0103 c\u00e2nd se s\u0103rb\u0103toresc Rusaliile \u00een 2026 \u0219i cum po\u021bi profita de aceast\u0103 ocazie pentru a-\u021bi planifica vacan\u021ba.\" \/>\n<meta property=\"og:url\" content=\"https:\/\/idays.ro\/blog\/cand-sunt-rusaliile-in-2026-si-daca-se-poate-face-punte\/\" \/>\n<meta property=\"og:site_name\" content=\"IDAYS.RO BLOG\" \/>\n<meta property=\"article:published_time\" content=\"2026-04-07T11:11:19+00:00\" \/>\n<meta property=\"og:image\" content=\"https:\/\/idays.ro\/blog\/wp-content\/uploads\/2025\/10\/68eeb440d55a0-pexels-igor-meghega-315695093-16715939-min.jpg\" \/>\n\t<meta property=\"og:image:width\" content=\"1900\" \/>\n\t<meta property=\"og:image:height\" content=\"1267\" \/>\n\t<meta property=\"og:image:type\" content=\"image\/jpeg\" \/>\n<meta name=\"author\" content=\"liviu.andrei\" \/>\n<meta name=\"twitter:card\" content=\"summary_large_image\" \/>\n<meta name=\"twitter:label1\" content=\"Scris de\" \/>\n\t<meta name=\"twitter:data1\" content=\"liviu.andrei\" \/>\n\t<meta name=\"twitter:label2\" content=\"Timp estimat pentru citire\" \/>\n\t<meta name=\"twitter:data2\" content=\"3 minute\" \/>\n<script type=\"application\/ld+json\" class=\"yoast-schema-graph\">{\"@context\":\"https:\/\/schema.org\",\"@graph\":[{\"@type\":\"Article\",\"@id\":\"https:\/\/idays.ro\/blog\/cand-sunt-rusaliile-in-2026-si-daca-se-poate-face-punte\/#article\",\"isPartOf\":{\"@id\":\"https:\/\/idays.ro\/blog\/cand-sunt-rusaliile-in-2026-si-daca-se-poate-face-punte\/\"},\"author\":{\"name\":\"liviu.andrei\",\"@id\":\"https:\/\/idays.ro\/blog\/#\/schema\/person\/8b6552e1384e1ab28b8d3dc230212823\"},\"headline\":\"C\u00e2nd sunt Rusaliile \u00een 2026 \u0219i dac\u0103 se poate face punte\",\"datePublished\":\"2026-04-07T11:11:19+00:00\",\"mainEntityOfPage\":{\"@id\":\"https:\/\/idays.ro\/blog\/cand-sunt-rusaliile-in-2026-si-daca-se-poate-face-punte\/\"},\"wordCount\":486,\"commentCount\":0,\"image\":{\"@id\":\"https:\/\/idays.ro\/blog\/cand-sunt-rusaliile-in-2026-si-daca-se-poate-face-punte\/#primaryimage\"},\"thumbnailUrl\":\"https:\/\/idays.ro\/blog\/wp-content\/uploads\/2025\/10\/68eeb440d55a0-pexels-igor-meghega-315695093-16715939-min.jpg\",\"articleSection\":[\"Vacante si planificare scolara\"],\"inLanguage\":\"ro-RO\",\"potentialAction\":[{\"@type\":\"CommentAction\",\"name\":\"Comment\",\"target\":[\"https:\/\/idays.ro\/blog\/cand-sunt-rusaliile-in-2026-si-daca-se-poate-face-punte\/#respond\"]}]},{\"@type\":\"WebPage\",\"@id\":\"https:\/\/idays.ro\/blog\/cand-sunt-rusaliile-in-2026-si-daca-se-poate-face-punte\/\",\"url\":\"https:\/\/idays.ro\/blog\/cand-sunt-rusaliile-in-2026-si-daca-se-poate-face-punte\/\",\"name\":\"C\u00e2nd sunt Rusaliile \u00een 2026 \u0219i dac\u0103 se poate face punte - IDAYS.RO BLOG\",\"isPartOf\":{\"@id\":\"https:\/\/idays.ro\/blog\/#website\"},\"primaryImageOfPage\":{\"@id\":\"https:\/\/idays.ro\/blog\/cand-sunt-rusaliile-in-2026-si-daca-se-poate-face-punte\/#primaryimage\"},\"image\":{\"@id\":\"https:\/\/idays.ro\/blog\/cand-sunt-rusaliile-in-2026-si-daca-se-poate-face-punte\/#primaryimage\"},\"thumbnailUrl\":\"https:\/\/idays.ro\/blog\/wp-content\/uploads\/2025\/10\/68eeb440d55a0-pexels-igor-meghega-315695093-16715939-min.jpg\",\"datePublished\":\"2026-04-07T11:11:19+00:00\",\"author\":{\"@id\":\"https:\/\/idays.ro\/blog\/#\/schema\/person\/8b6552e1384e1ab28b8d3dc230212823\"},\"breadcrumb\":{\"@id\":\"https:\/\/idays.ro\/blog\/cand-sunt-rusaliile-in-2026-si-daca-se-poate-face-punte\/#breadcrumb\"},\"inLanguage\":\"ro-RO\",\"potentialAction\":[{\"@type\":\"ReadAction\",\"target\":[\"https:\/\/idays.ro\/blog\/cand-sunt-rusaliile-in-2026-si-daca-se-poate-face-punte\/\"]}]},{\"@type\":\"ImageObject\",\"inLanguage\":\"ro-RO\",\"@id\":\"https:\/\/idays.ro\/blog\/cand-sunt-rusaliile-in-2026-si-daca-se-poate-face-punte\/#primaryimage\",\"url\":\"https:\/\/idays.ro\/blog\/wp-content\/uploads\/2025\/10\/68eeb440d55a0-pexels-igor-meghega-315695093-16715939-min.jpg\",\"contentUrl\":\"https:\/\/idays.ro\/blog\/wp-content\/uploads\/2025\/10\/68eeb440d55a0-pexels-igor-meghega-315695093-16715939-min.jpg\",\"width\":1900,\"height\":1267},{\"@type\":\"BreadcrumbList\",\"@id\":\"https:\/\/idays.ro\/blog\/cand-sunt-rusaliile-in-2026-si-daca-se-poate-face-punte\/#breadcrumb\",\"itemListElement\":[{\"@type\":\"ListItem\",\"position\":1,\"name\":\"Prima pagin\u0103\",\"item\":\"https:\/\/idays.ro\/blog\/\"},{\"@type\":\"ListItem\",\"position\":2,\"name\":\"C\u00e2nd sunt Rusaliile \u00een 2026 \u0219i dac\u0103 se poate face punte\"}]},{\"@type\":\"WebSite\",\"@id\":\"https:\/\/idays.ro\/blog\/#website\",\"url\":\"https:\/\/idays.ro\/blog\/\",\"name\":\"IDAYS.RO BLOG\",\"description\":\"\",\"potentialAction\":[{\"@type\":\"SearchAction\",\"target\":{\"@type\":\"EntryPoint\",\"urlTemplate\":\"https:\/\/idays.ro\/blog\/?s={search_term_string}\"},\"query-input\":{\"@type\":\"PropertyValueSpecification\",\"valueRequired\":true,\"valueName\":\"search_term_string\"}}],\"inLanguage\":\"ro-RO\"},{\"@type\":\"Person\",\"@id\":\"https:\/\/idays.ro\/blog\/#\/schema\/person\/8b6552e1384e1ab28b8d3dc230212823\",\"name\":\"liviu.andrei\",\"image\":{\"@type\":\"ImageObject\",\"inLanguage\":\"ro-RO\",\"@id\":\"https:\/\/idays.ro\/blog\/#\/schema\/person\/image\/\",\"url\":\"https:\/\/secure.gravatar.com\/avatar\/b3f7b6799cd9cf49f1e5691003e23e3cdcfee36272b0a7e3863eb32ccb60b91a?s=96&d=mm&r=g\",\"contentUrl\":\"https:\/\/secure.gravatar.com\/avatar\/b3f7b6799cd9cf49f1e5691003e23e3cdcfee36272b0a7e3863eb32ccb60b91a?s=96&d=mm&r=g\",\"caption\":\"liviu.andrei\"},\"sameAs\":[\"https:\/\/idays.ro\/blog\"]}]}<\/script>\n<!-- \/ Yoast SEO plugin. -->","yoast_head_json":{"title":"C\u00e2nd sunt Rusaliile \u00een 2026 \u0219i dac\u0103 se poate face punte - IDAYS.RO BLOG","robots":{"index":"index","follow":"follow","max-snippet":"max-snippet:-1","max-image-preview":"max-image-preview:large","max-video-preview":"max-video-preview:-1"},"canonical":"https:\/\/idays.ro\/blog\/cand-sunt-rusaliile-in-2026-si-daca-se-poate-face-punte\/","og_locale":"ro_RO","og_type":"article","og_title":"C\u00e2nd sunt Rusaliile \u00een 2026 \u0219i dac\u0103 se poate face punte - IDAYS.RO BLOG","og_description":"Descoper\u0103 c\u00e2nd se s\u0103rb\u0103toresc Rusaliile \u00een 2026 \u0219i cum po\u021bi profita de aceast\u0103 ocazie pentru a-\u021bi planifica vacan\u021ba.","og_url":"https:\/\/idays.ro\/blog\/cand-sunt-rusaliile-in-2026-si-daca-se-poate-face-punte\/","og_site_name":"IDAYS.RO BLOG","article_published_time":"2026-04-07T11:11:19+00:00","og_image":[{"width":1900,"height":1267,"url":"https:\/\/idays.ro\/blog\/wp-content\/uploads\/2025\/10\/68eeb440d55a0-pexels-igor-meghega-315695093-16715939-min.jpg","type":"image\/jpeg"}],"author":"liviu.andrei","twitter_card":"summary_large_image","twitter_misc":{"Scris de":"liviu.andrei","Timp estimat pentru citire":"3 minute"},"schema":{"@context":"https:\/\/schema.org","@graph":[{"@type":"Article","@id":"https:\/\/idays.ro\/blog\/cand-sunt-rusaliile-in-2026-si-daca-se-poate-face-punte\/#article","isPartOf":{"@id":"https:\/\/idays.ro\/blog\/cand-sunt-rusaliile-in-2026-si-daca-se-poate-face-punte\/"},"author":{"name":"liviu.andrei","@id":"https:\/\/idays.ro\/blog\/#\/schema\/person\/8b6552e1384e1ab28b8d3dc230212823"},"headline":"C\u00e2nd sunt Rusaliile \u00een 2026 \u0219i dac\u0103 se poate face punte","datePublished":"2026-04-07T11:11:19+00:00","mainEntityOfPage":{"@id":"https:\/\/idays.ro\/blog\/cand-sunt-rusaliile-in-2026-si-daca-se-poate-face-punte\/"},"wordCount":486,"commentCount":0,"image":{"@id":"https:\/\/idays.ro\/blog\/cand-sunt-rusaliile-in-2026-si-daca-se-poate-face-punte\/#primaryimage"},"thumbnailUrl":"https:\/\/idays.ro\/blog\/wp-content\/uploads\/2025\/10\/68eeb440d55a0-pexels-igor-meghega-315695093-16715939-min.jpg","articleSection":["Vacante si planificare scolara"],"inLanguage":"ro-RO","potentialAction":[{"@type":"CommentAction","name":"Comment","target":["https:\/\/idays.ro\/blog\/cand-sunt-rusaliile-in-2026-si-daca-se-poate-face-punte\/#respond"]}]},{"@type":"WebPage","@id":"https:\/\/idays.ro\/blog\/cand-sunt-rusaliile-in-2026-si-daca-se-poate-face-punte\/","url":"https:\/\/idays.ro\/blog\/cand-sunt-rusaliile-in-2026-si-daca-se-poate-face-punte\/","name":"C\u00e2nd sunt Rusaliile \u00een 2026 \u0219i dac\u0103 se poate face punte - IDAYS.RO BLOG","isPartOf":{"@id":"https:\/\/idays.ro\/blog\/#website"},"primaryImageOfPage":{"@id":"https:\/\/idays.ro\/blog\/cand-sunt-rusaliile-in-2026-si-daca-se-poate-face-punte\/#primaryimage"},"image":{"@id":"https:\/\/idays.ro\/blog\/cand-sunt-rusaliile-in-2026-si-daca-se-poate-face-punte\/#primaryimage"},"thumbnailUrl":"https:\/\/idays.ro\/blog\/wp-content\/uploads\/2025\/10\/68eeb440d55a0-pexels-igor-meghega-315695093-16715939-min.jpg","datePublished":"2026-04-07T11:11:19+00:00","author":{"@id":"https:\/\/idays.ro\/blog\/#\/schema\/person\/8b6552e1384e1ab28b8d3dc230212823"},"breadcrumb":{"@id":"https:\/\/idays.ro\/blog\/cand-sunt-rusaliile-in-2026-si-daca-se-poate-face-punte\/#breadcrumb"},"inLanguage":"ro-RO","potentialAction":[{"@type":"ReadAction","target":["https:\/\/idays.ro\/blog\/cand-sunt-rusaliile-in-2026-si-daca-se-poate-face-punte\/"]}]},{"@type":"ImageObject","inLanguage":"ro-RO","@id":"https:\/\/idays.ro\/blog\/cand-sunt-rusaliile-in-2026-si-daca-se-poate-face-punte\/#primaryimage","url":"https:\/\/idays.ro\/blog\/wp-content\/uploads\/2025\/10\/68eeb440d55a0-pexels-igor-meghega-315695093-16715939-min.jpg","contentUrl":"https:\/\/idays.ro\/blog\/wp-content\/uploads\/2025\/10\/68eeb440d55a0-pexels-igor-meghega-315695093-16715939-min.jpg","width":1900,"height":1267},{"@type":"BreadcrumbList","@id":"https:\/\/idays.ro\/blog\/cand-sunt-rusaliile-in-2026-si-daca-se-poate-face-punte\/#breadcrumb","itemListElement":[{"@type":"ListItem","position":1,"name":"Prima pagin\u0103","item":"https:\/\/idays.ro\/blog\/"},{"@type":"ListItem","position":2,"name":"C\u00e2nd sunt Rusaliile \u00een 2026 \u0219i dac\u0103 se poate face punte"}]},{"@type":"WebSite","@id":"https:\/\/idays.ro\/blog\/#website","url":"https:\/\/idays.ro\/blog\/","name":"IDAYS.RO BLOG","description":"","potentialAction":[{"@type":"SearchAction","target":{"@type":"EntryPoint","urlTemplate":"https:\/\/idays.ro\/blog\/?s={search_term_string}"},"query-input":{"@type":"PropertyValueSpecification","valueRequired":true,"valueName":"search_term_string"}}],"inLanguage":"ro-RO"},{"@type":"Person","@id":"https:\/\/idays.ro\/blog\/#\/schema\/person\/8b6552e1384e1ab28b8d3dc230212823","name":"liviu.andrei","image":{"@type":"ImageObject","inLanguage":"ro-RO","@id":"https:\/\/idays.ro\/blog\/#\/schema\/person\/image\/","url":"https:\/\/secure.gravatar.com\/avatar\/b3f7b6799cd9cf49f1e5691003e23e3cdcfee36272b0a7e3863eb32ccb60b91a?s=96&d=mm&r=g","contentUrl":"https:\/\/secure.gravatar.com\/avatar\/b3f7b6799cd9cf49f1e5691003e23e3cdcfee36272b0a7e3863eb32ccb60b91a?s=96&d=mm&r=g","caption":"liviu.andrei"},"sameAs":["https:\/\/idays.ro\/blog"]}]}},"_links":{"self":[{"href":"https:\/\/idays.ro\/blog\/wp-json\/wp\/v2\/posts\/1118","targetHints":{"allow":["GET"]}}],"collection":[{"href":"https:\/\/idays.ro\/blog\/wp-json\/wp\/v2\/posts"}],"about":[{"href":"https:\/\/idays.ro\/blog\/wp-json\/wp\/v2\/types\/post"}],"author":[{"embeddable":true,"href":"https:\/\/idays.ro\/blog\/wp-json\/wp\/v2\/users\/1"}],"replies":[{"embeddable":true,"href":"https:\/\/idays.ro\/blog\/wp-json\/wp\/v2\/comments?post=1118"}],"version-history":[{"count":1,"href":"https:\/\/idays.ro\/blog\/wp-json\/wp\/v2\/posts\/1118\/revisions"}],"predecessor-version":[{"id":1126,"href":"https:\/\/idays.ro\/blog\/wp-json\/wp\/v2\/posts\/1118\/revisions\/1126"}],"wp:featuredmedia":[{"embeddable":true,"href":"https:\/\/idays.ro\/blog\/wp-json\/wp\/v2\/media\/858"}],"wp:attachment":[{"href":"https:\/\/idays.ro\/blog\/wp-json\/wp\/v2\/media?parent=1118"}],"wp:term":[{"taxonomy":"category","embeddable":true,"href":"https:\/\/idays.ro\/blog\/wp-json\/wp\/v2\/categories?post=1118"},{"taxonomy":"post_tag","embeddable":true,"href":"https:\/\/idays.ro\/blog\/wp-json\/wp\/v2\/tags?post=1118"}],"curies":[{"name":"wp","href":"https:\/\/api.w.org\/{rel}","templated":true}]}}