{"id":1114,"date":"2026-04-06T14:10:40","date_gmt":"2026-04-06T11:10:40","guid":{"rendered":"https:\/\/idays.ro\/blog\/?p=1114"},"modified":"2025-12-06T14:11:10","modified_gmt":"2025-12-06T12:11:10","slug":"ziua-muncii-in-2026-sanse-pentru-o-mini-vacanta","status":"publish","type":"post","link":"https:\/\/idays.ro\/blog\/ziua-muncii-in-2026-sanse-pentru-o-mini-vacanta\/","title":{"rendered":"Ziua Muncii \u00een 2026 \u2013 \u0219anse pentru o mini-vacan\u021b\u0103"},"content":{"rendered":"<p>Ziua Muncii, s\u0103rb\u0103torit\u0103 pe 1 mai, este un moment important pentru a recunoa\u0219te contribu\u021biile muncitorilor din \u00eentreaga lume. \u00cen 2026, aceast\u0103 zi va c\u0103dea \u00eentr-o duminic\u0103, ceea ce deschide posibilit\u0103\u021bi interesante pentru o mini-vacan\u021b\u0103 prelungit\u0103. \u00cen acest articol, vom explora oportunit\u0103\u021bile de relaxare \u0219i escapade care pot fi planificate \u00een jurul acestei s\u0103rb\u0103tori.<\/p>\n<p>Pe l\u00e2ng\u0103 semnifica\u021bia sa istoric\u0103, Ziua Muncii este \u0219i o ocazie de a ne bucura de vremea frumoas\u0103 de prim\u0103var\u0103. Aceasta este perioada \u00een care natura re\u00eenvie, iar soarele \u00eencepe s\u0103 str\u0103luceasc\u0103 mai puternic, ceea ce ne \u00eendeamn\u0103 s\u0103 ne petrecem timpul \u00een aer liber. De aceea, mul\u021bi dintre noi ne g\u00e2ndim deja la posibilele destina\u021bii pentru o scurt\u0103 vacan\u021b\u0103.<\/p>\n<p>\u00cen 2026, av\u00e2nd \u00een vedere c\u0103 1 mai va c\u0103dea duminica, ar fi ideal ca angajatorii s\u0103 ofere ziua de luni, 2 mai, liber\u0103. Acest lucru ar crea un weekend prelungit, perfect pentru o escapad\u0103 de trei zile. Chiar dac\u0103 nu toate companiile vor face acest lucru, este bine s\u0103 ne preg\u0103tim din timp \u0219i s\u0103 ne inform\u0103m despre politicile angajatorului nostru \u00een leg\u0103tur\u0103 cu zilele libere.<\/p>\n<p>Exist\u0103 numeroase op\u021biuni pentru o mini-vacan\u021b\u0103 de Ziua Muncii. De la escapade la munte la plaj\u0103, oamenii pot alege s\u0103 se relaxeze \u00een natur\u0103 sau s\u0103 exploreze ora\u0219e noi. Destina\u021biile populare includ sta\u021biuni montane, cum ar fi Poiana Bra\u0219ov sau Sinaia, unde po\u021bi beneficia de aer curat \u0219i peisaje spectaculoase. De asemenea, litoralul rom\u00e2nesc, cu plajele sale de la Mamaia sau Vama Veche, poate fi o alegere excelent\u0103 pentru cei care prefer\u0103 soarele \u0219i mare.<\/p>\n<p>Planificarea din timp este esen\u021bial\u0103, mai ales dac\u0103 dori\u021bi s\u0103 evita\u021bi aglomera\u021bia de pe drumuri sau s\u0103 g\u0103si\u021bi cazare la pre\u021buri accesibile. \u00cen general, hotelurile \u0219i pensiunile \u00ee\u0219i fac rezerv\u0103rile cu c\u00e2teva luni \u00eenainte, a\u0219a c\u0103 este recomandat s\u0103 verifica\u021bi ofertele din perioada respectiv\u0103. De asemenea, nu uita\u021bi s\u0103 verifica\u021bi dac\u0103 exist\u0103 evenimente speciale sau festivaluri care se desf\u0103\u0219oar\u0103 \u00een acea perioad\u0103, astfel \u00eenc\u00e2t s\u0103 pute\u021bi profita de cultura local\u0103.<\/p>\n<p>Pe l\u00e2ng\u0103 relaxare, Ziua Muncii poate fi o oportunitate excelent\u0103 pentru a petrece timp de calitate cu familia \u0219i prietenii. Activit\u0103\u021bile \u00een aer liber, cum ar fi picnicurile sau drume\u021biile, sunt ideale pentru a crea amintiri frumoase. De asemenea, multe ora\u0219e organizeaz\u0103 evenimente \u0219i parade pentru a celebra aceast\u0103 zi, a\u0219a c\u0103 este bine s\u0103 ne inform\u0103m despre ceea ce se \u00eent\u00e2mpl\u0103 \u00een comunitatea noastr\u0103.<\/p>\n<p>\u00cen plus, nu trebuie s\u0103 uit\u0103m de responsabilitatea noastr\u0103 de a ne bucura de aceast\u0103 zi \u00eentr-un mod care respect\u0103 mediul \u00eenconjur\u0103tor. Este important s\u0103 l\u0103s\u0103m locurile pe care le vizit\u0103m curate \u0219i s\u0103 ne asigur\u0103m c\u0103 nu l\u0103s\u0103m \u00een urm\u0103 de\u0219euri. Prin alegerea destina\u021biilor eco-friendly \u0219i prin adoptarea unor practici sustenabile, putem contribui la protejarea naturii pentru genera\u021biile viitoare.<\/p>\n<p>\u00cen concluzie, Ziua Muncii din 2026 ofer\u0103 o oportunitate excelent\u0103 de a ne bucura de o mini-vacan\u021b\u0103. Indiferent dac\u0103 alegem s\u0103 ne relax\u0103m la mare sau la munte, este important s\u0103 planific\u0103m din timp pentru a ne asigura c\u0103 avem parte de o experien\u021b\u0103 pl\u0103cut\u0103. S\u0103rb\u0103tori\u021bi contribu\u021biile muncitorilor \u0219i profita\u021bi de aceast\u0103 ocazie pentru a v\u0103 re\u00eenc\u0103rca bateriile \u00eenainte de a reveni la munc\u0103. Planifica\u021bi-v\u0103 vacan\u021ba astfel \u00eenc\u00e2t s\u0103 fie una memorabil\u0103 \u0219i plin\u0103 de bucurie!<\/p>\n","protected":false},"excerpt":{"rendered":"<p>Ziua Muncii este o ocazie perfect\u0103 pentru a s\u0103rb\u0103tori realiz\u0103rile muncitorilor, dar \u0219i pentru a planifica o scurt\u0103 escapad\u0103. \u00cen 2026, aceast\u0103 s\u0103rb\u0103toare va c\u0103dea \u00eentr-o zi care ar putea oferi oportunit\u0103\u021bi interesante pentru o mini-vacan\u021b\u0103.<\/p>\n","protected":false},"author":1,"featured_media":956,"comment_status":"open","ping_status":"open","sticky":false,"template":"","format":"standard","meta":{"footnotes":""},"categories":[3],"tags":[],"class_list":{"0":"post-1114","1":"post","2":"type-post","3":"status-publish","4":"format-standard","5":"has-post-thumbnail","7":"category-vacante-si-planificare-scolara"},"yoast_head":"<!-- This site is optimized with the Yoast SEO plugin v26.9 - https:\/\/yoast.com\/product\/yoast-seo-wordpress\/ -->\n<title>Ziua Muncii \u00een 2026 \u2013 \u0219anse pentru o mini-vacan\u021b\u0103 - IDAYS.RO BLOG<\/title>\n<meta name=\"robots\" content=\"index, follow, max-snippet:-1, max-image-preview:large, max-video-preview:-1\" \/>\n<link rel=\"canonical\" href=\"https:\/\/idays.ro\/blog\/ziua-muncii-in-2026-sanse-pentru-o-mini-vacanta\/\" \/>\n<meta property=\"og:locale\" content=\"ro_RO\" \/>\n<meta property=\"og:type\" content=\"article\" \/>\n<meta property=\"og:title\" content=\"Ziua Muncii \u00een 2026 \u2013 \u0219anse pentru o mini-vacan\u021b\u0103 - IDAYS.RO BLOG\" \/>\n<meta property=\"og:description\" content=\"Ziua Muncii este o ocazie perfect\u0103 pentru a s\u0103rb\u0103tori realiz\u0103rile muncitorilor, dar \u0219i pentru a planifica o scurt\u0103 escapad\u0103. \u00cen 2026, aceast\u0103 s\u0103rb\u0103toare va c\u0103dea \u00eentr-o zi care ar putea oferi oportunit\u0103\u021bi interesante pentru o mini-vacan\u021b\u0103.\" \/>\n<meta property=\"og:url\" content=\"https:\/\/idays.ro\/blog\/ziua-muncii-in-2026-sanse-pentru-o-mini-vacanta\/\" \/>\n<meta property=\"og:site_name\" content=\"IDAYS.RO BLOG\" \/>\n<meta property=\"article:published_time\" content=\"2026-04-06T11:10:40+00:00\" \/>\n<meta property=\"og:image\" content=\"https:\/\/idays.ro\/blog\/wp-content\/uploads\/2025\/11\/690def1148741-pexels-amina-filkins-5425070-min.jpg\" \/>\n\t<meta property=\"og:image:width\" content=\"1900\" \/>\n\t<meta property=\"og:image:height\" content=\"1267\" \/>\n\t<meta property=\"og:image:type\" content=\"image\/jpeg\" \/>\n<meta name=\"author\" content=\"liviu.andrei\" \/>\n<meta name=\"twitter:card\" content=\"summary_large_image\" \/>\n<meta name=\"twitter:label1\" content=\"Scris de\" \/>\n\t<meta name=\"twitter:data1\" content=\"liviu.andrei\" \/>\n\t<meta name=\"twitter:label2\" content=\"Timp estimat pentru citire\" \/>\n\t<meta name=\"twitter:data2\" content=\"4 minute\" \/>\n<script type=\"application\/ld+json\" class=\"yoast-schema-graph\">{\"@context\":\"https:\/\/schema.org\",\"@graph\":[{\"@type\":\"Article\",\"@id\":\"https:\/\/idays.ro\/blog\/ziua-muncii-in-2026-sanse-pentru-o-mini-vacanta\/#article\",\"isPartOf\":{\"@id\":\"https:\/\/idays.ro\/blog\/ziua-muncii-in-2026-sanse-pentru-o-mini-vacanta\/\"},\"author\":{\"name\":\"liviu.andrei\",\"@id\":\"https:\/\/idays.ro\/blog\/#\/schema\/person\/8b6552e1384e1ab28b8d3dc230212823\"},\"headline\":\"Ziua Muncii \u00een 2026 \u2013 \u0219anse pentru o mini-vacan\u021b\u0103\",\"datePublished\":\"2026-04-06T11:10:40+00:00\",\"mainEntityOfPage\":{\"@id\":\"https:\/\/idays.ro\/blog\/ziua-muncii-in-2026-sanse-pentru-o-mini-vacanta\/\"},\"wordCount\":603,\"commentCount\":0,\"image\":{\"@id\":\"https:\/\/idays.ro\/blog\/ziua-muncii-in-2026-sanse-pentru-o-mini-vacanta\/#primaryimage\"},\"thumbnailUrl\":\"https:\/\/idays.ro\/blog\/wp-content\/uploads\/2025\/11\/690def1148741-pexels-amina-filkins-5425070-min.jpg\",\"articleSection\":[\"Vacante si planificare scolara\"],\"inLanguage\":\"ro-RO\",\"potentialAction\":[{\"@type\":\"CommentAction\",\"name\":\"Comment\",\"target\":[\"https:\/\/idays.ro\/blog\/ziua-muncii-in-2026-sanse-pentru-o-mini-vacanta\/#respond\"]}]},{\"@type\":\"WebPage\",\"@id\":\"https:\/\/idays.ro\/blog\/ziua-muncii-in-2026-sanse-pentru-o-mini-vacanta\/\",\"url\":\"https:\/\/idays.ro\/blog\/ziua-muncii-in-2026-sanse-pentru-o-mini-vacanta\/\",\"name\":\"Ziua Muncii \u00een 2026 \u2013 \u0219anse pentru o mini-vacan\u021b\u0103 - IDAYS.RO BLOG\",\"isPartOf\":{\"@id\":\"https:\/\/idays.ro\/blog\/#website\"},\"primaryImageOfPage\":{\"@id\":\"https:\/\/idays.ro\/blog\/ziua-muncii-in-2026-sanse-pentru-o-mini-vacanta\/#primaryimage\"},\"image\":{\"@id\":\"https:\/\/idays.ro\/blog\/ziua-muncii-in-2026-sanse-pentru-o-mini-vacanta\/#primaryimage\"},\"thumbnailUrl\":\"https:\/\/idays.ro\/blog\/wp-content\/uploads\/2025\/11\/690def1148741-pexels-amina-filkins-5425070-min.jpg\",\"datePublished\":\"2026-04-06T11:10:40+00:00\",\"author\":{\"@id\":\"https:\/\/idays.ro\/blog\/#\/schema\/person\/8b6552e1384e1ab28b8d3dc230212823\"},\"breadcrumb\":{\"@id\":\"https:\/\/idays.ro\/blog\/ziua-muncii-in-2026-sanse-pentru-o-mini-vacanta\/#breadcrumb\"},\"inLanguage\":\"ro-RO\",\"potentialAction\":[{\"@type\":\"ReadAction\",\"target\":[\"https:\/\/idays.ro\/blog\/ziua-muncii-in-2026-sanse-pentru-o-mini-vacanta\/\"]}]},{\"@type\":\"ImageObject\",\"inLanguage\":\"ro-RO\",\"@id\":\"https:\/\/idays.ro\/blog\/ziua-muncii-in-2026-sanse-pentru-o-mini-vacanta\/#primaryimage\",\"url\":\"https:\/\/idays.ro\/blog\/wp-content\/uploads\/2025\/11\/690def1148741-pexels-amina-filkins-5425070-min.jpg\",\"contentUrl\":\"https:\/\/idays.ro\/blog\/wp-content\/uploads\/2025\/11\/690def1148741-pexels-amina-filkins-5425070-min.jpg\",\"width\":1900,\"height\":1267},{\"@type\":\"BreadcrumbList\",\"@id\":\"https:\/\/idays.ro\/blog\/ziua-muncii-in-2026-sanse-pentru-o-mini-vacanta\/#breadcrumb\",\"itemListElement\":[{\"@type\":\"ListItem\",\"position\":1,\"name\":\"Prima pagin\u0103\",\"item\":\"https:\/\/idays.ro\/blog\/\"},{\"@type\":\"ListItem\",\"position\":2,\"name\":\"Ziua Muncii \u00een 2026 \u2013 \u0219anse pentru o mini-vacan\u021b\u0103\"}]},{\"@type\":\"WebSite\",\"@id\":\"https:\/\/idays.ro\/blog\/#website\",\"url\":\"https:\/\/idays.ro\/blog\/\",\"name\":\"IDAYS.RO BLOG\",\"description\":\"\",\"potentialAction\":[{\"@type\":\"SearchAction\",\"target\":{\"@type\":\"EntryPoint\",\"urlTemplate\":\"https:\/\/idays.ro\/blog\/?s={search_term_string}\"},\"query-input\":{\"@type\":\"PropertyValueSpecification\",\"valueRequired\":true,\"valueName\":\"search_term_string\"}}],\"inLanguage\":\"ro-RO\"},{\"@type\":\"Person\",\"@id\":\"https:\/\/idays.ro\/blog\/#\/schema\/person\/8b6552e1384e1ab28b8d3dc230212823\",\"name\":\"liviu.andrei\",\"image\":{\"@type\":\"ImageObject\",\"inLanguage\":\"ro-RO\",\"@id\":\"https:\/\/idays.ro\/blog\/#\/schema\/person\/image\/\",\"url\":\"https:\/\/secure.gravatar.com\/avatar\/b3f7b6799cd9cf49f1e5691003e23e3cdcfee36272b0a7e3863eb32ccb60b91a?s=96&d=mm&r=g\",\"contentUrl\":\"https:\/\/secure.gravatar.com\/avatar\/b3f7b6799cd9cf49f1e5691003e23e3cdcfee36272b0a7e3863eb32ccb60b91a?s=96&d=mm&r=g\",\"caption\":\"liviu.andrei\"},\"sameAs\":[\"https:\/\/idays.ro\/blog\"]}]}<\/script>\n<!-- \/ Yoast SEO plugin. -->","yoast_head_json":{"title":"Ziua Muncii \u00een 2026 \u2013 \u0219anse pentru o mini-vacan\u021b\u0103 - IDAYS.RO BLOG","robots":{"index":"index","follow":"follow","max-snippet":"max-snippet:-1","max-image-preview":"max-image-preview:large","max-video-preview":"max-video-preview:-1"},"canonical":"https:\/\/idays.ro\/blog\/ziua-muncii-in-2026-sanse-pentru-o-mini-vacanta\/","og_locale":"ro_RO","og_type":"article","og_title":"Ziua Muncii \u00een 2026 \u2013 \u0219anse pentru o mini-vacan\u021b\u0103 - IDAYS.RO BLOG","og_description":"Ziua Muncii este o ocazie perfect\u0103 pentru a s\u0103rb\u0103tori realiz\u0103rile muncitorilor, dar \u0219i pentru a planifica o scurt\u0103 escapad\u0103. \u00cen 2026, aceast\u0103 s\u0103rb\u0103toare va c\u0103dea \u00eentr-o zi care ar putea oferi oportunit\u0103\u021bi interesante pentru o mini-vacan\u021b\u0103.","og_url":"https:\/\/idays.ro\/blog\/ziua-muncii-in-2026-sanse-pentru-o-mini-vacanta\/","og_site_name":"IDAYS.RO BLOG","article_published_time":"2026-04-06T11:10:40+00:00","og_image":[{"width":1900,"height":1267,"url":"https:\/\/idays.ro\/blog\/wp-content\/uploads\/2025\/11\/690def1148741-pexels-amina-filkins-5425070-min.jpg","type":"image\/jpeg"}],"author":"liviu.andrei","twitter_card":"summary_large_image","twitter_misc":{"Scris de":"liviu.andrei","Timp estimat pentru citire":"4 minute"},"schema":{"@context":"https:\/\/schema.org","@graph":[{"@type":"Article","@id":"https:\/\/idays.ro\/blog\/ziua-muncii-in-2026-sanse-pentru-o-mini-vacanta\/#article","isPartOf":{"@id":"https:\/\/idays.ro\/blog\/ziua-muncii-in-2026-sanse-pentru-o-mini-vacanta\/"},"author":{"name":"liviu.andrei","@id":"https:\/\/idays.ro\/blog\/#\/schema\/person\/8b6552e1384e1ab28b8d3dc230212823"},"headline":"Ziua Muncii \u00een 2026 \u2013 \u0219anse pentru o mini-vacan\u021b\u0103","datePublished":"2026-04-06T11:10:40+00:00","mainEntityOfPage":{"@id":"https:\/\/idays.ro\/blog\/ziua-muncii-in-2026-sanse-pentru-o-mini-vacanta\/"},"wordCount":603,"commentCount":0,"image":{"@id":"https:\/\/idays.ro\/blog\/ziua-muncii-in-2026-sanse-pentru-o-mini-vacanta\/#primaryimage"},"thumbnailUrl":"https:\/\/idays.ro\/blog\/wp-content\/uploads\/2025\/11\/690def1148741-pexels-amina-filkins-5425070-min.jpg","articleSection":["Vacante si planificare scolara"],"inLanguage":"ro-RO","potentialAction":[{"@type":"CommentAction","name":"Comment","target":["https:\/\/idays.ro\/blog\/ziua-muncii-in-2026-sanse-pentru-o-mini-vacanta\/#respond"]}]},{"@type":"WebPage","@id":"https:\/\/idays.ro\/blog\/ziua-muncii-in-2026-sanse-pentru-o-mini-vacanta\/","url":"https:\/\/idays.ro\/blog\/ziua-muncii-in-2026-sanse-pentru-o-mini-vacanta\/","name":"Ziua Muncii \u00een 2026 \u2013 \u0219anse pentru o mini-vacan\u021b\u0103 - IDAYS.RO BLOG","isPartOf":{"@id":"https:\/\/idays.ro\/blog\/#website"},"primaryImageOfPage":{"@id":"https:\/\/idays.ro\/blog\/ziua-muncii-in-2026-sanse-pentru-o-mini-vacanta\/#primaryimage"},"image":{"@id":"https:\/\/idays.ro\/blog\/ziua-muncii-in-2026-sanse-pentru-o-mini-vacanta\/#primaryimage"},"thumbnailUrl":"https:\/\/idays.ro\/blog\/wp-content\/uploads\/2025\/11\/690def1148741-pexels-amina-filkins-5425070-min.jpg","datePublished":"2026-04-06T11:10:40+00:00","author":{"@id":"https:\/\/idays.ro\/blog\/#\/schema\/person\/8b6552e1384e1ab28b8d3dc230212823"},"breadcrumb":{"@id":"https:\/\/idays.ro\/blog\/ziua-muncii-in-2026-sanse-pentru-o-mini-vacanta\/#breadcrumb"},"inLanguage":"ro-RO","potentialAction":[{"@type":"ReadAction","target":["https:\/\/idays.ro\/blog\/ziua-muncii-in-2026-sanse-pentru-o-mini-vacanta\/"]}]},{"@type":"ImageObject","inLanguage":"ro-RO","@id":"https:\/\/idays.ro\/blog\/ziua-muncii-in-2026-sanse-pentru-o-mini-vacanta\/#primaryimage","url":"https:\/\/idays.ro\/blog\/wp-content\/uploads\/2025\/11\/690def1148741-pexels-amina-filkins-5425070-min.jpg","contentUrl":"https:\/\/idays.ro\/blog\/wp-content\/uploads\/2025\/11\/690def1148741-pexels-amina-filkins-5425070-min.jpg","width":1900,"height":1267},{"@type":"BreadcrumbList","@id":"https:\/\/idays.ro\/blog\/ziua-muncii-in-2026-sanse-pentru-o-mini-vacanta\/#breadcrumb","itemListElement":[{"@type":"ListItem","position":1,"name":"Prima pagin\u0103","item":"https:\/\/idays.ro\/blog\/"},{"@type":"ListItem","position":2,"name":"Ziua Muncii \u00een 2026 \u2013 \u0219anse pentru o mini-vacan\u021b\u0103"}]},{"@type":"WebSite","@id":"https:\/\/idays.ro\/blog\/#website","url":"https:\/\/idays.ro\/blog\/","name":"IDAYS.RO BLOG","description":"","potentialAction":[{"@type":"SearchAction","target":{"@type":"EntryPoint","urlTemplate":"https:\/\/idays.ro\/blog\/?s={search_term_string}"},"query-input":{"@type":"PropertyValueSpecification","valueRequired":true,"valueName":"search_term_string"}}],"inLanguage":"ro-RO"},{"@type":"Person","@id":"https:\/\/idays.ro\/blog\/#\/schema\/person\/8b6552e1384e1ab28b8d3dc230212823","name":"liviu.andrei","image":{"@type":"ImageObject","inLanguage":"ro-RO","@id":"https:\/\/idays.ro\/blog\/#\/schema\/person\/image\/","url":"https:\/\/secure.gravatar.com\/avatar\/b3f7b6799cd9cf49f1e5691003e23e3cdcfee36272b0a7e3863eb32ccb60b91a?s=96&d=mm&r=g","contentUrl":"https:\/\/secure.gravatar.com\/avatar\/b3f7b6799cd9cf49f1e5691003e23e3cdcfee36272b0a7e3863eb32ccb60b91a?s=96&d=mm&r=g","caption":"liviu.andrei"},"sameAs":["https:\/\/idays.ro\/blog"]}]}},"_links":{"self":[{"href":"https:\/\/idays.ro\/blog\/wp-json\/wp\/v2\/posts\/1114","targetHints":{"allow":["GET"]}}],"collection":[{"href":"https:\/\/idays.ro\/blog\/wp-json\/wp\/v2\/posts"}],"about":[{"href":"https:\/\/idays.ro\/blog\/wp-json\/wp\/v2\/types\/post"}],"author":[{"embeddable":true,"href":"https:\/\/idays.ro\/blog\/wp-json\/wp\/v2\/users\/1"}],"replies":[{"embeddable":true,"href":"https:\/\/idays.ro\/blog\/wp-json\/wp\/v2\/comments?post=1114"}],"version-history":[{"count":1,"href":"https:\/\/idays.ro\/blog\/wp-json\/wp\/v2\/posts\/1114\/revisions"}],"predecessor-version":[{"id":1117,"href":"https:\/\/idays.ro\/blog\/wp-json\/wp\/v2\/posts\/1114\/revisions\/1117"}],"wp:featuredmedia":[{"embeddable":true,"href":"https:\/\/idays.ro\/blog\/wp-json\/wp\/v2\/media\/956"}],"wp:attachment":[{"href":"https:\/\/idays.ro\/blog\/wp-json\/wp\/v2\/media?parent=1114"}],"wp:term":[{"taxonomy":"category","embeddable":true,"href":"https:\/\/idays.ro\/blog\/wp-json\/wp\/v2\/categories?post=1114"},{"taxonomy":"post_tag","embeddable":true,"href":"https:\/\/idays.ro\/blog\/wp-json\/wp\/v2\/tags?post=1114"}],"curies":[{"name":"wp","href":"https:\/\/api.w.org\/{rel}","templated":true}]}}