{"id":1059,"date":"2025-12-23T13:42:49","date_gmt":"2025-12-23T11:42:49","guid":{"rendered":"https:\/\/idays.ro\/blog\/?p=1059"},"modified":"2025-12-06T13:45:40","modified_gmt":"2025-12-06T11:45:40","slug":"obiceiuri-din-bucovina-care-pastreaza-spiritul-iernii","status":"publish","type":"post","link":"https:\/\/idays.ro\/blog\/obiceiuri-din-bucovina-care-pastreaza-spiritul-iernii\/","title":{"rendered":"Obiceiuri din Bucovina care p\u0103streaz\u0103 spiritul iernii"},"content":{"rendered":"<p>Iarna \u00een Bucovina este un sezon al pove\u0219tilor \u0219i al tradi\u021biilor, unde fiecare col\u021b al regiunii pare s\u0103 fie \u00eemb\u0103ls\u0103mat \u00een farmecul obiceiurilor vechi. De-a lungul timpului, bucovinenii au reu\u0219it s\u0103 p\u0103streze vii tradi\u021bii care nu doar c\u0103 \u00eembog\u0103\u021besc cultura local\u0103, dar \u0219i ofer\u0103 un sentiment de apartenen\u021b\u0103 \u0219i continuitate \u00een fa\u021ba moderniz\u0103rii.<\/p>\n<p>Unul dintre cele mai reprezentative obiceiuri de iarn\u0103 din Bucovina este <strong>colindatul<\/strong>. \u00cenc\u0103 din cele mai vechi timpuri, copiii \u0219i tinerii din sate se adun\u0103 pentru a merge din poart\u0103 \u00een poart\u0103, c\u00e2nt\u00e2nd colinde \u0219i ur\u0103ri de bine. Acest obicei nu este doar o modalitate de a aduce bucurie \u00een casele oamenilor, ci \u0219i o form\u0103 de a face schimb de daruri, de a \u00eent\u0103ri leg\u0103turile comunit\u0103\u021bii. Colindele bucovinene sunt pline de simboluri \u0219i mesaje profunde, reflect\u00e2nd at\u00e2t credin\u021ba, c\u00e2t \u0219i dorin\u021bele oamenilor pentru noul an.<\/p>\n<p>O alt\u0103 tradi\u021bie important\u0103 este <strong>cercetarea ursului<\/strong>, un obicei str\u0103vechi ce are loc \u00een noaptea de Anul Nou. Tinerii se \u00eembrac\u0103 \u00een costume de urs \u0219i, acompania\u021bi de muzic\u0103 popular\u0103, cutreier\u0103 satele pentru a aduce noroc \u0219i prosperitate. Aceast\u0103 tradi\u021bie simbolizeaz\u0103 trecerea de la un an la altul \u0219i dorin\u021ba comunit\u0103\u021bii de a avea un an plin de bel\u0219ug. Ursul, ca simbol al for\u021bei \u0219i al vitalit\u0103\u021bii, este venerat \u00een multe culturi, iar \u00een Bucovina acesta cap\u0103t\u0103 o semnifica\u021bie aparte \u00een preajma s\u0103rb\u0103torilor.<\/p>\n<p>Pe l\u00e2ng\u0103 obiceiurile festive, Bucovina este renumit\u0103 \u0219i pentru <strong>preparatele culinare de iarn\u0103<\/strong>. M\u00e2nc\u0103rurile tradi\u021bionale, cum ar fi sarmalele, m\u0103m\u0103liga cu br\u00e2nz\u0103 \u0219i sm\u00e2nt\u00e2n\u0103 sau cozonacul, sunt nelipsite de pe mesele de s\u0103rb\u0103toare. Fiecare familie are re\u021betele sale secrete, transmise din genera\u021bie \u00een genera\u021bie, iar prepararea acestor bucate devine o activitate comun\u0103, care aduce \u00eempreun\u0103 membrii familiei. Aroma m\u00e2nc\u0103rurilor g\u0103tite \u00een cas\u0103, \u00eenv\u0103luite \u00een tradi\u021bii, face ca mesele de iarn\u0103 s\u0103 fie cu adev\u0103rat speciale.<\/p>\n<p>Un alt obicei distinctiv din Bucovina este <strong>focul de artificii<\/strong> care marcheaz\u0103 trecerea \u00een noul an. Satele sunt \u00eembr\u0103cate \u00een lumini str\u0103lucitoare, iar cerul se umple de culori vibrante, simboliz\u00e2nd speran\u021ba \u0219i noul \u00eenceput. Acest moment este adesea \u00eenso\u021bit de ur\u0103ri \u0219i tradi\u021bii care subliniaz\u0103 importan\u021ba comunit\u0103\u021bii \u0219i a leg\u0103turilor familiale. \u00centregul sat se adun\u0103 pentru a s\u0103rb\u0103tori \u00eempreun\u0103, iar bucuria \u0219i entuziasmul sunt contagioase.<\/p>\n<p>La fel de importante sunt \u0219i <strong>\u00eent\u00e2lnirile cu cei dragi<\/strong>, care au loc \u00een perioada s\u0103rb\u0103torilor de iarn\u0103. Bucovina este cunoscut\u0103 pentru ospitalitatea sa, iar mesele festive devin ocazii perfecte pentru a reuni familia \u0219i prietenii. Fiecare vizit\u0103 este \u00eenso\u021bit\u0103 de preparate tradi\u021bionale, dar \u0219i de pove\u0219ti \u0219i amintiri, care \u00eembog\u0103\u021besc leg\u0103turile interumane. \u00cen aceste momente, puterea tradi\u021biilor se manifest\u0103, aduc\u00e2nd oamenii mai aproape unii de al\u021bii.<\/p>\n<p>Iarna \u00een Bucovina nu este doar o simpl\u0103 perioad\u0103 a anului; este o experien\u021b\u0103 cultural\u0103 profund\u0103, plin\u0103 de obiceiuri \u0219i tradi\u021bii care p\u0103streaz\u0103 vie identitatea comunit\u0103\u021bii. Colindatul, cercetarea ursului, mesele \u00eembel\u0219ugate \u0219i focurile de artificii sunt doar c\u00e2teva dintre modalit\u0103\u021bile prin care bucovinenii \u00ee\u0219i celebreaz\u0103 r\u0103d\u0103cinile \u0219i valorile. Aceste tradi\u021bii nu doar c\u0103 p\u0103streaz\u0103 spiritul iernii, dar contribuie \u0219i la men\u021binerea unei leg\u0103turi str\u00e2nse \u00eentre genera\u021bii, asigur\u00e2nd astfel perpetuarea lor \u00een viitor.<\/p>\n<p>\u00cen concluzie, Bucovina este un loc unde iarna cap\u0103t\u0103 o dimensiune aparte, iar obiceiurile tradi\u021bionale re\u00eenvie \u00een fiecare an, aduc\u00e2nd bucurie \u0219i speran\u021b\u0103 \u00een sufletele oamenilor. Aceste tradi\u021bii nu sunt doar simple ritualuri, ci o parte esen\u021bial\u0103 a identit\u0103\u021bii bucovinene, care merit\u0103 s\u0103 fie celebrate \u0219i transmise mai departe.<\/p>\n","protected":false},"excerpt":{"rendered":"<p>Iarna \u00een Bucovina aduce cu sine o serie de obiceiuri tradi\u021bionale care reflect\u0103 frumuse\u021bea \u0219i bog\u0103\u021bia cultural\u0103 a acestei regiuni. De la colindele care r\u0103sun\u0103 \u00een satele din zon\u0103, la preparatele specifice care \u00eembog\u0103\u021besc mesele de s\u0103rb\u0103toare, iarna \u00een Bucovina este o perioad\u0103 plin\u0103 de magie \u0219i tradi\u021bie.<\/p>\n","protected":false},"author":1,"featured_media":1062,"comment_status":"open","ping_status":"open","sticky":false,"template":"","format":"standard","meta":{"footnotes":""},"categories":[6],"tags":[],"class_list":{"0":"post-1059","1":"post","2":"type-post","3":"status-publish","4":"format-standard","5":"has-post-thumbnail","7":"category-traditii-locale"},"yoast_head":"<!-- This site is optimized with the Yoast SEO plugin v26.9 - https:\/\/yoast.com\/product\/yoast-seo-wordpress\/ -->\n<title>Obiceiuri din Bucovina care p\u0103streaz\u0103 spiritul iernii - IDAYS.RO BLOG<\/title>\n<meta name=\"robots\" content=\"index, follow, max-snippet:-1, max-image-preview:large, max-video-preview:-1\" \/>\n<link rel=\"canonical\" href=\"https:\/\/idays.ro\/blog\/obiceiuri-din-bucovina-care-pastreaza-spiritul-iernii\/\" \/>\n<meta property=\"og:locale\" content=\"ro_RO\" \/>\n<meta property=\"og:type\" content=\"article\" \/>\n<meta property=\"og:title\" content=\"Obiceiuri din Bucovina care p\u0103streaz\u0103 spiritul iernii - IDAYS.RO BLOG\" \/>\n<meta property=\"og:description\" content=\"Iarna \u00een Bucovina aduce cu sine o serie de obiceiuri tradi\u021bionale care reflect\u0103 frumuse\u021bea \u0219i bog\u0103\u021bia cultural\u0103 a acestei regiuni. De la colindele care r\u0103sun\u0103 \u00een satele din zon\u0103, la preparatele specifice care \u00eembog\u0103\u021besc mesele de s\u0103rb\u0103toare, iarna \u00een Bucovina este o perioad\u0103 plin\u0103 de magie \u0219i tradi\u021bie.\" \/>\n<meta property=\"og:url\" content=\"https:\/\/idays.ro\/blog\/obiceiuri-din-bucovina-care-pastreaza-spiritul-iernii\/\" \/>\n<meta property=\"og:site_name\" content=\"IDAYS.RO BLOG\" \/>\n<meta property=\"article:published_time\" content=\"2025-12-23T11:42:49+00:00\" \/>\n<meta property=\"og:image\" content=\"https:\/\/idays.ro\/blog\/wp-content\/uploads\/2025\/12\/bucovina-iarna-min.jpg\" \/>\n\t<meta property=\"og:image:width\" content=\"1900\" \/>\n\t<meta property=\"og:image:height\" content=\"1318\" \/>\n\t<meta property=\"og:image:type\" content=\"image\/jpeg\" \/>\n<meta name=\"author\" content=\"liviu.andrei\" \/>\n<meta name=\"twitter:card\" content=\"summary_large_image\" \/>\n<meta name=\"twitter:label1\" content=\"Scris de\" \/>\n\t<meta name=\"twitter:data1\" content=\"liviu.andrei\" \/>\n\t<meta name=\"twitter:label2\" content=\"Timp estimat pentru citire\" \/>\n\t<meta name=\"twitter:data2\" content=\"4 minute\" \/>\n<script type=\"application\/ld+json\" class=\"yoast-schema-graph\">{\"@context\":\"https:\/\/schema.org\",\"@graph\":[{\"@type\":\"Article\",\"@id\":\"https:\/\/idays.ro\/blog\/obiceiuri-din-bucovina-care-pastreaza-spiritul-iernii\/#article\",\"isPartOf\":{\"@id\":\"https:\/\/idays.ro\/blog\/obiceiuri-din-bucovina-care-pastreaza-spiritul-iernii\/\"},\"author\":{\"name\":\"liviu.andrei\",\"@id\":\"https:\/\/idays.ro\/blog\/#\/schema\/person\/8b6552e1384e1ab28b8d3dc230212823\"},\"headline\":\"Obiceiuri din Bucovina care p\u0103streaz\u0103 spiritul iernii\",\"datePublished\":\"2025-12-23T11:42:49+00:00\",\"mainEntityOfPage\":{\"@id\":\"https:\/\/idays.ro\/blog\/obiceiuri-din-bucovina-care-pastreaza-spiritul-iernii\/\"},\"wordCount\":657,\"commentCount\":0,\"image\":{\"@id\":\"https:\/\/idays.ro\/blog\/obiceiuri-din-bucovina-care-pastreaza-spiritul-iernii\/#primaryimage\"},\"thumbnailUrl\":\"https:\/\/idays.ro\/blog\/wp-content\/uploads\/2025\/12\/bucovina-iarna-min.jpg\",\"articleSection\":[\"Traditii locale\"],\"inLanguage\":\"ro-RO\",\"potentialAction\":[{\"@type\":\"CommentAction\",\"name\":\"Comment\",\"target\":[\"https:\/\/idays.ro\/blog\/obiceiuri-din-bucovina-care-pastreaza-spiritul-iernii\/#respond\"]}]},{\"@type\":\"WebPage\",\"@id\":\"https:\/\/idays.ro\/blog\/obiceiuri-din-bucovina-care-pastreaza-spiritul-iernii\/\",\"url\":\"https:\/\/idays.ro\/blog\/obiceiuri-din-bucovina-care-pastreaza-spiritul-iernii\/\",\"name\":\"Obiceiuri din Bucovina care p\u0103streaz\u0103 spiritul iernii - IDAYS.RO BLOG\",\"isPartOf\":{\"@id\":\"https:\/\/idays.ro\/blog\/#website\"},\"primaryImageOfPage\":{\"@id\":\"https:\/\/idays.ro\/blog\/obiceiuri-din-bucovina-care-pastreaza-spiritul-iernii\/#primaryimage\"},\"image\":{\"@id\":\"https:\/\/idays.ro\/blog\/obiceiuri-din-bucovina-care-pastreaza-spiritul-iernii\/#primaryimage\"},\"thumbnailUrl\":\"https:\/\/idays.ro\/blog\/wp-content\/uploads\/2025\/12\/bucovina-iarna-min.jpg\",\"datePublished\":\"2025-12-23T11:42:49+00:00\",\"author\":{\"@id\":\"https:\/\/idays.ro\/blog\/#\/schema\/person\/8b6552e1384e1ab28b8d3dc230212823\"},\"breadcrumb\":{\"@id\":\"https:\/\/idays.ro\/blog\/obiceiuri-din-bucovina-care-pastreaza-spiritul-iernii\/#breadcrumb\"},\"inLanguage\":\"ro-RO\",\"potentialAction\":[{\"@type\":\"ReadAction\",\"target\":[\"https:\/\/idays.ro\/blog\/obiceiuri-din-bucovina-care-pastreaza-spiritul-iernii\/\"]}]},{\"@type\":\"ImageObject\",\"inLanguage\":\"ro-RO\",\"@id\":\"https:\/\/idays.ro\/blog\/obiceiuri-din-bucovina-care-pastreaza-spiritul-iernii\/#primaryimage\",\"url\":\"https:\/\/idays.ro\/blog\/wp-content\/uploads\/2025\/12\/bucovina-iarna-min.jpg\",\"contentUrl\":\"https:\/\/idays.ro\/blog\/wp-content\/uploads\/2025\/12\/bucovina-iarna-min.jpg\",\"width\":1900,\"height\":1318,\"caption\":\"Bucovina\"},{\"@type\":\"BreadcrumbList\",\"@id\":\"https:\/\/idays.ro\/blog\/obiceiuri-din-bucovina-care-pastreaza-spiritul-iernii\/#breadcrumb\",\"itemListElement\":[{\"@type\":\"ListItem\",\"position\":1,\"name\":\"Prima pagin\u0103\",\"item\":\"https:\/\/idays.ro\/blog\/\"},{\"@type\":\"ListItem\",\"position\":2,\"name\":\"Obiceiuri din Bucovina care p\u0103streaz\u0103 spiritul iernii\"}]},{\"@type\":\"WebSite\",\"@id\":\"https:\/\/idays.ro\/blog\/#website\",\"url\":\"https:\/\/idays.ro\/blog\/\",\"name\":\"IDAYS.RO BLOG\",\"description\":\"\",\"potentialAction\":[{\"@type\":\"SearchAction\",\"target\":{\"@type\":\"EntryPoint\",\"urlTemplate\":\"https:\/\/idays.ro\/blog\/?s={search_term_string}\"},\"query-input\":{\"@type\":\"PropertyValueSpecification\",\"valueRequired\":true,\"valueName\":\"search_term_string\"}}],\"inLanguage\":\"ro-RO\"},{\"@type\":\"Person\",\"@id\":\"https:\/\/idays.ro\/blog\/#\/schema\/person\/8b6552e1384e1ab28b8d3dc230212823\",\"name\":\"liviu.andrei\",\"image\":{\"@type\":\"ImageObject\",\"inLanguage\":\"ro-RO\",\"@id\":\"https:\/\/idays.ro\/blog\/#\/schema\/person\/image\/\",\"url\":\"https:\/\/secure.gravatar.com\/avatar\/b3f7b6799cd9cf49f1e5691003e23e3cdcfee36272b0a7e3863eb32ccb60b91a?s=96&d=mm&r=g\",\"contentUrl\":\"https:\/\/secure.gravatar.com\/avatar\/b3f7b6799cd9cf49f1e5691003e23e3cdcfee36272b0a7e3863eb32ccb60b91a?s=96&d=mm&r=g\",\"caption\":\"liviu.andrei\"},\"sameAs\":[\"https:\/\/idays.ro\/blog\"]}]}<\/script>\n<!-- \/ Yoast SEO plugin. -->","yoast_head_json":{"title":"Obiceiuri din Bucovina care p\u0103streaz\u0103 spiritul iernii - IDAYS.RO BLOG","robots":{"index":"index","follow":"follow","max-snippet":"max-snippet:-1","max-image-preview":"max-image-preview:large","max-video-preview":"max-video-preview:-1"},"canonical":"https:\/\/idays.ro\/blog\/obiceiuri-din-bucovina-care-pastreaza-spiritul-iernii\/","og_locale":"ro_RO","og_type":"article","og_title":"Obiceiuri din Bucovina care p\u0103streaz\u0103 spiritul iernii - IDAYS.RO BLOG","og_description":"Iarna \u00een Bucovina aduce cu sine o serie de obiceiuri tradi\u021bionale care reflect\u0103 frumuse\u021bea \u0219i bog\u0103\u021bia cultural\u0103 a acestei regiuni. De la colindele care r\u0103sun\u0103 \u00een satele din zon\u0103, la preparatele specifice care \u00eembog\u0103\u021besc mesele de s\u0103rb\u0103toare, iarna \u00een Bucovina este o perioad\u0103 plin\u0103 de magie \u0219i tradi\u021bie.","og_url":"https:\/\/idays.ro\/blog\/obiceiuri-din-bucovina-care-pastreaza-spiritul-iernii\/","og_site_name":"IDAYS.RO BLOG","article_published_time":"2025-12-23T11:42:49+00:00","og_image":[{"width":1900,"height":1318,"url":"https:\/\/idays.ro\/blog\/wp-content\/uploads\/2025\/12\/bucovina-iarna-min.jpg","type":"image\/jpeg"}],"author":"liviu.andrei","twitter_card":"summary_large_image","twitter_misc":{"Scris de":"liviu.andrei","Timp estimat pentru citire":"4 minute"},"schema":{"@context":"https:\/\/schema.org","@graph":[{"@type":"Article","@id":"https:\/\/idays.ro\/blog\/obiceiuri-din-bucovina-care-pastreaza-spiritul-iernii\/#article","isPartOf":{"@id":"https:\/\/idays.ro\/blog\/obiceiuri-din-bucovina-care-pastreaza-spiritul-iernii\/"},"author":{"name":"liviu.andrei","@id":"https:\/\/idays.ro\/blog\/#\/schema\/person\/8b6552e1384e1ab28b8d3dc230212823"},"headline":"Obiceiuri din Bucovina care p\u0103streaz\u0103 spiritul iernii","datePublished":"2025-12-23T11:42:49+00:00","mainEntityOfPage":{"@id":"https:\/\/idays.ro\/blog\/obiceiuri-din-bucovina-care-pastreaza-spiritul-iernii\/"},"wordCount":657,"commentCount":0,"image":{"@id":"https:\/\/idays.ro\/blog\/obiceiuri-din-bucovina-care-pastreaza-spiritul-iernii\/#primaryimage"},"thumbnailUrl":"https:\/\/idays.ro\/blog\/wp-content\/uploads\/2025\/12\/bucovina-iarna-min.jpg","articleSection":["Traditii locale"],"inLanguage":"ro-RO","potentialAction":[{"@type":"CommentAction","name":"Comment","target":["https:\/\/idays.ro\/blog\/obiceiuri-din-bucovina-care-pastreaza-spiritul-iernii\/#respond"]}]},{"@type":"WebPage","@id":"https:\/\/idays.ro\/blog\/obiceiuri-din-bucovina-care-pastreaza-spiritul-iernii\/","url":"https:\/\/idays.ro\/blog\/obiceiuri-din-bucovina-care-pastreaza-spiritul-iernii\/","name":"Obiceiuri din Bucovina care p\u0103streaz\u0103 spiritul iernii - IDAYS.RO BLOG","isPartOf":{"@id":"https:\/\/idays.ro\/blog\/#website"},"primaryImageOfPage":{"@id":"https:\/\/idays.ro\/blog\/obiceiuri-din-bucovina-care-pastreaza-spiritul-iernii\/#primaryimage"},"image":{"@id":"https:\/\/idays.ro\/blog\/obiceiuri-din-bucovina-care-pastreaza-spiritul-iernii\/#primaryimage"},"thumbnailUrl":"https:\/\/idays.ro\/blog\/wp-content\/uploads\/2025\/12\/bucovina-iarna-min.jpg","datePublished":"2025-12-23T11:42:49+00:00","author":{"@id":"https:\/\/idays.ro\/blog\/#\/schema\/person\/8b6552e1384e1ab28b8d3dc230212823"},"breadcrumb":{"@id":"https:\/\/idays.ro\/blog\/obiceiuri-din-bucovina-care-pastreaza-spiritul-iernii\/#breadcrumb"},"inLanguage":"ro-RO","potentialAction":[{"@type":"ReadAction","target":["https:\/\/idays.ro\/blog\/obiceiuri-din-bucovina-care-pastreaza-spiritul-iernii\/"]}]},{"@type":"ImageObject","inLanguage":"ro-RO","@id":"https:\/\/idays.ro\/blog\/obiceiuri-din-bucovina-care-pastreaza-spiritul-iernii\/#primaryimage","url":"https:\/\/idays.ro\/blog\/wp-content\/uploads\/2025\/12\/bucovina-iarna-min.jpg","contentUrl":"https:\/\/idays.ro\/blog\/wp-content\/uploads\/2025\/12\/bucovina-iarna-min.jpg","width":1900,"height":1318,"caption":"Bucovina"},{"@type":"BreadcrumbList","@id":"https:\/\/idays.ro\/blog\/obiceiuri-din-bucovina-care-pastreaza-spiritul-iernii\/#breadcrumb","itemListElement":[{"@type":"ListItem","position":1,"name":"Prima pagin\u0103","item":"https:\/\/idays.ro\/blog\/"},{"@type":"ListItem","position":2,"name":"Obiceiuri din Bucovina care p\u0103streaz\u0103 spiritul iernii"}]},{"@type":"WebSite","@id":"https:\/\/idays.ro\/blog\/#website","url":"https:\/\/idays.ro\/blog\/","name":"IDAYS.RO BLOG","description":"","potentialAction":[{"@type":"SearchAction","target":{"@type":"EntryPoint","urlTemplate":"https:\/\/idays.ro\/blog\/?s={search_term_string}"},"query-input":{"@type":"PropertyValueSpecification","valueRequired":true,"valueName":"search_term_string"}}],"inLanguage":"ro-RO"},{"@type":"Person","@id":"https:\/\/idays.ro\/blog\/#\/schema\/person\/8b6552e1384e1ab28b8d3dc230212823","name":"liviu.andrei","image":{"@type":"ImageObject","inLanguage":"ro-RO","@id":"https:\/\/idays.ro\/blog\/#\/schema\/person\/image\/","url":"https:\/\/secure.gravatar.com\/avatar\/b3f7b6799cd9cf49f1e5691003e23e3cdcfee36272b0a7e3863eb32ccb60b91a?s=96&d=mm&r=g","contentUrl":"https:\/\/secure.gravatar.com\/avatar\/b3f7b6799cd9cf49f1e5691003e23e3cdcfee36272b0a7e3863eb32ccb60b91a?s=96&d=mm&r=g","caption":"liviu.andrei"},"sameAs":["https:\/\/idays.ro\/blog"]}]}},"_links":{"self":[{"href":"https:\/\/idays.ro\/blog\/wp-json\/wp\/v2\/posts\/1059","targetHints":{"allow":["GET"]}}],"collection":[{"href":"https:\/\/idays.ro\/blog\/wp-json\/wp\/v2\/posts"}],"about":[{"href":"https:\/\/idays.ro\/blog\/wp-json\/wp\/v2\/types\/post"}],"author":[{"embeddable":true,"href":"https:\/\/idays.ro\/blog\/wp-json\/wp\/v2\/users\/1"}],"replies":[{"embeddable":true,"href":"https:\/\/idays.ro\/blog\/wp-json\/wp\/v2\/comments?post=1059"}],"version-history":[{"count":1,"href":"https:\/\/idays.ro\/blog\/wp-json\/wp\/v2\/posts\/1059\/revisions"}],"predecessor-version":[{"id":1063,"href":"https:\/\/idays.ro\/blog\/wp-json\/wp\/v2\/posts\/1059\/revisions\/1063"}],"wp:featuredmedia":[{"embeddable":true,"href":"https:\/\/idays.ro\/blog\/wp-json\/wp\/v2\/media\/1062"}],"wp:attachment":[{"href":"https:\/\/idays.ro\/blog\/wp-json\/wp\/v2\/media?parent=1059"}],"wp:term":[{"taxonomy":"category","embeddable":true,"href":"https:\/\/idays.ro\/blog\/wp-json\/wp\/v2\/categories?post=1059"},{"taxonomy":"post_tag","embeddable":true,"href":"https:\/\/idays.ro\/blog\/wp-json\/wp\/v2\/tags?post=1059"}],"curies":[{"name":"wp","href":"https:\/\/api.w.org\/{rel}","templated":true}]}}