{"id":1015,"date":"2025-12-11T00:27:27","date_gmt":"2025-12-10T22:27:27","guid":{"rendered":"https:\/\/idays.ro\/blog\/?p=1015"},"modified":"2025-11-23T00:36:06","modified_gmt":"2025-11-22T22:36:06","slug":"revelion-2026-in-romania-unde-se-fac-cele-mai-tari-petreceri-2","status":"publish","type":"post","link":"https:\/\/idays.ro\/blog\/revelion-2026-in-romania-unde-se-fac-cele-mai-tari-petreceri-2\/","title":{"rendered":"Revelion 2026 \u00een Rom\u00e2nia: unde se fac cele mai tari petreceri"},"content":{"rendered":"<p>Revelionul este o s\u0103rb\u0103toare a \u00eenceputului de an, un moment \u00een care ne adun\u0103m al\u0103turi de cei dragi pentru a s\u0103rb\u0103tori \u0219i a ne face planuri pentru anul ce vine. Rom\u00e2nia, cu tradi\u021biile sale bogate \u0219i diversitatea cultural\u0103, ofer\u0103 o mul\u021bime de op\u021biuni pentru cei care doresc s\u0103 petreac\u0103 noaptea dintre ani \u00eentr-un mod memorabil. \u00cen 2026, se anun\u021b\u0103 petreceri de neuitat \u00een \u00eentreaga \u021bar\u0103, iar \u00een acest articol vom explora cele mai populare destina\u021bii \u0219i evenimente.<\/p>\n<p><strong>Bucure\u0219ti &#8211; Capitala distrac\u021biei<\/strong><\/p>\n<p>Capitala Rom\u00e2niei se transform\u0103 \u00een centrul festivit\u0103\u021bilor de Revelion. Str\u0103zile din Bucure\u0219ti sunt pline de via\u021b\u0103, iar cluburile \u0219i restaurantele organizeaz\u0103 petreceri tematice care atrag turi\u0219ti din toate col\u021burile \u021b\u0103rii. \u00cen 2026, se preconizeaz\u0103 ca Pia\u021ba Constitu\u021biei s\u0103 g\u0103zduiasc\u0103 un concert grandios cu arti\u0219ti de renume, urmat de un spectaculos foc de artificii. De asemenea, cluburile din Centrul Vechi, precum Control sau Eden, vor oferi petreceri cu DJ cunoscu\u021bi \u0219i atmosfer\u0103 electrizant\u0103.<\/p>\n<p><strong>Cluj-Napoca &#8211; Petreceri \u00een inima Transilvaniei<\/strong><\/p>\n<p>Cluj-Napoca este un alt ora\u0219 care promite s\u0103 fie \u00een centrul aten\u021biei de Revelion. Universitatea \u0219i via\u021ba de noapte vibrant\u0103 din Cluj transform\u0103 ora\u0219ul \u00eentr-o destina\u021bie de top pentru tineret. La Casa de Cultur\u0103 a Studen\u021bilor, se vor organiza evenimente cu muzic\u0103 live \u0219i atmosfer\u0103 de s\u0103rb\u0103toare. De asemenea, multe baruri \u0219i cluburi din zon\u0103, cum ar fi Midi sau Form, vor oferi petreceri cu tematici inovatoare, unde distrac\u021bia este garantat\u0103.<\/p>\n<p><strong>Bra\u0219ov &#8211; Oferte de neuitat \u00een sta\u021biuni montane<\/strong><\/p>\n<p>Pentru cei care prefer\u0103 o petrecere \u00een mijlocul naturii, Bra\u0219ovul \u0219i sta\u021biunile \u00eenconjur\u0103toare, precum Poiana Bra\u0219ov, sunt destina\u021bii excelente. Hotelurile din zon\u0103 preg\u0103tesc pachete speciale de Revelion, care includ cine festive, programe de divertisment \u0219i acces la diverse activit\u0103\u021bi de iarn\u0103, cum ar fi schiatul sau plimb\u0103rile cu sania. Focurile de artificii din Poiana Bra\u0219ov vor ad\u0103uga un strop de magie serii.<\/p>\n<p><strong>Sibiu &#8211; Tradi\u021bii \u0219i festivit\u0103\u021bi<\/strong><\/p>\n<p>Sibiu este cunoscut pentru atmosfera sa medieval\u0103 \u0219i tradi\u021biile bine p\u0103strate. \u00cen 2026, centrul istoric va g\u0103zdui un t\u00e2rg de Cr\u0103ciun care se va transforma \u00eentr-un loc de \u00eent\u00e2lnire pentru petrecerea dintre ani. Spectacolele de muzic\u0103 popular\u0103 \u0219i dansurile tradi\u021bionale vor ad\u0103uga un farmec aparte, iar localnicii \u0219i turi\u0219tii vor avea ocazia s\u0103 se bucure de preparate tradi\u021bionale specifice s\u0103rb\u0103torilor. De asemenea, multe restaurante din Sibiu vor organiza cine festive cu specific local.<\/p>\n<p><strong>Constan\u021ba &#8211; Revelion la malul m\u0103rii<\/strong><\/p>\n<p>Pe litoralul rom\u00e2nesc, Constan\u021ba devine o alegere popular\u0103 pentru Revelion, mai ales pentru cei care doresc s\u0103 petreac\u0103 noaptea de Anul Nou la malul m\u0103rii. Cluburile de pe plaj\u0103, precum Loft sau Fratelli, vor organiza petreceri spectaculoase, cu muzic\u0103 bun\u0103 \u0219i atmosfer\u0103 de vacan\u021b\u0103. \u00cen plus, un foc de artificii impresionant va ilumina cerul deasupra M\u0103rii Negre, oferind un spectacol de neuitat pentru to\u021bi cei prezen\u021bi.<\/p>\n<p><strong>Traditii de Revelion<\/strong><\/p>\n<p>Indiferent de loca\u021bia aleas\u0103, Revelionul \u00een Rom\u00e2nia este adesea marcat de tradi\u021bii care aduc noroc \u0219i prosperitate pentru anul ce vine. \u00cen multe regiuni, se obi\u0219nuie\u0219te ca oamenii s\u0103 \u00eembrace haine noi \u0219i s\u0103 prepare bucate tradi\u021bionale, precum sarmale, cozonaci sau m\u00e2nc\u0103ruri din porc. De asemenea, colind\u0103torii care umbl\u0103 din cas\u0103 \u00een cas\u0103 contribuie la atmosfera festiv\u0103, iar petrecerile sunt adesea \u00eenso\u021bite de c\u00e2ntece \u0219i dansuri populare.<\/p>\n<p>\u00cen concluzie, Revelionul din 2026 promite s\u0103 fie o experien\u021b\u0103 plin\u0103 de distrac\u021bie \u0219i emo\u021bie \u00een \u00eentreaga Rom\u00e2nie. Fie c\u0103 alegi s\u0103 petreci \u00een ora\u0219 sau la munte, op\u021biunile sunt variate \u0219i fiecare destina\u021bie are farmecul s\u0103u unic. Preg\u0103te\u0219te-te s\u0103 \u00eent\u00e2mpini noul an cu bucurie \u0219i entuziasm, al\u0103turi de cei dragi!<\/p>\n","protected":false},"excerpt":{"rendered":"<p>Descoper\u0103 cele mai populare destina\u021bii pentru petrecerile de Revelion din Rom\u00e2nia \u00een 2026, de la tradi\u021biile locale la evenimentele moderne.<\/p>\n","protected":false},"author":1,"featured_media":988,"comment_status":"open","ping_status":"open","sticky":false,"template":"","format":"standard","meta":{"footnotes":""},"categories":[6],"tags":[],"class_list":{"0":"post-1015","1":"post","2":"type-post","3":"status-publish","4":"format-standard","5":"has-post-thumbnail","7":"category-traditii-locale"},"yoast_head":"<!-- This site is optimized with the Yoast SEO plugin v26.9 - https:\/\/yoast.com\/product\/yoast-seo-wordpress\/ -->\n<title>Revelion 2026 \u00een Rom\u00e2nia: unde se fac cele mai tari petreceri - IDAYS.RO BLOG<\/title>\n<meta name=\"robots\" content=\"index, follow, max-snippet:-1, max-image-preview:large, max-video-preview:-1\" \/>\n<link rel=\"canonical\" href=\"https:\/\/idays.ro\/blog\/revelion-2026-in-romania-unde-se-fac-cele-mai-tari-petreceri-2\/\" \/>\n<meta property=\"og:locale\" content=\"ro_RO\" \/>\n<meta property=\"og:type\" content=\"article\" \/>\n<meta property=\"og:title\" content=\"Revelion 2026 \u00een Rom\u00e2nia: unde se fac cele mai tari petreceri - IDAYS.RO BLOG\" \/>\n<meta property=\"og:description\" content=\"Descoper\u0103 cele mai populare destina\u021bii pentru petrecerile de Revelion din Rom\u00e2nia \u00een 2026, de la tradi\u021biile locale la evenimentele moderne.\" \/>\n<meta property=\"og:url\" content=\"https:\/\/idays.ro\/blog\/revelion-2026-in-romania-unde-se-fac-cele-mai-tari-petreceri-2\/\" \/>\n<meta property=\"og:site_name\" content=\"IDAYS.RO BLOG\" \/>\n<meta property=\"article:published_time\" content=\"2025-12-10T22:27:27+00:00\" \/>\n<meta property=\"og:image\" content=\"https:\/\/idays.ro\/blog\/wp-content\/uploads\/2025\/11\/690df3059818d-car-road-mountains-surrounded-bt-fir-trees-covered-by-snow-min.jpg\" \/>\n\t<meta property=\"og:image:width\" content=\"1900\" \/>\n\t<meta property=\"og:image:height\" content=\"1269\" \/>\n\t<meta property=\"og:image:type\" content=\"image\/jpeg\" \/>\n<meta name=\"author\" content=\"liviu.andrei\" \/>\n<meta name=\"twitter:card\" content=\"summary_large_image\" \/>\n<meta name=\"twitter:label1\" content=\"Scris de\" \/>\n\t<meta name=\"twitter:data1\" content=\"liviu.andrei\" \/>\n\t<meta name=\"twitter:label2\" content=\"Timp estimat pentru citire\" \/>\n\t<meta name=\"twitter:data2\" content=\"4 minute\" \/>\n<script type=\"application\/ld+json\" class=\"yoast-schema-graph\">{\"@context\":\"https:\/\/schema.org\",\"@graph\":[{\"@type\":\"Article\",\"@id\":\"https:\/\/idays.ro\/blog\/revelion-2026-in-romania-unde-se-fac-cele-mai-tari-petreceri-2\/#article\",\"isPartOf\":{\"@id\":\"https:\/\/idays.ro\/blog\/revelion-2026-in-romania-unde-se-fac-cele-mai-tari-petreceri-2\/\"},\"author\":{\"name\":\"liviu.andrei\",\"@id\":\"https:\/\/idays.ro\/blog\/#\/schema\/person\/8b6552e1384e1ab28b8d3dc230212823\"},\"headline\":\"Revelion 2026 \u00een Rom\u00e2nia: unde se fac cele mai tari petreceri\",\"datePublished\":\"2025-12-10T22:27:27+00:00\",\"mainEntityOfPage\":{\"@id\":\"https:\/\/idays.ro\/blog\/revelion-2026-in-romania-unde-se-fac-cele-mai-tari-petreceri-2\/\"},\"wordCount\":665,\"commentCount\":0,\"image\":{\"@id\":\"https:\/\/idays.ro\/blog\/revelion-2026-in-romania-unde-se-fac-cele-mai-tari-petreceri-2\/#primaryimage\"},\"thumbnailUrl\":\"https:\/\/idays.ro\/blog\/wp-content\/uploads\/2025\/11\/690df3059818d-car-road-mountains-surrounded-bt-fir-trees-covered-by-snow-min.jpg\",\"articleSection\":[\"Traditii locale\"],\"inLanguage\":\"ro-RO\",\"potentialAction\":[{\"@type\":\"CommentAction\",\"name\":\"Comment\",\"target\":[\"https:\/\/idays.ro\/blog\/revelion-2026-in-romania-unde-se-fac-cele-mai-tari-petreceri-2\/#respond\"]}]},{\"@type\":\"WebPage\",\"@id\":\"https:\/\/idays.ro\/blog\/revelion-2026-in-romania-unde-se-fac-cele-mai-tari-petreceri-2\/\",\"url\":\"https:\/\/idays.ro\/blog\/revelion-2026-in-romania-unde-se-fac-cele-mai-tari-petreceri-2\/\",\"name\":\"Revelion 2026 \u00een Rom\u00e2nia: unde se fac cele mai tari petreceri - IDAYS.RO BLOG\",\"isPartOf\":{\"@id\":\"https:\/\/idays.ro\/blog\/#website\"},\"primaryImageOfPage\":{\"@id\":\"https:\/\/idays.ro\/blog\/revelion-2026-in-romania-unde-se-fac-cele-mai-tari-petreceri-2\/#primaryimage\"},\"image\":{\"@id\":\"https:\/\/idays.ro\/blog\/revelion-2026-in-romania-unde-se-fac-cele-mai-tari-petreceri-2\/#primaryimage\"},\"thumbnailUrl\":\"https:\/\/idays.ro\/blog\/wp-content\/uploads\/2025\/11\/690df3059818d-car-road-mountains-surrounded-bt-fir-trees-covered-by-snow-min.jpg\",\"datePublished\":\"2025-12-10T22:27:27+00:00\",\"author\":{\"@id\":\"https:\/\/idays.ro\/blog\/#\/schema\/person\/8b6552e1384e1ab28b8d3dc230212823\"},\"breadcrumb\":{\"@id\":\"https:\/\/idays.ro\/blog\/revelion-2026-in-romania-unde-se-fac-cele-mai-tari-petreceri-2\/#breadcrumb\"},\"inLanguage\":\"ro-RO\",\"potentialAction\":[{\"@type\":\"ReadAction\",\"target\":[\"https:\/\/idays.ro\/blog\/revelion-2026-in-romania-unde-se-fac-cele-mai-tari-petreceri-2\/\"]}]},{\"@type\":\"ImageObject\",\"inLanguage\":\"ro-RO\",\"@id\":\"https:\/\/idays.ro\/blog\/revelion-2026-in-romania-unde-se-fac-cele-mai-tari-petreceri-2\/#primaryimage\",\"url\":\"https:\/\/idays.ro\/blog\/wp-content\/uploads\/2025\/11\/690df3059818d-car-road-mountains-surrounded-bt-fir-trees-covered-by-snow-min.jpg\",\"contentUrl\":\"https:\/\/idays.ro\/blog\/wp-content\/uploads\/2025\/11\/690df3059818d-car-road-mountains-surrounded-bt-fir-trees-covered-by-snow-min.jpg\",\"width\":1900,\"height\":1269},{\"@type\":\"BreadcrumbList\",\"@id\":\"https:\/\/idays.ro\/blog\/revelion-2026-in-romania-unde-se-fac-cele-mai-tari-petreceri-2\/#breadcrumb\",\"itemListElement\":[{\"@type\":\"ListItem\",\"position\":1,\"name\":\"Prima pagin\u0103\",\"item\":\"https:\/\/idays.ro\/blog\/\"},{\"@type\":\"ListItem\",\"position\":2,\"name\":\"Revelion 2026 \u00een Rom\u00e2nia: unde se fac cele mai tari petreceri\"}]},{\"@type\":\"WebSite\",\"@id\":\"https:\/\/idays.ro\/blog\/#website\",\"url\":\"https:\/\/idays.ro\/blog\/\",\"name\":\"IDAYS.RO BLOG\",\"description\":\"\",\"potentialAction\":[{\"@type\":\"SearchAction\",\"target\":{\"@type\":\"EntryPoint\",\"urlTemplate\":\"https:\/\/idays.ro\/blog\/?s={search_term_string}\"},\"query-input\":{\"@type\":\"PropertyValueSpecification\",\"valueRequired\":true,\"valueName\":\"search_term_string\"}}],\"inLanguage\":\"ro-RO\"},{\"@type\":\"Person\",\"@id\":\"https:\/\/idays.ro\/blog\/#\/schema\/person\/8b6552e1384e1ab28b8d3dc230212823\",\"name\":\"liviu.andrei\",\"image\":{\"@type\":\"ImageObject\",\"inLanguage\":\"ro-RO\",\"@id\":\"https:\/\/idays.ro\/blog\/#\/schema\/person\/image\/\",\"url\":\"https:\/\/secure.gravatar.com\/avatar\/b3f7b6799cd9cf49f1e5691003e23e3cdcfee36272b0a7e3863eb32ccb60b91a?s=96&d=mm&r=g\",\"contentUrl\":\"https:\/\/secure.gravatar.com\/avatar\/b3f7b6799cd9cf49f1e5691003e23e3cdcfee36272b0a7e3863eb32ccb60b91a?s=96&d=mm&r=g\",\"caption\":\"liviu.andrei\"},\"sameAs\":[\"https:\/\/idays.ro\/blog\"]}]}<\/script>\n<!-- \/ Yoast SEO plugin. -->","yoast_head_json":{"title":"Revelion 2026 \u00een Rom\u00e2nia: unde se fac cele mai tari petreceri - IDAYS.RO BLOG","robots":{"index":"index","follow":"follow","max-snippet":"max-snippet:-1","max-image-preview":"max-image-preview:large","max-video-preview":"max-video-preview:-1"},"canonical":"https:\/\/idays.ro\/blog\/revelion-2026-in-romania-unde-se-fac-cele-mai-tari-petreceri-2\/","og_locale":"ro_RO","og_type":"article","og_title":"Revelion 2026 \u00een Rom\u00e2nia: unde se fac cele mai tari petreceri - IDAYS.RO BLOG","og_description":"Descoper\u0103 cele mai populare destina\u021bii pentru petrecerile de Revelion din Rom\u00e2nia \u00een 2026, de la tradi\u021biile locale la evenimentele moderne.","og_url":"https:\/\/idays.ro\/blog\/revelion-2026-in-romania-unde-se-fac-cele-mai-tari-petreceri-2\/","og_site_name":"IDAYS.RO BLOG","article_published_time":"2025-12-10T22:27:27+00:00","og_image":[{"width":1900,"height":1269,"url":"https:\/\/idays.ro\/blog\/wp-content\/uploads\/2025\/11\/690df3059818d-car-road-mountains-surrounded-bt-fir-trees-covered-by-snow-min.jpg","type":"image\/jpeg"}],"author":"liviu.andrei","twitter_card":"summary_large_image","twitter_misc":{"Scris de":"liviu.andrei","Timp estimat pentru citire":"4 minute"},"schema":{"@context":"https:\/\/schema.org","@graph":[{"@type":"Article","@id":"https:\/\/idays.ro\/blog\/revelion-2026-in-romania-unde-se-fac-cele-mai-tari-petreceri-2\/#article","isPartOf":{"@id":"https:\/\/idays.ro\/blog\/revelion-2026-in-romania-unde-se-fac-cele-mai-tari-petreceri-2\/"},"author":{"name":"liviu.andrei","@id":"https:\/\/idays.ro\/blog\/#\/schema\/person\/8b6552e1384e1ab28b8d3dc230212823"},"headline":"Revelion 2026 \u00een Rom\u00e2nia: unde se fac cele mai tari petreceri","datePublished":"2025-12-10T22:27:27+00:00","mainEntityOfPage":{"@id":"https:\/\/idays.ro\/blog\/revelion-2026-in-romania-unde-se-fac-cele-mai-tari-petreceri-2\/"},"wordCount":665,"commentCount":0,"image":{"@id":"https:\/\/idays.ro\/blog\/revelion-2026-in-romania-unde-se-fac-cele-mai-tari-petreceri-2\/#primaryimage"},"thumbnailUrl":"https:\/\/idays.ro\/blog\/wp-content\/uploads\/2025\/11\/690df3059818d-car-road-mountains-surrounded-bt-fir-trees-covered-by-snow-min.jpg","articleSection":["Traditii locale"],"inLanguage":"ro-RO","potentialAction":[{"@type":"CommentAction","name":"Comment","target":["https:\/\/idays.ro\/blog\/revelion-2026-in-romania-unde-se-fac-cele-mai-tari-petreceri-2\/#respond"]}]},{"@type":"WebPage","@id":"https:\/\/idays.ro\/blog\/revelion-2026-in-romania-unde-se-fac-cele-mai-tari-petreceri-2\/","url":"https:\/\/idays.ro\/blog\/revelion-2026-in-romania-unde-se-fac-cele-mai-tari-petreceri-2\/","name":"Revelion 2026 \u00een Rom\u00e2nia: unde se fac cele mai tari petreceri - IDAYS.RO BLOG","isPartOf":{"@id":"https:\/\/idays.ro\/blog\/#website"},"primaryImageOfPage":{"@id":"https:\/\/idays.ro\/blog\/revelion-2026-in-romania-unde-se-fac-cele-mai-tari-petreceri-2\/#primaryimage"},"image":{"@id":"https:\/\/idays.ro\/blog\/revelion-2026-in-romania-unde-se-fac-cele-mai-tari-petreceri-2\/#primaryimage"},"thumbnailUrl":"https:\/\/idays.ro\/blog\/wp-content\/uploads\/2025\/11\/690df3059818d-car-road-mountains-surrounded-bt-fir-trees-covered-by-snow-min.jpg","datePublished":"2025-12-10T22:27:27+00:00","author":{"@id":"https:\/\/idays.ro\/blog\/#\/schema\/person\/8b6552e1384e1ab28b8d3dc230212823"},"breadcrumb":{"@id":"https:\/\/idays.ro\/blog\/revelion-2026-in-romania-unde-se-fac-cele-mai-tari-petreceri-2\/#breadcrumb"},"inLanguage":"ro-RO","potentialAction":[{"@type":"ReadAction","target":["https:\/\/idays.ro\/blog\/revelion-2026-in-romania-unde-se-fac-cele-mai-tari-petreceri-2\/"]}]},{"@type":"ImageObject","inLanguage":"ro-RO","@id":"https:\/\/idays.ro\/blog\/revelion-2026-in-romania-unde-se-fac-cele-mai-tari-petreceri-2\/#primaryimage","url":"https:\/\/idays.ro\/blog\/wp-content\/uploads\/2025\/11\/690df3059818d-car-road-mountains-surrounded-bt-fir-trees-covered-by-snow-min.jpg","contentUrl":"https:\/\/idays.ro\/blog\/wp-content\/uploads\/2025\/11\/690df3059818d-car-road-mountains-surrounded-bt-fir-trees-covered-by-snow-min.jpg","width":1900,"height":1269},{"@type":"BreadcrumbList","@id":"https:\/\/idays.ro\/blog\/revelion-2026-in-romania-unde-se-fac-cele-mai-tari-petreceri-2\/#breadcrumb","itemListElement":[{"@type":"ListItem","position":1,"name":"Prima pagin\u0103","item":"https:\/\/idays.ro\/blog\/"},{"@type":"ListItem","position":2,"name":"Revelion 2026 \u00een Rom\u00e2nia: unde se fac cele mai tari petreceri"}]},{"@type":"WebSite","@id":"https:\/\/idays.ro\/blog\/#website","url":"https:\/\/idays.ro\/blog\/","name":"IDAYS.RO BLOG","description":"","potentialAction":[{"@type":"SearchAction","target":{"@type":"EntryPoint","urlTemplate":"https:\/\/idays.ro\/blog\/?s={search_term_string}"},"query-input":{"@type":"PropertyValueSpecification","valueRequired":true,"valueName":"search_term_string"}}],"inLanguage":"ro-RO"},{"@type":"Person","@id":"https:\/\/idays.ro\/blog\/#\/schema\/person\/8b6552e1384e1ab28b8d3dc230212823","name":"liviu.andrei","image":{"@type":"ImageObject","inLanguage":"ro-RO","@id":"https:\/\/idays.ro\/blog\/#\/schema\/person\/image\/","url":"https:\/\/secure.gravatar.com\/avatar\/b3f7b6799cd9cf49f1e5691003e23e3cdcfee36272b0a7e3863eb32ccb60b91a?s=96&d=mm&r=g","contentUrl":"https:\/\/secure.gravatar.com\/avatar\/b3f7b6799cd9cf49f1e5691003e23e3cdcfee36272b0a7e3863eb32ccb60b91a?s=96&d=mm&r=g","caption":"liviu.andrei"},"sameAs":["https:\/\/idays.ro\/blog"]}]}},"_links":{"self":[{"href":"https:\/\/idays.ro\/blog\/wp-json\/wp\/v2\/posts\/1015","targetHints":{"allow":["GET"]}}],"collection":[{"href":"https:\/\/idays.ro\/blog\/wp-json\/wp\/v2\/posts"}],"about":[{"href":"https:\/\/idays.ro\/blog\/wp-json\/wp\/v2\/types\/post"}],"author":[{"embeddable":true,"href":"https:\/\/idays.ro\/blog\/wp-json\/wp\/v2\/users\/1"}],"replies":[{"embeddable":true,"href":"https:\/\/idays.ro\/blog\/wp-json\/wp\/v2\/comments?post=1015"}],"version-history":[{"count":1,"href":"https:\/\/idays.ro\/blog\/wp-json\/wp\/v2\/posts\/1015\/revisions"}],"predecessor-version":[{"id":1033,"href":"https:\/\/idays.ro\/blog\/wp-json\/wp\/v2\/posts\/1015\/revisions\/1033"}],"wp:featuredmedia":[{"embeddable":true,"href":"https:\/\/idays.ro\/blog\/wp-json\/wp\/v2\/media\/988"}],"wp:attachment":[{"href":"https:\/\/idays.ro\/blog\/wp-json\/wp\/v2\/media?parent=1015"}],"wp:term":[{"taxonomy":"category","embeddable":true,"href":"https:\/\/idays.ro\/blog\/wp-json\/wp\/v2\/categories?post=1015"},{"taxonomy":"post_tag","embeddable":true,"href":"https:\/\/idays.ro\/blog\/wp-json\/wp\/v2\/tags?post=1015"}],"curies":[{"name":"wp","href":"https:\/\/api.w.org\/{rel}","templated":true}]}}