{"id":1011,"date":"2025-12-12T00:26:57","date_gmt":"2025-12-11T22:26:57","guid":{"rendered":"https:\/\/idays.ro\/blog\/?p=1011"},"modified":"2025-11-23T00:36:23","modified_gmt":"2025-11-22T22:36:23","slug":"cele-mai-frumoase-trasee-usoare-de-iarna-pentru-decembrie-2025","status":"publish","type":"post","link":"https:\/\/idays.ro\/blog\/cele-mai-frumoase-trasee-usoare-de-iarna-pentru-decembrie-2025\/","title":{"rendered":"Cele mai frumoase trasee u\u0219oare de iarn\u0103 pentru decembrie 2025"},"content":{"rendered":"<p>Iarna aduce cu sine peisaje de vis, iar decembrie 2025 promite s\u0103 fie o lun\u0103 perfect\u0103 pentru a explora natura. Cu z\u0103pad\u0103 proasp\u0103t\u0103 \u0219i aer curat, traseele u\u0219oare devin o alegere excelent\u0103 pentru cei care doresc s\u0103 se bucure de frumuse\u021bea iernii f\u0103r\u0103 a se angaja \u00een drume\u021bii solicitante. Iat\u0103 c\u00e2teva dintre cele mai frumoase trasee u\u0219oare pe care le po\u021bi parcurge \u00een aceast\u0103 iarn\u0103.<\/p>\n<p><strong>Traseul de la Cabana Babele<\/strong><\/p>\n<p>Situat \u00een inima Mun\u021bilor Bucegi, traseul de la Cabana Babele p\u00e2n\u0103 la Vf. Omu este perfect pentru o excursie de o zi. Durata traseului este de aproximativ 2-3 ore, iar peisajele de-a lungul drumului sunt de-a dreptul spectaculoase. Vei putea admira forma\u021biunile st\u00e2ncoase unice \u0219i copacii acoperi\u021bi cu z\u0103pad\u0103. \u00cen plus, la Cabana Babele po\u021bi s\u0103 te bucuri de un ceai cald sau o mas\u0103 cald\u0103, ideal\u0103 dup\u0103 o plimbare \u00een aer liber.<\/p>\n<p><strong>Traseul de la Poiana Bra\u0219ov<\/strong><\/p>\n<p>Un alt traseu u\u0219or \u0219i accesibil este cel din Poiana Bra\u0219ov, care ofer\u0103 o atmosfer\u0103 de poveste \u00een mijlocul naturii. Acest traseu te va duce pe o potec\u0103 bine marcat\u0103, cu vederi impresionante asupra sta\u021biunii \u0219i a p\u0103durilor din jur. Este o op\u021biune excelent\u0103 pentru familii, deoarece nu necesit\u0103 o preg\u0103tire fizic\u0103 deosebit\u0103. Po\u021bi \u00eencheia ziua relax\u00e2ndu-te la una dintre terasele din Poiana Bra\u0219ov, unde po\u021bi savura preparate tradi\u021bionale.<\/p>\n<p><strong>Traseul de la Muntele Ceahl\u0103u<\/strong><\/p>\n<p>Traseul de la Izvorul Muntelui c\u0103tre Cabana Dochia este o alegere minunat\u0103 pentru iubitorii de natur\u0103. Acesta este un traseu de dificultate u\u0219oar\u0103, care poate fi parcurs \u00een aproximativ 2 ore. Pe parcurs, vei \u00eent\u00e2lni peisaje de o frumuse\u021be rar\u0103, cu p\u0103duri de conifere \u0219i st\u00e2nci impresionate de v\u00e2nt. Cabana Dochia este un loc ideal pentru o oprire, unde po\u021bi s\u0103 te bucuri de o b\u0103utur\u0103 cald\u0103 \u0219i s\u0103 te odihne\u0219ti \u00eenainte de a te \u00eentoarce.<\/p>\n<p><strong>Traseul de la Lacul B\u00e2lea<\/strong><\/p>\n<p>Lacul B\u00e2lea, situat \u00een inima F\u0103g\u0103ra\u0219ilor, este o destina\u021bie de iarn\u0103 deosebit\u0103. Traseul de la Lacul B\u00e2lea p\u00e2n\u0103 la Cabana B\u00e2lea este u\u0219or \u0219i accesibil, fiind marcat corespunz\u0103tor pentru a te ghida. Pe parcurs, vei fi \u00eenconjurat de mun\u021bi acoperi\u021bi de z\u0103pad\u0103 \u0219i po\u021bi observa frumuse\u021bea lacului \u00eenghe\u021bat. Este locul ideal pentru a face fotografii de neuitat \u0219i a te bucura de lini\u0219tea iernii.<\/p>\n<p><strong>Traseul de la Rar\u0103u<\/strong><\/p>\n<p>Traseul de la Cabana Rar\u0103u la V\u00e2rful Rar\u0103u este o alegere popular\u0103 pentru cei care doresc s\u0103 se bucure de iarn\u0103 \u00eentr-un mod mai activ, dar f\u0103r\u0103 a depune un efort considerabil. Acest traseu ofer\u0103 vederi panoramice asupra peisajului montan \u0219i este de obicei bine \u00eentre\u021binut pe timpul iernii. La caban\u0103, po\u021bi savura un preparat cald \u0219i te po\u021bi bucura de atmosfera primitoare.<\/p>\n<p><strong>Traseul de la Muntele T\u00e2mpa<\/strong><\/p>\n<p>Pentru o plimbare scurt\u0103 dar plin\u0103 de frumuse\u021be, traseul de pe Muntele T\u00e2mpa din Bra\u0219ov este ideal. Este un traseu de aproximativ 1 or\u0103, care ofer\u0103 o priveli\u0219te spectaculoas\u0103 asupra ora\u0219ului \u0219i a \u00eemprejurimilor. Pe timpul iernii, z\u0103pada transform\u0103 acest loc \u00eentr-un adev\u0103rat t\u0103r\u00e2m de basm. Po\u021bi \u00eencepe ziua cu o plimbare pe acest traseu \u0219i apoi s\u0103 explorezi centrul istoric al Bra\u0219ovului.<\/p>\n<p>\u00cen concluzie, decembrie 2025 ofer\u0103 oportunit\u0103\u021bi unice de a explora cele mai frumoase trasee de iarn\u0103. Indiferent de alegerea ta, asigur\u0103-te c\u0103 te echipezi corespunz\u0103tor \u0219i c\u0103 te bucuri de fiecare moment petrecut \u00een natur\u0103. Iarna este o perioad\u0103 magic\u0103, iar aceste trasee u\u0219oare sunt perfecte pentru a te reconecta cu natura \u0219i a crea amintiri de neuitat al\u0103turi de cei dragi.<\/p>\n","protected":false},"excerpt":{"rendered":"<p>Descoper\u0103 cele mai pitore\u0219ti trasee de iarn\u0103 care te vor \u00eenc\u00e2nta \u00een decembrie 2025. Aceste rute sunt ideale pentru plimb\u0103ri relaxante \u00een natur\u0103, oferind peisaje spectaculoase \u0219i momente de neuitat.<\/p>\n","protected":false},"author":1,"featured_media":1012,"comment_status":"open","ping_status":"open","sticky":false,"template":"","format":"standard","meta":{"footnotes":""},"categories":[5],"tags":[],"class_list":{"0":"post-1011","1":"post","2":"type-post","3":"status-publish","4":"format-standard","5":"has-post-thumbnail","7":"category-timp-liber"},"yoast_head":"<!-- This site is optimized with the Yoast SEO plugin v26.9 - https:\/\/yoast.com\/product\/yoast-seo-wordpress\/ -->\n<title>Cele mai frumoase trasee u\u0219oare de iarn\u0103 pentru decembrie 2025 - IDAYS.RO BLOG<\/title>\n<meta name=\"robots\" content=\"index, follow, max-snippet:-1, max-image-preview:large, max-video-preview:-1\" \/>\n<link rel=\"canonical\" href=\"https:\/\/idays.ro\/blog\/cele-mai-frumoase-trasee-usoare-de-iarna-pentru-decembrie-2025\/\" \/>\n<meta property=\"og:locale\" content=\"ro_RO\" \/>\n<meta property=\"og:type\" content=\"article\" \/>\n<meta property=\"og:title\" content=\"Cele mai frumoase trasee u\u0219oare de iarn\u0103 pentru decembrie 2025 - IDAYS.RO BLOG\" \/>\n<meta property=\"og:description\" content=\"Descoper\u0103 cele mai pitore\u0219ti trasee de iarn\u0103 care te vor \u00eenc\u00e2nta \u00een decembrie 2025. Aceste rute sunt ideale pentru plimb\u0103ri relaxante \u00een natur\u0103, oferind peisaje spectaculoase \u0219i momente de neuitat.\" \/>\n<meta property=\"og:url\" content=\"https:\/\/idays.ro\/blog\/cele-mai-frumoase-trasee-usoare-de-iarna-pentru-decembrie-2025\/\" \/>\n<meta property=\"og:site_name\" content=\"IDAYS.RO BLOG\" \/>\n<meta property=\"article:published_time\" content=\"2025-12-11T22:26:57+00:00\" \/>\n<meta property=\"og:image\" content=\"https:\/\/idays.ro\/blog\/wp-content\/uploads\/2025\/11\/692238b1c90d6-friends-going-hiking-winter-min.jpg\" \/>\n\t<meta property=\"og:image:width\" content=\"1900\" \/>\n\t<meta property=\"og:image:height\" content=\"1267\" \/>\n\t<meta property=\"og:image:type\" content=\"image\/jpeg\" \/>\n<meta name=\"author\" content=\"liviu.andrei\" \/>\n<meta name=\"twitter:card\" content=\"summary_large_image\" \/>\n<meta name=\"twitter:label1\" content=\"Scris de\" \/>\n\t<meta name=\"twitter:data1\" content=\"liviu.andrei\" \/>\n\t<meta name=\"twitter:label2\" content=\"Timp estimat pentru citire\" \/>\n\t<meta name=\"twitter:data2\" content=\"4 minute\" \/>\n<script type=\"application\/ld+json\" class=\"yoast-schema-graph\">{\"@context\":\"https:\/\/schema.org\",\"@graph\":[{\"@type\":\"Article\",\"@id\":\"https:\/\/idays.ro\/blog\/cele-mai-frumoase-trasee-usoare-de-iarna-pentru-decembrie-2025\/#article\",\"isPartOf\":{\"@id\":\"https:\/\/idays.ro\/blog\/cele-mai-frumoase-trasee-usoare-de-iarna-pentru-decembrie-2025\/\"},\"author\":{\"name\":\"liviu.andrei\",\"@id\":\"https:\/\/idays.ro\/blog\/#\/schema\/person\/8b6552e1384e1ab28b8d3dc230212823\"},\"headline\":\"Cele mai frumoase trasee u\u0219oare de iarn\u0103 pentru decembrie 2025\",\"datePublished\":\"2025-12-11T22:26:57+00:00\",\"mainEntityOfPage\":{\"@id\":\"https:\/\/idays.ro\/blog\/cele-mai-frumoase-trasee-usoare-de-iarna-pentru-decembrie-2025\/\"},\"wordCount\":652,\"commentCount\":0,\"image\":{\"@id\":\"https:\/\/idays.ro\/blog\/cele-mai-frumoase-trasee-usoare-de-iarna-pentru-decembrie-2025\/#primaryimage\"},\"thumbnailUrl\":\"https:\/\/idays.ro\/blog\/wp-content\/uploads\/2025\/11\/692238b1c90d6-friends-going-hiking-winter-min.jpg\",\"articleSection\":[\"Timp liber\"],\"inLanguage\":\"ro-RO\",\"potentialAction\":[{\"@type\":\"CommentAction\",\"name\":\"Comment\",\"target\":[\"https:\/\/idays.ro\/blog\/cele-mai-frumoase-trasee-usoare-de-iarna-pentru-decembrie-2025\/#respond\"]}]},{\"@type\":\"WebPage\",\"@id\":\"https:\/\/idays.ro\/blog\/cele-mai-frumoase-trasee-usoare-de-iarna-pentru-decembrie-2025\/\",\"url\":\"https:\/\/idays.ro\/blog\/cele-mai-frumoase-trasee-usoare-de-iarna-pentru-decembrie-2025\/\",\"name\":\"Cele mai frumoase trasee u\u0219oare de iarn\u0103 pentru decembrie 2025 - IDAYS.RO BLOG\",\"isPartOf\":{\"@id\":\"https:\/\/idays.ro\/blog\/#website\"},\"primaryImageOfPage\":{\"@id\":\"https:\/\/idays.ro\/blog\/cele-mai-frumoase-trasee-usoare-de-iarna-pentru-decembrie-2025\/#primaryimage\"},\"image\":{\"@id\":\"https:\/\/idays.ro\/blog\/cele-mai-frumoase-trasee-usoare-de-iarna-pentru-decembrie-2025\/#primaryimage\"},\"thumbnailUrl\":\"https:\/\/idays.ro\/blog\/wp-content\/uploads\/2025\/11\/692238b1c90d6-friends-going-hiking-winter-min.jpg\",\"datePublished\":\"2025-12-11T22:26:57+00:00\",\"author\":{\"@id\":\"https:\/\/idays.ro\/blog\/#\/schema\/person\/8b6552e1384e1ab28b8d3dc230212823\"},\"breadcrumb\":{\"@id\":\"https:\/\/idays.ro\/blog\/cele-mai-frumoase-trasee-usoare-de-iarna-pentru-decembrie-2025\/#breadcrumb\"},\"inLanguage\":\"ro-RO\",\"potentialAction\":[{\"@type\":\"ReadAction\",\"target\":[\"https:\/\/idays.ro\/blog\/cele-mai-frumoase-trasee-usoare-de-iarna-pentru-decembrie-2025\/\"]}]},{\"@type\":\"ImageObject\",\"inLanguage\":\"ro-RO\",\"@id\":\"https:\/\/idays.ro\/blog\/cele-mai-frumoase-trasee-usoare-de-iarna-pentru-decembrie-2025\/#primaryimage\",\"url\":\"https:\/\/idays.ro\/blog\/wp-content\/uploads\/2025\/11\/692238b1c90d6-friends-going-hiking-winter-min.jpg\",\"contentUrl\":\"https:\/\/idays.ro\/blog\/wp-content\/uploads\/2025\/11\/692238b1c90d6-friends-going-hiking-winter-min.jpg\",\"width\":1900,\"height\":1267},{\"@type\":\"BreadcrumbList\",\"@id\":\"https:\/\/idays.ro\/blog\/cele-mai-frumoase-trasee-usoare-de-iarna-pentru-decembrie-2025\/#breadcrumb\",\"itemListElement\":[{\"@type\":\"ListItem\",\"position\":1,\"name\":\"Prima pagin\u0103\",\"item\":\"https:\/\/idays.ro\/blog\/\"},{\"@type\":\"ListItem\",\"position\":2,\"name\":\"Cele mai frumoase trasee u\u0219oare de iarn\u0103 pentru decembrie 2025\"}]},{\"@type\":\"WebSite\",\"@id\":\"https:\/\/idays.ro\/blog\/#website\",\"url\":\"https:\/\/idays.ro\/blog\/\",\"name\":\"IDAYS.RO BLOG\",\"description\":\"\",\"potentialAction\":[{\"@type\":\"SearchAction\",\"target\":{\"@type\":\"EntryPoint\",\"urlTemplate\":\"https:\/\/idays.ro\/blog\/?s={search_term_string}\"},\"query-input\":{\"@type\":\"PropertyValueSpecification\",\"valueRequired\":true,\"valueName\":\"search_term_string\"}}],\"inLanguage\":\"ro-RO\"},{\"@type\":\"Person\",\"@id\":\"https:\/\/idays.ro\/blog\/#\/schema\/person\/8b6552e1384e1ab28b8d3dc230212823\",\"name\":\"liviu.andrei\",\"image\":{\"@type\":\"ImageObject\",\"inLanguage\":\"ro-RO\",\"@id\":\"https:\/\/idays.ro\/blog\/#\/schema\/person\/image\/\",\"url\":\"https:\/\/secure.gravatar.com\/avatar\/b3f7b6799cd9cf49f1e5691003e23e3cdcfee36272b0a7e3863eb32ccb60b91a?s=96&d=mm&r=g\",\"contentUrl\":\"https:\/\/secure.gravatar.com\/avatar\/b3f7b6799cd9cf49f1e5691003e23e3cdcfee36272b0a7e3863eb32ccb60b91a?s=96&d=mm&r=g\",\"caption\":\"liviu.andrei\"},\"sameAs\":[\"https:\/\/idays.ro\/blog\"]}]}<\/script>\n<!-- \/ Yoast SEO plugin. -->","yoast_head_json":{"title":"Cele mai frumoase trasee u\u0219oare de iarn\u0103 pentru decembrie 2025 - IDAYS.RO BLOG","robots":{"index":"index","follow":"follow","max-snippet":"max-snippet:-1","max-image-preview":"max-image-preview:large","max-video-preview":"max-video-preview:-1"},"canonical":"https:\/\/idays.ro\/blog\/cele-mai-frumoase-trasee-usoare-de-iarna-pentru-decembrie-2025\/","og_locale":"ro_RO","og_type":"article","og_title":"Cele mai frumoase trasee u\u0219oare de iarn\u0103 pentru decembrie 2025 - IDAYS.RO BLOG","og_description":"Descoper\u0103 cele mai pitore\u0219ti trasee de iarn\u0103 care te vor \u00eenc\u00e2nta \u00een decembrie 2025. Aceste rute sunt ideale pentru plimb\u0103ri relaxante \u00een natur\u0103, oferind peisaje spectaculoase \u0219i momente de neuitat.","og_url":"https:\/\/idays.ro\/blog\/cele-mai-frumoase-trasee-usoare-de-iarna-pentru-decembrie-2025\/","og_site_name":"IDAYS.RO BLOG","article_published_time":"2025-12-11T22:26:57+00:00","og_image":[{"width":1900,"height":1267,"url":"https:\/\/idays.ro\/blog\/wp-content\/uploads\/2025\/11\/692238b1c90d6-friends-going-hiking-winter-min.jpg","type":"image\/jpeg"}],"author":"liviu.andrei","twitter_card":"summary_large_image","twitter_misc":{"Scris de":"liviu.andrei","Timp estimat pentru citire":"4 minute"},"schema":{"@context":"https:\/\/schema.org","@graph":[{"@type":"Article","@id":"https:\/\/idays.ro\/blog\/cele-mai-frumoase-trasee-usoare-de-iarna-pentru-decembrie-2025\/#article","isPartOf":{"@id":"https:\/\/idays.ro\/blog\/cele-mai-frumoase-trasee-usoare-de-iarna-pentru-decembrie-2025\/"},"author":{"name":"liviu.andrei","@id":"https:\/\/idays.ro\/blog\/#\/schema\/person\/8b6552e1384e1ab28b8d3dc230212823"},"headline":"Cele mai frumoase trasee u\u0219oare de iarn\u0103 pentru decembrie 2025","datePublished":"2025-12-11T22:26:57+00:00","mainEntityOfPage":{"@id":"https:\/\/idays.ro\/blog\/cele-mai-frumoase-trasee-usoare-de-iarna-pentru-decembrie-2025\/"},"wordCount":652,"commentCount":0,"image":{"@id":"https:\/\/idays.ro\/blog\/cele-mai-frumoase-trasee-usoare-de-iarna-pentru-decembrie-2025\/#primaryimage"},"thumbnailUrl":"https:\/\/idays.ro\/blog\/wp-content\/uploads\/2025\/11\/692238b1c90d6-friends-going-hiking-winter-min.jpg","articleSection":["Timp liber"],"inLanguage":"ro-RO","potentialAction":[{"@type":"CommentAction","name":"Comment","target":["https:\/\/idays.ro\/blog\/cele-mai-frumoase-trasee-usoare-de-iarna-pentru-decembrie-2025\/#respond"]}]},{"@type":"WebPage","@id":"https:\/\/idays.ro\/blog\/cele-mai-frumoase-trasee-usoare-de-iarna-pentru-decembrie-2025\/","url":"https:\/\/idays.ro\/blog\/cele-mai-frumoase-trasee-usoare-de-iarna-pentru-decembrie-2025\/","name":"Cele mai frumoase trasee u\u0219oare de iarn\u0103 pentru decembrie 2025 - IDAYS.RO BLOG","isPartOf":{"@id":"https:\/\/idays.ro\/blog\/#website"},"primaryImageOfPage":{"@id":"https:\/\/idays.ro\/blog\/cele-mai-frumoase-trasee-usoare-de-iarna-pentru-decembrie-2025\/#primaryimage"},"image":{"@id":"https:\/\/idays.ro\/blog\/cele-mai-frumoase-trasee-usoare-de-iarna-pentru-decembrie-2025\/#primaryimage"},"thumbnailUrl":"https:\/\/idays.ro\/blog\/wp-content\/uploads\/2025\/11\/692238b1c90d6-friends-going-hiking-winter-min.jpg","datePublished":"2025-12-11T22:26:57+00:00","author":{"@id":"https:\/\/idays.ro\/blog\/#\/schema\/person\/8b6552e1384e1ab28b8d3dc230212823"},"breadcrumb":{"@id":"https:\/\/idays.ro\/blog\/cele-mai-frumoase-trasee-usoare-de-iarna-pentru-decembrie-2025\/#breadcrumb"},"inLanguage":"ro-RO","potentialAction":[{"@type":"ReadAction","target":["https:\/\/idays.ro\/blog\/cele-mai-frumoase-trasee-usoare-de-iarna-pentru-decembrie-2025\/"]}]},{"@type":"ImageObject","inLanguage":"ro-RO","@id":"https:\/\/idays.ro\/blog\/cele-mai-frumoase-trasee-usoare-de-iarna-pentru-decembrie-2025\/#primaryimage","url":"https:\/\/idays.ro\/blog\/wp-content\/uploads\/2025\/11\/692238b1c90d6-friends-going-hiking-winter-min.jpg","contentUrl":"https:\/\/idays.ro\/blog\/wp-content\/uploads\/2025\/11\/692238b1c90d6-friends-going-hiking-winter-min.jpg","width":1900,"height":1267},{"@type":"BreadcrumbList","@id":"https:\/\/idays.ro\/blog\/cele-mai-frumoase-trasee-usoare-de-iarna-pentru-decembrie-2025\/#breadcrumb","itemListElement":[{"@type":"ListItem","position":1,"name":"Prima pagin\u0103","item":"https:\/\/idays.ro\/blog\/"},{"@type":"ListItem","position":2,"name":"Cele mai frumoase trasee u\u0219oare de iarn\u0103 pentru decembrie 2025"}]},{"@type":"WebSite","@id":"https:\/\/idays.ro\/blog\/#website","url":"https:\/\/idays.ro\/blog\/","name":"IDAYS.RO BLOG","description":"","potentialAction":[{"@type":"SearchAction","target":{"@type":"EntryPoint","urlTemplate":"https:\/\/idays.ro\/blog\/?s={search_term_string}"},"query-input":{"@type":"PropertyValueSpecification","valueRequired":true,"valueName":"search_term_string"}}],"inLanguage":"ro-RO"},{"@type":"Person","@id":"https:\/\/idays.ro\/blog\/#\/schema\/person\/8b6552e1384e1ab28b8d3dc230212823","name":"liviu.andrei","image":{"@type":"ImageObject","inLanguage":"ro-RO","@id":"https:\/\/idays.ro\/blog\/#\/schema\/person\/image\/","url":"https:\/\/secure.gravatar.com\/avatar\/b3f7b6799cd9cf49f1e5691003e23e3cdcfee36272b0a7e3863eb32ccb60b91a?s=96&d=mm&r=g","contentUrl":"https:\/\/secure.gravatar.com\/avatar\/b3f7b6799cd9cf49f1e5691003e23e3cdcfee36272b0a7e3863eb32ccb60b91a?s=96&d=mm&r=g","caption":"liviu.andrei"},"sameAs":["https:\/\/idays.ro\/blog"]}]}},"_links":{"self":[{"href":"https:\/\/idays.ro\/blog\/wp-json\/wp\/v2\/posts\/1011","targetHints":{"allow":["GET"]}}],"collection":[{"href":"https:\/\/idays.ro\/blog\/wp-json\/wp\/v2\/posts"}],"about":[{"href":"https:\/\/idays.ro\/blog\/wp-json\/wp\/v2\/types\/post"}],"author":[{"embeddable":true,"href":"https:\/\/idays.ro\/blog\/wp-json\/wp\/v2\/users\/1"}],"replies":[{"embeddable":true,"href":"https:\/\/idays.ro\/blog\/wp-json\/wp\/v2\/comments?post=1011"}],"version-history":[{"count":1,"href":"https:\/\/idays.ro\/blog\/wp-json\/wp\/v2\/posts\/1011\/revisions"}],"predecessor-version":[{"id":1034,"href":"https:\/\/idays.ro\/blog\/wp-json\/wp\/v2\/posts\/1011\/revisions\/1034"}],"wp:featuredmedia":[{"embeddable":true,"href":"https:\/\/idays.ro\/blog\/wp-json\/wp\/v2\/media\/1012"}],"wp:attachment":[{"href":"https:\/\/idays.ro\/blog\/wp-json\/wp\/v2\/media?parent=1011"}],"wp:term":[{"taxonomy":"category","embeddable":true,"href":"https:\/\/idays.ro\/blog\/wp-json\/wp\/v2\/categories?post=1011"},{"taxonomy":"post_tag","embeddable":true,"href":"https:\/\/idays.ro\/blog\/wp-json\/wp\/v2\/tags?post=1011"}],"curies":[{"name":"wp","href":"https:\/\/api.w.org\/{rel}","templated":true}]}}