{"id":1002,"date":"2025-11-28T00:22:13","date_gmt":"2025-11-27T22:22:13","guid":{"rendered":"https:\/\/idays.ro\/blog\/?p=1002"},"modified":"2025-11-23T00:24:47","modified_gmt":"2025-11-22T22:24:47","slug":"top-cabane-cu-atmosfera-de-craciun-pentru-o-escapada-rapida-in-decembrie-2025","status":"publish","type":"post","link":"https:\/\/idays.ro\/blog\/top-cabane-cu-atmosfera-de-craciun-pentru-o-escapada-rapida-in-decembrie-2025\/","title":{"rendered":"Top cabane cu atmosfer\u0103 de Cr\u0103ciun pentru o escapad\u0103 rapid\u0103 \u00een decembrie 2025"},"content":{"rendered":"<p>Decembrie este luna magie, iar Cr\u0103ciunul este s\u0103rb\u0103toarea care reune\u0219te familii \u0219i prieteni. Dac\u0103 vrei s\u0103 te bucuri de spiritul s\u0103rb\u0103torilor \u00eentr-un cadru de poveste, o escapad\u0103 la o caban\u0103 poate fi solu\u021bia ideal\u0103. Rom\u00e2nia ofer\u0103 numeroase op\u021biuni care \u00eembin\u0103 confortul modern cu atmosfera tradi\u021bional\u0103. Iat\u0103 c\u00e2teva dintre cele mai frumoase cabane unde po\u021bi petrece Cr\u0103ciunul \u00een 2025.<\/p>\n<p><strong>Cabana Moeciu de Sus<\/strong><\/p>\n<p>Aflat\u0103 \u00een inima Mun\u021bilor Bucegi, Cabana Moeciu de Sus este locul perfect pentru cei care doresc s\u0103 se bucure de natura s\u0103lbatic\u0103 \u0219i de peisaje de vis. Cabana dispune de camere confortabile, iar din feronerie se poate observa cum iarna transform\u0103 peisajul \u00eentr-un t\u0103r\u00e2m de basm. De Cr\u0103ciun, cabana organizeaz\u0103 un mic t\u00e2rg local, unde po\u021bi g\u0103si produse tradi\u021bionale \u0219i decora\u021biuni de s\u0103rb\u0103toare. De asemenea, po\u021bi savura preparate specifice sezonului, cum ar fi cozonacul \u0219i sarmalele, preg\u0103tite de gazde.<\/p>\n<p><strong>Cabana R\u0103chi\u021bele<\/strong><\/p>\n<p>Situat\u0103 \u00een jude\u021bul Cluj, Cabana R\u0103chi\u021bele ofer\u0103 o experien\u021b\u0103 autentic\u0103 de Cr\u0103ciun, \u00eenconjurat\u0103 de p\u0103duri de brad \u0219i peisaje montane. Cabana este dotat\u0103 cu toate facilit\u0103\u021bile necesare, iar atmosfera cald\u0103 \u0219i primitoare te va face s\u0103 te sim\u021bi ca acas\u0103. De Cr\u0103ciun, se organizeaz\u0103 activit\u0103\u021bi pentru \u00eentreaga familie, de la ateliere de crea\u021bie pentru copii, p\u00e2n\u0103 la plimb\u0103ri cu sania tras\u0103 de cai. \u00cen plus, po\u021bi participa la colindele tradi\u021bionale care r\u0103sun\u0103 \u00een seara de Ajun.<\/p>\n<p><strong>Cabana Poiana Bra\u0219ov<\/strong><\/p>\n<p>Poiana Bra\u0219ov este renumit\u0103 pentru p\u00e2rtiile sale de schi, dar \u0219i pentru atmosfera de s\u0103rb\u0103toare care te \u00eenv\u0103luie \u00een luna decembrie. Cabana din Poiana Bra\u0219ov ofer\u0103 o priveli\u0219te spectaculoas\u0103 asupra mun\u021bilor \u0219i este locul ideal pentru o escapad\u0103 de Cr\u0103ciun. Aici, po\u021bi s\u0103 te bucuri de sporturi de iarn\u0103, dar \u0219i de un mic dejun copios \u0219i de serile petrecute \u00een jurul \u0219emineului, savur\u00e2nd un vin fiert aromat. De asemenea, \u00een apropiere se organizeaz\u0103 t\u00e2rguri de Cr\u0103ciun unde po\u021bi cump\u0103ra cadouri unice.<\/p>\n<p><strong>Cabana Gura Humorului<\/strong><\/p>\n<p>\u00cen inima Bucovinei, Cabana Gura Humorului te \u00eent\u00e2mpin\u0103 cu tradi\u021bii \u0219i obiceiuri specifice acestei zone. Cabana este ideal\u0103 pentru familii, deoarece dispune de camere spa\u021bioase \u0219i o zon\u0103 de recreere pentru copii. \u00cen perioada s\u0103rb\u0103torilor, gazdele organizeaz\u0103 petreceri cu muzic\u0103 popular\u0103 \u0219i preparate tradi\u021bionale, iar copiii se vor bucura de \u00eent\u00e2lniri cu Mo\u0219 Cr\u0103ciun. De asemenea, po\u021bi explora zona \u0219i vizita m\u0103n\u0103stirile din apropiere, care sunt decorate special pentru Cr\u0103ciun.<\/p>\n<p><strong>Cabana Fundata<\/strong><\/p>\n<p>Cabana Fundata se afl\u0103 la o altitudine de 1.400 m \u0219i ofer\u0103 o priveli\u0219te deosebit\u0103 asupra peisajului montan. Atmosfera de Cr\u0103ciun aici este una de neuitat, cu z\u0103pad\u0103 proasp\u0103t\u0103 \u0219i aer curat. Cabana dispune de un restaurant unde po\u021bi savura preparate tradi\u021bionale, iar \u00een fiecare sear\u0103, gazdele organizeaz\u0103 seri de jocuri \u0219i distrac\u021bie pentru to\u021bi oaspe\u021bii. De asemenea, po\u021bi face drume\u021bii \u00een zon\u0103 \u0219i te po\u021bi bucura de frumuse\u021bea naturii \u00eenconjur\u0103toare.<\/p>\n<p>\u00cen concluzie, dac\u0103 \u00ee\u021bi dore\u0219ti o escapad\u0103 de Cr\u0103ciun \u00een 2025, aceste cabane din Rom\u00e2nia \u00ee\u021bi ofer\u0103 o atmosfer\u0103 cald\u0103 \u0219i primitoare, plin\u0103 de tradi\u021bie \u0219i magie. Fie c\u0103 alegi s\u0103 te bucuri de peisajele montane, de preparatele tradi\u021bionale sau de activit\u0103\u021bile organizate, fiecare dintre aceste loca\u021bii promite o experien\u021b\u0103 de neuitat. Planific\u0103-\u021bi din timp vacan\u021ba \u0219i asigur\u0103-te c\u0103 nu ratezi ocazia de a tr\u0103i spiritul Cr\u0103ciunului \u00eentr-un cadru idilic.<\/p>\n","protected":false},"excerpt":{"rendered":"<p>Descoper\u0103 cele mai fermec\u0103toare cabane din Rom\u00e2nia, perfecte pentru o escapad\u0103 de Cr\u0103ciun \u00een 2025. Afl\u0103 ce ofer\u0103 fiecare loca\u021bie \u0219i de ce ar trebui s\u0103 le iei \u00een considerare pentru un sejur de neuitat.<\/p>\n","protected":false},"author":1,"featured_media":1004,"comment_status":"open","ping_status":"open","sticky":false,"template":"","format":"standard","meta":{"footnotes":""},"categories":[5],"tags":[],"class_list":{"0":"post-1002","1":"post","2":"type-post","3":"status-publish","4":"format-standard","5":"has-post-thumbnail","7":"category-timp-liber"},"yoast_head":"<!-- This site is optimized with the Yoast SEO plugin v26.9 - https:\/\/yoast.com\/product\/yoast-seo-wordpress\/ -->\n<title>Top cabane cu atmosfer\u0103 de Cr\u0103ciun pentru o escapad\u0103 rapid\u0103 \u00een decembrie 2025 - IDAYS.RO BLOG<\/title>\n<meta name=\"robots\" content=\"index, follow, max-snippet:-1, max-image-preview:large, max-video-preview:-1\" \/>\n<link rel=\"canonical\" href=\"https:\/\/idays.ro\/blog\/top-cabane-cu-atmosfera-de-craciun-pentru-o-escapada-rapida-in-decembrie-2025\/\" \/>\n<meta property=\"og:locale\" content=\"ro_RO\" \/>\n<meta property=\"og:type\" content=\"article\" \/>\n<meta property=\"og:title\" content=\"Top cabane cu atmosfer\u0103 de Cr\u0103ciun pentru o escapad\u0103 rapid\u0103 \u00een decembrie 2025 - IDAYS.RO BLOG\" \/>\n<meta property=\"og:description\" content=\"Descoper\u0103 cele mai fermec\u0103toare cabane din Rom\u00e2nia, perfecte pentru o escapad\u0103 de Cr\u0103ciun \u00een 2025. Afl\u0103 ce ofer\u0103 fiecare loca\u021bie \u0219i de ce ar trebui s\u0103 le iei \u00een considerare pentru un sejur de neuitat.\" \/>\n<meta property=\"og:url\" content=\"https:\/\/idays.ro\/blog\/top-cabane-cu-atmosfera-de-craciun-pentru-o-escapada-rapida-in-decembrie-2025\/\" \/>\n<meta property=\"og:site_name\" content=\"IDAYS.RO BLOG\" \/>\n<meta property=\"article:published_time\" content=\"2025-11-27T22:22:13+00:00\" \/>\n<meta property=\"og:image\" content=\"https:\/\/idays.ro\/blog\/wp-content\/uploads\/2025\/11\/cabana-zapada-min.jpg\" \/>\n\t<meta property=\"og:image:width\" content=\"1900\" \/>\n\t<meta property=\"og:image:height\" content=\"1268\" \/>\n\t<meta property=\"og:image:type\" content=\"image\/jpeg\" \/>\n<meta name=\"author\" content=\"liviu.andrei\" \/>\n<meta name=\"twitter:card\" content=\"summary_large_image\" \/>\n<meta name=\"twitter:label1\" content=\"Scris de\" \/>\n\t<meta name=\"twitter:data1\" content=\"liviu.andrei\" \/>\n\t<meta name=\"twitter:label2\" content=\"Timp estimat pentru citire\" \/>\n\t<meta name=\"twitter:data2\" content=\"4 minute\" \/>\n<script type=\"application\/ld+json\" class=\"yoast-schema-graph\">{\"@context\":\"https:\/\/schema.org\",\"@graph\":[{\"@type\":\"Article\",\"@id\":\"https:\/\/idays.ro\/blog\/top-cabane-cu-atmosfera-de-craciun-pentru-o-escapada-rapida-in-decembrie-2025\/#article\",\"isPartOf\":{\"@id\":\"https:\/\/idays.ro\/blog\/top-cabane-cu-atmosfera-de-craciun-pentru-o-escapada-rapida-in-decembrie-2025\/\"},\"author\":{\"name\":\"liviu.andrei\",\"@id\":\"https:\/\/idays.ro\/blog\/#\/schema\/person\/8b6552e1384e1ab28b8d3dc230212823\"},\"headline\":\"Top cabane cu atmosfer\u0103 de Cr\u0103ciun pentru o escapad\u0103 rapid\u0103 \u00een decembrie 2025\",\"datePublished\":\"2025-11-27T22:22:13+00:00\",\"mainEntityOfPage\":{\"@id\":\"https:\/\/idays.ro\/blog\/top-cabane-cu-atmosfera-de-craciun-pentru-o-escapada-rapida-in-decembrie-2025\/\"},\"wordCount\":629,\"commentCount\":0,\"image\":{\"@id\":\"https:\/\/idays.ro\/blog\/top-cabane-cu-atmosfera-de-craciun-pentru-o-escapada-rapida-in-decembrie-2025\/#primaryimage\"},\"thumbnailUrl\":\"https:\/\/idays.ro\/blog\/wp-content\/uploads\/2025\/11\/cabana-zapada-min.jpg\",\"articleSection\":[\"Timp liber\"],\"inLanguage\":\"ro-RO\",\"potentialAction\":[{\"@type\":\"CommentAction\",\"name\":\"Comment\",\"target\":[\"https:\/\/idays.ro\/blog\/top-cabane-cu-atmosfera-de-craciun-pentru-o-escapada-rapida-in-decembrie-2025\/#respond\"]}]},{\"@type\":\"WebPage\",\"@id\":\"https:\/\/idays.ro\/blog\/top-cabane-cu-atmosfera-de-craciun-pentru-o-escapada-rapida-in-decembrie-2025\/\",\"url\":\"https:\/\/idays.ro\/blog\/top-cabane-cu-atmosfera-de-craciun-pentru-o-escapada-rapida-in-decembrie-2025\/\",\"name\":\"Top cabane cu atmosfer\u0103 de Cr\u0103ciun pentru o escapad\u0103 rapid\u0103 \u00een decembrie 2025 - IDAYS.RO BLOG\",\"isPartOf\":{\"@id\":\"https:\/\/idays.ro\/blog\/#website\"},\"primaryImageOfPage\":{\"@id\":\"https:\/\/idays.ro\/blog\/top-cabane-cu-atmosfera-de-craciun-pentru-o-escapada-rapida-in-decembrie-2025\/#primaryimage\"},\"image\":{\"@id\":\"https:\/\/idays.ro\/blog\/top-cabane-cu-atmosfera-de-craciun-pentru-o-escapada-rapida-in-decembrie-2025\/#primaryimage\"},\"thumbnailUrl\":\"https:\/\/idays.ro\/blog\/wp-content\/uploads\/2025\/11\/cabana-zapada-min.jpg\",\"datePublished\":\"2025-11-27T22:22:13+00:00\",\"author\":{\"@id\":\"https:\/\/idays.ro\/blog\/#\/schema\/person\/8b6552e1384e1ab28b8d3dc230212823\"},\"breadcrumb\":{\"@id\":\"https:\/\/idays.ro\/blog\/top-cabane-cu-atmosfera-de-craciun-pentru-o-escapada-rapida-in-decembrie-2025\/#breadcrumb\"},\"inLanguage\":\"ro-RO\",\"potentialAction\":[{\"@type\":\"ReadAction\",\"target\":[\"https:\/\/idays.ro\/blog\/top-cabane-cu-atmosfera-de-craciun-pentru-o-escapada-rapida-in-decembrie-2025\/\"]}]},{\"@type\":\"ImageObject\",\"inLanguage\":\"ro-RO\",\"@id\":\"https:\/\/idays.ro\/blog\/top-cabane-cu-atmosfera-de-craciun-pentru-o-escapada-rapida-in-decembrie-2025\/#primaryimage\",\"url\":\"https:\/\/idays.ro\/blog\/wp-content\/uploads\/2025\/11\/cabana-zapada-min.jpg\",\"contentUrl\":\"https:\/\/idays.ro\/blog\/wp-content\/uploads\/2025\/11\/cabana-zapada-min.jpg\",\"width\":1900,\"height\":1268},{\"@type\":\"BreadcrumbList\",\"@id\":\"https:\/\/idays.ro\/blog\/top-cabane-cu-atmosfera-de-craciun-pentru-o-escapada-rapida-in-decembrie-2025\/#breadcrumb\",\"itemListElement\":[{\"@type\":\"ListItem\",\"position\":1,\"name\":\"Prima pagin\u0103\",\"item\":\"https:\/\/idays.ro\/blog\/\"},{\"@type\":\"ListItem\",\"position\":2,\"name\":\"Top cabane cu atmosfer\u0103 de Cr\u0103ciun pentru o escapad\u0103 rapid\u0103 \u00een decembrie 2025\"}]},{\"@type\":\"WebSite\",\"@id\":\"https:\/\/idays.ro\/blog\/#website\",\"url\":\"https:\/\/idays.ro\/blog\/\",\"name\":\"IDAYS.RO BLOG\",\"description\":\"\",\"potentialAction\":[{\"@type\":\"SearchAction\",\"target\":{\"@type\":\"EntryPoint\",\"urlTemplate\":\"https:\/\/idays.ro\/blog\/?s={search_term_string}\"},\"query-input\":{\"@type\":\"PropertyValueSpecification\",\"valueRequired\":true,\"valueName\":\"search_term_string\"}}],\"inLanguage\":\"ro-RO\"},{\"@type\":\"Person\",\"@id\":\"https:\/\/idays.ro\/blog\/#\/schema\/person\/8b6552e1384e1ab28b8d3dc230212823\",\"name\":\"liviu.andrei\",\"image\":{\"@type\":\"ImageObject\",\"inLanguage\":\"ro-RO\",\"@id\":\"https:\/\/idays.ro\/blog\/#\/schema\/person\/image\/\",\"url\":\"https:\/\/secure.gravatar.com\/avatar\/b3f7b6799cd9cf49f1e5691003e23e3cdcfee36272b0a7e3863eb32ccb60b91a?s=96&d=mm&r=g\",\"contentUrl\":\"https:\/\/secure.gravatar.com\/avatar\/b3f7b6799cd9cf49f1e5691003e23e3cdcfee36272b0a7e3863eb32ccb60b91a?s=96&d=mm&r=g\",\"caption\":\"liviu.andrei\"},\"sameAs\":[\"https:\/\/idays.ro\/blog\"]}]}<\/script>\n<!-- \/ Yoast SEO plugin. -->","yoast_head_json":{"title":"Top cabane cu atmosfer\u0103 de Cr\u0103ciun pentru o escapad\u0103 rapid\u0103 \u00een decembrie 2025 - IDAYS.RO BLOG","robots":{"index":"index","follow":"follow","max-snippet":"max-snippet:-1","max-image-preview":"max-image-preview:large","max-video-preview":"max-video-preview:-1"},"canonical":"https:\/\/idays.ro\/blog\/top-cabane-cu-atmosfera-de-craciun-pentru-o-escapada-rapida-in-decembrie-2025\/","og_locale":"ro_RO","og_type":"article","og_title":"Top cabane cu atmosfer\u0103 de Cr\u0103ciun pentru o escapad\u0103 rapid\u0103 \u00een decembrie 2025 - IDAYS.RO BLOG","og_description":"Descoper\u0103 cele mai fermec\u0103toare cabane din Rom\u00e2nia, perfecte pentru o escapad\u0103 de Cr\u0103ciun \u00een 2025. Afl\u0103 ce ofer\u0103 fiecare loca\u021bie \u0219i de ce ar trebui s\u0103 le iei \u00een considerare pentru un sejur de neuitat.","og_url":"https:\/\/idays.ro\/blog\/top-cabane-cu-atmosfera-de-craciun-pentru-o-escapada-rapida-in-decembrie-2025\/","og_site_name":"IDAYS.RO BLOG","article_published_time":"2025-11-27T22:22:13+00:00","og_image":[{"width":1900,"height":1268,"url":"https:\/\/idays.ro\/blog\/wp-content\/uploads\/2025\/11\/cabana-zapada-min.jpg","type":"image\/jpeg"}],"author":"liviu.andrei","twitter_card":"summary_large_image","twitter_misc":{"Scris de":"liviu.andrei","Timp estimat pentru citire":"4 minute"},"schema":{"@context":"https:\/\/schema.org","@graph":[{"@type":"Article","@id":"https:\/\/idays.ro\/blog\/top-cabane-cu-atmosfera-de-craciun-pentru-o-escapada-rapida-in-decembrie-2025\/#article","isPartOf":{"@id":"https:\/\/idays.ro\/blog\/top-cabane-cu-atmosfera-de-craciun-pentru-o-escapada-rapida-in-decembrie-2025\/"},"author":{"name":"liviu.andrei","@id":"https:\/\/idays.ro\/blog\/#\/schema\/person\/8b6552e1384e1ab28b8d3dc230212823"},"headline":"Top cabane cu atmosfer\u0103 de Cr\u0103ciun pentru o escapad\u0103 rapid\u0103 \u00een decembrie 2025","datePublished":"2025-11-27T22:22:13+00:00","mainEntityOfPage":{"@id":"https:\/\/idays.ro\/blog\/top-cabane-cu-atmosfera-de-craciun-pentru-o-escapada-rapida-in-decembrie-2025\/"},"wordCount":629,"commentCount":0,"image":{"@id":"https:\/\/idays.ro\/blog\/top-cabane-cu-atmosfera-de-craciun-pentru-o-escapada-rapida-in-decembrie-2025\/#primaryimage"},"thumbnailUrl":"https:\/\/idays.ro\/blog\/wp-content\/uploads\/2025\/11\/cabana-zapada-min.jpg","articleSection":["Timp liber"],"inLanguage":"ro-RO","potentialAction":[{"@type":"CommentAction","name":"Comment","target":["https:\/\/idays.ro\/blog\/top-cabane-cu-atmosfera-de-craciun-pentru-o-escapada-rapida-in-decembrie-2025\/#respond"]}]},{"@type":"WebPage","@id":"https:\/\/idays.ro\/blog\/top-cabane-cu-atmosfera-de-craciun-pentru-o-escapada-rapida-in-decembrie-2025\/","url":"https:\/\/idays.ro\/blog\/top-cabane-cu-atmosfera-de-craciun-pentru-o-escapada-rapida-in-decembrie-2025\/","name":"Top cabane cu atmosfer\u0103 de Cr\u0103ciun pentru o escapad\u0103 rapid\u0103 \u00een decembrie 2025 - IDAYS.RO BLOG","isPartOf":{"@id":"https:\/\/idays.ro\/blog\/#website"},"primaryImageOfPage":{"@id":"https:\/\/idays.ro\/blog\/top-cabane-cu-atmosfera-de-craciun-pentru-o-escapada-rapida-in-decembrie-2025\/#primaryimage"},"image":{"@id":"https:\/\/idays.ro\/blog\/top-cabane-cu-atmosfera-de-craciun-pentru-o-escapada-rapida-in-decembrie-2025\/#primaryimage"},"thumbnailUrl":"https:\/\/idays.ro\/blog\/wp-content\/uploads\/2025\/11\/cabana-zapada-min.jpg","datePublished":"2025-11-27T22:22:13+00:00","author":{"@id":"https:\/\/idays.ro\/blog\/#\/schema\/person\/8b6552e1384e1ab28b8d3dc230212823"},"breadcrumb":{"@id":"https:\/\/idays.ro\/blog\/top-cabane-cu-atmosfera-de-craciun-pentru-o-escapada-rapida-in-decembrie-2025\/#breadcrumb"},"inLanguage":"ro-RO","potentialAction":[{"@type":"ReadAction","target":["https:\/\/idays.ro\/blog\/top-cabane-cu-atmosfera-de-craciun-pentru-o-escapada-rapida-in-decembrie-2025\/"]}]},{"@type":"ImageObject","inLanguage":"ro-RO","@id":"https:\/\/idays.ro\/blog\/top-cabane-cu-atmosfera-de-craciun-pentru-o-escapada-rapida-in-decembrie-2025\/#primaryimage","url":"https:\/\/idays.ro\/blog\/wp-content\/uploads\/2025\/11\/cabana-zapada-min.jpg","contentUrl":"https:\/\/idays.ro\/blog\/wp-content\/uploads\/2025\/11\/cabana-zapada-min.jpg","width":1900,"height":1268},{"@type":"BreadcrumbList","@id":"https:\/\/idays.ro\/blog\/top-cabane-cu-atmosfera-de-craciun-pentru-o-escapada-rapida-in-decembrie-2025\/#breadcrumb","itemListElement":[{"@type":"ListItem","position":1,"name":"Prima pagin\u0103","item":"https:\/\/idays.ro\/blog\/"},{"@type":"ListItem","position":2,"name":"Top cabane cu atmosfer\u0103 de Cr\u0103ciun pentru o escapad\u0103 rapid\u0103 \u00een decembrie 2025"}]},{"@type":"WebSite","@id":"https:\/\/idays.ro\/blog\/#website","url":"https:\/\/idays.ro\/blog\/","name":"IDAYS.RO BLOG","description":"","potentialAction":[{"@type":"SearchAction","target":{"@type":"EntryPoint","urlTemplate":"https:\/\/idays.ro\/blog\/?s={search_term_string}"},"query-input":{"@type":"PropertyValueSpecification","valueRequired":true,"valueName":"search_term_string"}}],"inLanguage":"ro-RO"},{"@type":"Person","@id":"https:\/\/idays.ro\/blog\/#\/schema\/person\/8b6552e1384e1ab28b8d3dc230212823","name":"liviu.andrei","image":{"@type":"ImageObject","inLanguage":"ro-RO","@id":"https:\/\/idays.ro\/blog\/#\/schema\/person\/image\/","url":"https:\/\/secure.gravatar.com\/avatar\/b3f7b6799cd9cf49f1e5691003e23e3cdcfee36272b0a7e3863eb32ccb60b91a?s=96&d=mm&r=g","contentUrl":"https:\/\/secure.gravatar.com\/avatar\/b3f7b6799cd9cf49f1e5691003e23e3cdcfee36272b0a7e3863eb32ccb60b91a?s=96&d=mm&r=g","caption":"liviu.andrei"},"sameAs":["https:\/\/idays.ro\/blog"]}]}},"_links":{"self":[{"href":"https:\/\/idays.ro\/blog\/wp-json\/wp\/v2\/posts\/1002","targetHints":{"allow":["GET"]}}],"collection":[{"href":"https:\/\/idays.ro\/blog\/wp-json\/wp\/v2\/posts"}],"about":[{"href":"https:\/\/idays.ro\/blog\/wp-json\/wp\/v2\/types\/post"}],"author":[{"embeddable":true,"href":"https:\/\/idays.ro\/blog\/wp-json\/wp\/v2\/users\/1"}],"replies":[{"embeddable":true,"href":"https:\/\/idays.ro\/blog\/wp-json\/wp\/v2\/comments?post=1002"}],"version-history":[{"count":1,"href":"https:\/\/idays.ro\/blog\/wp-json\/wp\/v2\/posts\/1002\/revisions"}],"predecessor-version":[{"id":1005,"href":"https:\/\/idays.ro\/blog\/wp-json\/wp\/v2\/posts\/1002\/revisions\/1005"}],"wp:featuredmedia":[{"embeddable":true,"href":"https:\/\/idays.ro\/blog\/wp-json\/wp\/v2\/media\/1004"}],"wp:attachment":[{"href":"https:\/\/idays.ro\/blog\/wp-json\/wp\/v2\/media?parent=1002"}],"wp:term":[{"taxonomy":"category","embeddable":true,"href":"https:\/\/idays.ro\/blog\/wp-json\/wp\/v2\/categories?post=1002"},{"taxonomy":"post_tag","embeddable":true,"href":"https:\/\/idays.ro\/blog\/wp-json\/wp\/v2\/tags?post=1002"}],"curies":[{"name":"wp","href":"https:\/\/api.w.org\/{rel}","templated":true}]}}